{"id":6430,"date":"2026-04-27T12:38:58","date_gmt":"2026-04-27T10:38:58","guid":{"rendered":"https:\/\/agora.xtec.cat\/ies-castelldelquer-prats\/?p=6430"},"modified":"2026-04-27T12:38:58","modified_gmt":"2026-04-27T10:38:58","slug":"la-segona-republica-a-prats-de-llucanes","status":"publish","type":"post","link":"https:\/\/agora.xtec.cat\/ies-castelldelquer-prats\/general\/la-segona-republica-a-prats-de-llucanes\/","title":{"rendered":"LA SEGONA REP\u00daBLICA A PRATS DE LLU\u00c7AN\u00c8S"},"content":{"rendered":"<p><i><span style=\"font-weight: 400;\">M. Compte<\/span><\/i><\/p>\n<p><span style=\"font-weight: 400;\">\u00a0Coincidint amb l\u2019aniversari de la proclamaci\u00f3 de la Segona Rep\u00fablica, que es va celebrar el 14 d\u2019abril, l\u2019Ajuntament ha acollit l\u2019exposici\u00f3 <\/span><i><span style=\"font-weight: 400;\">La Segona Rep\u00fablica i el municipalisme a Catalunya i a Prats de Llu\u00e7an\u00e8s (1931-1939)<\/span><\/i><span style=\"font-weight: 400;\"> a Ca l\u2019Andreuet.\u00a0<\/span><\/p>\n<p><span style=\"font-weight: 400;\">Aquesta exposici\u00f3, organitzada per la Diputaci\u00f3 de Barcelona, \u00e9s itinerant i passa per diferents municipis de la prov\u00edncia amb l\u2019objectiu de\u00a0 con\u00e8ixer aquest per\u00edode hist\u00f2ric.<\/span><\/p>\n<p><span style=\"font-weight: 400;\">Per a l\u2019ocasi\u00f3, s\u2019hi ha afegit un plaf\u00f3 dedicat a la realitat de Prats de Llu\u00e7an\u00e8s durant aquells anys, elaborat per les historiadores Anna Gorchs i Roser Reixach.<\/span><\/p>\n<p><span style=\"font-weight: 400;\">Com a acte per finalitzar l\u2019estada de l\u2019exposici\u00f3, el 29 d\u2019abril a les 19 h es far\u00e0 una trobada amb aquestes dues historiadores, que explicaran amb m\u00e9s detall el context i els continguts de l\u2019exposici\u00f3.<\/span><\/p>\n<p><span style=\"font-weight: 400;\">\u00a0El passat divendres 24 d\u2019abril els alumnes de 1r de batxillerat, conjuntament amb els els alumnes de 4t d\u2019ESO van\u00a0 visitar aquesta exposici\u00f3, gr\u00e0cies a la qual van poder comprendre\u00a0 m\u00e9s la hist\u00f2ria del poble.<\/span><\/p>\n<p>Des de l\u2019institut, agra\u00efm al departament de Joventut i Cultura de l\u2019Ajuntament de Prats de Llu\u00e7an\u00e8s la seva col\u00b7laboraci\u00f3.<\/p>\n","protected":false},"excerpt":{"rendered":"<p>M. Compte<br \/>\n\u00a0Coincidint amb l\u2019aniversari de la proclamaci\u00f3 de la Segona Rep\u00fablica, que es va celebrar el 14 d\u2019abril, l\u2019Ajuntament ha acollit l\u2019exposici\u00f3 La Segona Rep\u00fablica i el municipalisme a Catalunya i a Prats de Llu\u00e7an\u00e8s (1931-1939) a Ca l\u2019Andreuet.\u00a0<br \/>\nAquesta exposici\u00f3, organitzada per la Diputaci\u00f3 de&hellip;  <a href=\"https:\/\/agora.xtec.cat\/ies-castelldelquer-prats\/general\/la-segona-republica-a-prats-de-llucanes\/\" title=\"Read LA SEGONA REP\u00daBLICA A PRATS DE LLU\u00c7AN\u00c8S\">Llegeix m\u00e9s\u00bb<\/a><\/p>\n","protected":false},"author":1,"featured_media":6431,"comment_status":"closed","ping_status":"open","sticky":false,"template":"","format":"standard","meta":{"_bbp_topic_count":0,"_bbp_reply_count":0,"_bbp_total_topic_count":0,"_bbp_total_reply_count":0,"_bbp_voice_count":0,"_bbp_anonymous_reply_count":0,"_bbp_topic_count_hidden":0,"_bbp_reply_count_hidden":0,"_bbp_forum_subforum_count":0,"footnotes":""},"categories":[126,7,1,29],"tags":[],"class_list":["post-6430","post","type-post","status-publish","format-standard","has-post-thumbnail","hentry","category-1r-bat","category-eso-4","category-general","category-portada"],"post_mailing_queue_ids":[],"_links":{"self":[{"href":"https:\/\/agora.xtec.cat\/ies-castelldelquer-prats\/wp-json\/wp\/v2\/posts\/6430","targetHints":{"allow":["GET"]}}],"collection":[{"href":"https:\/\/agora.xtec.cat\/ies-castelldelquer-prats\/wp-json\/wp\/v2\/posts"}],"about":[{"href":"https:\/\/agora.xtec.cat\/ies-castelldelquer-prats\/wp-json\/wp\/v2\/types\/post"}],"author":[{"embeddable":true,"href":"https:\/\/agora.xtec.cat\/ies-castelldelquer-prats\/wp-json\/wp\/v2\/users\/1"}],"replies":[{"embeddable":true,"href":"https:\/\/agora.xtec.cat\/ies-castelldelquer-prats\/wp-json\/wp\/v2\/comments?post=6430"}],"version-history":[{"count":1,"href":"https:\/\/agora.xtec.cat\/ies-castelldelquer-prats\/wp-json\/wp\/v2\/posts\/6430\/revisions"}],"predecessor-version":[{"id":6432,"href":"https:\/\/agora.xtec.cat\/ies-castelldelquer-prats\/wp-json\/wp\/v2\/posts\/6430\/revisions\/6432"}],"wp:featuredmedia":[{"embeddable":true,"href":"https:\/\/agora.xtec.cat\/ies-castelldelquer-prats\/wp-json\/wp\/v2\/media\/6431"}],"wp:attachment":[{"href":"https:\/\/agora.xtec.cat\/ies-castelldelquer-prats\/wp-json\/wp\/v2\/media?parent=6430"}],"wp:term":[{"taxonomy":"category","embeddable":true,"href":"https:\/\/agora.xtec.cat\/ies-castelldelquer-prats\/wp-json\/wp\/v2\/categories?post=6430"},{"taxonomy":"post_tag","embeddable":true,"href":"https:\/\/agora.xtec.cat\/ies-castelldelquer-prats\/wp-json\/wp\/v2\/tags?post=6430"}],"curies":[{"name":"wp","href":"https:\/\/api.w.org\/{rel}","templated":true}]}}