{"id":6422,"date":"2026-04-27T12:12:58","date_gmt":"2026-04-27T10:12:58","guid":{"rendered":"https:\/\/agora.xtec.cat\/ies-castelldelquer-prats\/?p=6422"},"modified":"2026-04-27T12:12:58","modified_gmt":"2026-04-27T10:12:58","slug":"alumnes-de-primer-deso-encarregats-de-dur-a-terme-lesmorzar-de-sant-jordi","status":"publish","type":"post","link":"https:\/\/agora.xtec.cat\/ies-castelldelquer-prats\/general\/alumnes-de-primer-deso-encarregats-de-dur-a-terme-lesmorzar-de-sant-jordi\/","title":{"rendered":"ALUMNES DE PRIMER D\u2019ESO, ENCARREGATS DE DUR A TERME L\u2019ESMORZAR DE SANT JORDI"},"content":{"rendered":"<p><i><span style=\"font-weight: 400\">Par\u00e9s, M. Pujol, A. Vi\u00f1as, L. Garc\u00e9s, P. Masmitj\u00e0 i E.L\u00f3pez.<\/span><\/i><\/p>\n<p><span style=\"font-weight: 400\">El passat dimarts 7 d\u2019abril, a l\u2019hora de tutoria, varen informar als alumnes de primer que, per Sant Jordi, organitzarien l&#8217;esmorzar. Tot seguit, es varen repartir les tasques que duria a terme cadasc\u00fa, en funci\u00f3 de petits grups<\/span><b>.<\/b><span style=\"font-weight: 400\">\u00a0<\/span><\/p>\n<p><span style=\"font-weight: 400\">Podien escollir entre diferents tasques: dues persones s\u2019encarregarien de passar llista dels alumnes que ja havien recollit el seu esmorzar, una altra s\u2019encarregaria de repartir la coca, tres per servir les begudes, dues m\u00e9s que s\u2019encarreguessin de recollir els diners i els tiquets, i, finalment, tres per deixar-ho tot preparat i net.<\/span><\/p>\n<p><span style=\"font-weight: 400\">Els de la classe A s\u00f3n els que van estar a la parada de 1r i 2n d\u2019ESO, els de la B s\u00f3n els que van estar a 3r i a 4t, i per acabar, els de la C s\u00f3n els que van estar presents a la parada\u00a0 de batxillerat i professors.\u00a0<\/span><\/p>\n<p><span style=\"font-weight: 400\">Els alumnes de primer, van estar molt emocionats perqu\u00e8 \u00e9s una activitat diferent que no havien dut mai a terme.\u00a0<\/span><\/p>\n<p><span style=\"font-weight: 400\">Un cop feta l\u2019activitat, els nois i noies consideren que ser responsables de l\u2019esmorzar de Sant Jordi els ha fet aprendre a organitzar-se\u00a0 i creuen que els pr\u00f2xims anys no s\u2019ha de deixar de fer, perqu\u00e8, a m\u00e9s d\u2019aprendre, \u00e9s una manera de guanyar diners per destinar-los a les col\u00f2nies que faran els nens i nenes de 1r d\u2019ESO a Tarragona aquest juny.<\/span><\/p>\n<p><span style=\"font-weight: 400\">En conclusi\u00f3, creuen que aquest any s\u2019ha organitzat molt b\u00e9 l\u2019esmorzar de Sant Jordi. I els alumnes de 1r han gaudit molt de poder-ho organitzar.\u00a0<\/span><\/p>\n<p>&nbsp;<\/p>\n","protected":false},"excerpt":{"rendered":"<p>Par\u00e9s, M. Pujol, A. Vi\u00f1as, L. Garc\u00e9s, P. Masmitj\u00e0 i E.L\u00f3pez.<br \/>\nEl passat dimarts 7 d\u2019abril, a l\u2019hora de tutoria, varen informar als alumnes de primer que, per Sant Jordi, organitzarien l&#8217;esmorzar. Tot seguit, es varen repartir les tasques que duria a terme cadasc\u00fa, en funci\u00f3&hellip;  <a href=\"https:\/\/agora.xtec.cat\/ies-castelldelquer-prats\/general\/alumnes-de-primer-deso-encarregats-de-dur-a-terme-lesmorzar-de-sant-jordi\/\" title=\"Read ALUMNES DE PRIMER D\u2019ESO, ENCARREGATS DE DUR A TERME L\u2019ESMORZAR DE SANT JORDI\">Llegeix m\u00e9s\u00bb<\/a><\/p>\n","protected":false},"author":7,"featured_media":6424,"comment_status":"closed","ping_status":"open","sticky":false,"template":"","format":"standard","meta":{"_bbp_topic_count":0,"_bbp_reply_count":0,"_bbp_total_topic_count":0,"_bbp_total_reply_count":0,"_bbp_voice_count":0,"_bbp_anonymous_reply_count":0,"_bbp_topic_count_hidden":0,"_bbp_reply_count_hidden":0,"_bbp_forum_subforum_count":0,"footnotes":""},"categories":[1,29],"tags":[],"class_list":["post-6422","post","type-post","status-publish","format-standard","has-post-thumbnail","hentry","category-general","category-portada"],"post_mailing_queue_ids":[],"_links":{"self":[{"href":"https:\/\/agora.xtec.cat\/ies-castelldelquer-prats\/wp-json\/wp\/v2\/posts\/6422","targetHints":{"allow":["GET"]}}],"collection":[{"href":"https:\/\/agora.xtec.cat\/ies-castelldelquer-prats\/wp-json\/wp\/v2\/posts"}],"about":[{"href":"https:\/\/agora.xtec.cat\/ies-castelldelquer-prats\/wp-json\/wp\/v2\/types\/post"}],"author":[{"embeddable":true,"href":"https:\/\/agora.xtec.cat\/ies-castelldelquer-prats\/wp-json\/wp\/v2\/users\/7"}],"replies":[{"embeddable":true,"href":"https:\/\/agora.xtec.cat\/ies-castelldelquer-prats\/wp-json\/wp\/v2\/comments?post=6422"}],"version-history":[{"count":1,"href":"https:\/\/agora.xtec.cat\/ies-castelldelquer-prats\/wp-json\/wp\/v2\/posts\/6422\/revisions"}],"predecessor-version":[{"id":6425,"href":"https:\/\/agora.xtec.cat\/ies-castelldelquer-prats\/wp-json\/wp\/v2\/posts\/6422\/revisions\/6425"}],"wp:featuredmedia":[{"embeddable":true,"href":"https:\/\/agora.xtec.cat\/ies-castelldelquer-prats\/wp-json\/wp\/v2\/media\/6424"}],"wp:attachment":[{"href":"https:\/\/agora.xtec.cat\/ies-castelldelquer-prats\/wp-json\/wp\/v2\/media?parent=6422"}],"wp:term":[{"taxonomy":"category","embeddable":true,"href":"https:\/\/agora.xtec.cat\/ies-castelldelquer-prats\/wp-json\/wp\/v2\/categories?post=6422"},{"taxonomy":"post_tag","embeddable":true,"href":"https:\/\/agora.xtec.cat\/ies-castelldelquer-prats\/wp-json\/wp\/v2\/tags?post=6422"}],"curies":[{"name":"wp","href":"https:\/\/api.w.org\/{rel}","templated":true}]}}