{"id":6321,"date":"2026-03-27T08:41:53","date_gmt":"2026-03-27T07:41:53","guid":{"rendered":"https:\/\/agora.xtec.cat\/ies-castelldelquer-prats\/?p=6321"},"modified":"2026-03-27T08:41:53","modified_gmt":"2026-03-27T07:41:53","slug":"els-alumnes-del-batxillerat-cientific-visiten-la-universitat-de-vic-i-gaudeixen-dun-gran-taller","status":"publish","type":"post","link":"https:\/\/agora.xtec.cat\/ies-castelldelquer-prats\/general\/els-alumnes-del-batxillerat-cientific-visiten-la-universitat-de-vic-i-gaudeixen-dun-gran-taller\/","title":{"rendered":"ELS ALUMNES DEL BATXILLERAT CIENT\u00cdFIC VISITEN LA UNIVERSITAT DE VIC I GAUDEIXEN D\u2019UN GRAN TALLER"},"content":{"rendered":"<p><i><span style=\"font-weight: 400\">O.Rios<\/span><\/i><\/p>\n<p><span style=\"font-weight: 400\">El passat 24 de mar\u00e7, els alumnes del Batxillerat cient\u00edfic van fer una visita a la Universitat i a algunes de les seves facultats relacionades amb aquest \u00e0mbit, per tal que poguessin con\u00e8ixer millor com est\u00e0 organitzada i fer-se una idea de qu\u00e8 s\u2019hi estudia. Despr\u00e9s, varen participar en un taller sobre citologia (l\u2019estudi de les c\u00e8l\u00b7lules) i histologia (l\u2019estudi dels teixits), amb un enfocament tirant m\u00e9s cap a l\u2019\u00e0mbit biom\u00e8dic.<\/span><\/p>\n<p><span style=\"font-weight: 400\">Primer de tot, en arribar, els van fer una visita per la Universitat de Vic. Els van ensenyar diferents facultats com Infermeria, Fisioter\u00e0pia, CAFE, Bioci\u00e8ncies i Nutrici\u00f3 humana i Diet\u00e8tica. Tamb\u00e9, van poder veure algunes aules on es fan simulacions i pr\u00e0ctiques. M\u00e9s tard, com que encara tenien temps, van visitar la facultat d\u2019Educaci\u00f3 Infantil.\u00a0<\/span><\/p>\n<p><span style=\"font-weight: 400\">Seguidament, van realitzar un taller de citologia, on varen preparar una mostra de sang de porc per poder observar els gl\u00f2buls vermells (eritr\u00f2cits), leuc\u00f2cits, entre d\u2019altres components. Un cop van acabar d\u2019observar, varen omplir un dossier que els va proporcionar la Universitat. Quan van acabar la part de citologia, van passar a la d\u2019histologia, on van observar mostres ja preparades de diferents teixits, com el c\u00f2rtex cerebral, l\u2019hipocamp, sang de serp, entre d\u2019altres.<\/span><\/p>\n<p><span style=\"font-weight: 400\">En conclusi\u00f3, els alumnes de primer de batxillerat, valoren molt positivament aquesta excursi\u00f3, ja que va ser una sortida molt din\u00e0mica. Els va agradar especialment, con\u00e8ixer com est\u00e0 estructurada i totes les opcions de carrera que s\u2019hi ofereixen. Pel que fa al taller, els va semblar molt interessant poder veure de qu\u00e8 est\u00e0 formada la sang i distingir-ne els diferents components, aix\u00ed com observar tamb\u00e9 teixits que mai havien vist abans. \u00c9s una activitat que recomanen repetir durant els pr\u00f2xims anys.<\/span><\/p>\n<p>&nbsp;<\/p>\n<p><a href=\"https:\/\/agora.xtec.cat\/ies-castelldelquer-prats\/wp-content\/uploads\/usu2163\/2026\/03\/be2c4eb3-1ad0-4604-b3e1-9dcd0c66b5a8.jpg\"><img loading=\"lazy\" decoding=\"async\" class=\"alignnone  wp-image-6322\" src=\"https:\/\/agora.xtec.cat\/ies-castelldelquer-prats\/wp-content\/uploads\/usu2163\/2026\/03\/be2c4eb3-1ad0-4604-b3e1-9dcd0c66b5a8-1024x472.jpg\" alt=\"\" width=\"744\" height=\"343\" srcset=\"https:\/\/agora.xtec.cat\/ies-castelldelquer-prats\/wp-content\/uploads\/usu2163\/2026\/03\/be2c4eb3-1ad0-4604-b3e1-9dcd0c66b5a8-1024x472.jpg 1024w, https:\/\/agora.xtec.cat\/ies-castelldelquer-prats\/wp-content\/uploads\/usu2163\/2026\/03\/be2c4eb3-1ad0-4604-b3e1-9dcd0c66b5a8-300x138.jpg 300w, https:\/\/agora.xtec.cat\/ies-castelldelquer-prats\/wp-content\/uploads\/usu2163\/2026\/03\/be2c4eb3-1ad0-4604-b3e1-9dcd0c66b5a8-768x354.jpg 768w, https:\/\/agora.xtec.cat\/ies-castelldelquer-prats\/wp-content\/uploads\/usu2163\/2026\/03\/be2c4eb3-1ad0-4604-b3e1-9dcd0c66b5a8-1536x708.jpg 1536w, https:\/\/agora.xtec.cat\/ies-castelldelquer-prats\/wp-content\/uploads\/usu2163\/2026\/03\/be2c4eb3-1ad0-4604-b3e1-9dcd0c66b5a8.jpg 1600w\" sizes=\"auto, (max-width: 744px) 100vw, 744px\" \/><\/a><\/p>\n<p><a href=\"https:\/\/agora.xtec.cat\/ies-castelldelquer-prats\/wp-content\/uploads\/usu2163\/2026\/03\/6f4b406a-48b2-4b5f-91e3-028b5f6fce55.jpg\"><img loading=\"lazy\" decoding=\"async\" class=\"alignnone  wp-image-6323\" src=\"https:\/\/agora.xtec.cat\/ies-castelldelquer-prats\/wp-content\/uploads\/usu2163\/2026\/03\/6f4b406a-48b2-4b5f-91e3-028b5f6fce55-768x1024.jpg\" alt=\"\" width=\"426\" height=\"568\" srcset=\"https:\/\/agora.xtec.cat\/ies-castelldelquer-prats\/wp-content\/uploads\/usu2163\/2026\/03\/6f4b406a-48b2-4b5f-91e3-028b5f6fce55-768x1024.jpg 768w, https:\/\/agora.xtec.cat\/ies-castelldelquer-prats\/wp-content\/uploads\/usu2163\/2026\/03\/6f4b406a-48b2-4b5f-91e3-028b5f6fce55-225x300.jpg 225w, https:\/\/agora.xtec.cat\/ies-castelldelquer-prats\/wp-content\/uploads\/usu2163\/2026\/03\/6f4b406a-48b2-4b5f-91e3-028b5f6fce55-1152x1536.jpg 1152w, https:\/\/agora.xtec.cat\/ies-castelldelquer-prats\/wp-content\/uploads\/usu2163\/2026\/03\/6f4b406a-48b2-4b5f-91e3-028b5f6fce55.jpg 1200w\" sizes=\"auto, (max-width: 426px) 100vw, 426px\" \/><\/a><\/p>\n","protected":false},"excerpt":{"rendered":"<p>O.Rios<br \/>\nEl passat 24 de mar\u00e7, els alumnes del Batxillerat cient\u00edfic van fer una visita a la Universitat i a algunes de les seves facultats relacionades amb aquest \u00e0mbit, per tal que poguessin con\u00e8ixer millor com est\u00e0 organitzada i fer-se una idea de qu\u00e8 s\u2019hi estudia.&hellip;  <a href=\"https:\/\/agora.xtec.cat\/ies-castelldelquer-prats\/general\/els-alumnes-del-batxillerat-cientific-visiten-la-universitat-de-vic-i-gaudeixen-dun-gran-taller\/\" title=\"Read ELS ALUMNES DEL BATXILLERAT CIENT\u00cdFIC VISITEN LA UNIVERSITAT DE VIC I GAUDEIXEN D\u2019UN GRAN TALLER\">Llegeix m\u00e9s\u00bb<\/a><\/p>\n","protected":false},"author":7,"featured_media":6322,"comment_status":"closed","ping_status":"open","sticky":false,"template":"","format":"standard","meta":{"_bbp_topic_count":0,"_bbp_reply_count":0,"_bbp_total_topic_count":0,"_bbp_total_reply_count":0,"_bbp_voice_count":0,"_bbp_anonymous_reply_count":0,"_bbp_topic_count_hidden":0,"_bbp_reply_count_hidden":0,"_bbp_forum_subforum_count":0,"footnotes":""},"categories":[126,1,29],"tags":[],"class_list":["post-6321","post","type-post","status-publish","format-standard","has-post-thumbnail","hentry","category-1r-bat","category-general","category-portada"],"post_mailing_queue_ids":[],"_links":{"self":[{"href":"https:\/\/agora.xtec.cat\/ies-castelldelquer-prats\/wp-json\/wp\/v2\/posts\/6321","targetHints":{"allow":["GET"]}}],"collection":[{"href":"https:\/\/agora.xtec.cat\/ies-castelldelquer-prats\/wp-json\/wp\/v2\/posts"}],"about":[{"href":"https:\/\/agora.xtec.cat\/ies-castelldelquer-prats\/wp-json\/wp\/v2\/types\/post"}],"author":[{"embeddable":true,"href":"https:\/\/agora.xtec.cat\/ies-castelldelquer-prats\/wp-json\/wp\/v2\/users\/7"}],"replies":[{"embeddable":true,"href":"https:\/\/agora.xtec.cat\/ies-castelldelquer-prats\/wp-json\/wp\/v2\/comments?post=6321"}],"version-history":[{"count":1,"href":"https:\/\/agora.xtec.cat\/ies-castelldelquer-prats\/wp-json\/wp\/v2\/posts\/6321\/revisions"}],"predecessor-version":[{"id":6324,"href":"https:\/\/agora.xtec.cat\/ies-castelldelquer-prats\/wp-json\/wp\/v2\/posts\/6321\/revisions\/6324"}],"wp:featuredmedia":[{"embeddable":true,"href":"https:\/\/agora.xtec.cat\/ies-castelldelquer-prats\/wp-json\/wp\/v2\/media\/6322"}],"wp:attachment":[{"href":"https:\/\/agora.xtec.cat\/ies-castelldelquer-prats\/wp-json\/wp\/v2\/media?parent=6321"}],"wp:term":[{"taxonomy":"category","embeddable":true,"href":"https:\/\/agora.xtec.cat\/ies-castelldelquer-prats\/wp-json\/wp\/v2\/categories?post=6321"},{"taxonomy":"post_tag","embeddable":true,"href":"https:\/\/agora.xtec.cat\/ies-castelldelquer-prats\/wp-json\/wp\/v2\/tags?post=6321"}],"curies":[{"name":"wp","href":"https:\/\/api.w.org\/{rel}","templated":true}]}}