{"id":6272,"date":"2026-03-13T08:35:46","date_gmt":"2026-03-13T07:35:46","guid":{"rendered":"https:\/\/agora.xtec.cat\/ies-castelldelquer-prats\/?p=6272"},"modified":"2026-03-13T08:35:46","modified_gmt":"2026-03-13T07:35:46","slug":"jornades-capsula-2","status":"publish","type":"post","link":"https:\/\/agora.xtec.cat\/ies-castelldelquer-prats\/general\/jornades-capsula-2\/","title":{"rendered":"JORNADES C\u00c0PSULA"},"content":{"rendered":"<p><i><span style=\"font-weight: 400\">David Carrera Roc Puig<\/span><\/i><\/p>\n<p><span style=\"font-weight: 400\">El passat dimecres 25 de febrer, els alumnes de 4t d\u2019ESO van participar en les Jornades C\u00e0psula de Vic, una activitat d\u2019orientaci\u00f3 acad\u00e8mica pensada per ajudar els joves d\u2019Osona\u00a0 a decidir el seu futur despr\u00e9s de l\u2019ESO.<\/span><\/p>\n<p><span style=\"font-weight: 400\">Les jornades es van celebrar a la ciutat de Vic i van tenir una durada de 9\u00a0 a 11 del mat\u00ed. Durant aquestes dues hores, els estudiants van poder recollir informaci\u00f3 detallada sobre les diferents opcions formatives disponibles un cop finalitzada l\u2019Educaci\u00f3 Secund\u00e0ria Obligat\u00f2ria.<\/span><\/p>\n<p><span style=\"font-weight: 400\">A l\u2019espai hi havia estands informatius sobre Formaci\u00f3 Professional (FP), amb diferents cicles formatius de grau mitj\u00e0.<\/span><\/p>\n<p><span style=\"font-weight: 400\">Tamb\u00e9 es va oferir informaci\u00f3 sobre les diferents modalitats de Batxillerat, perqu\u00e8 els alumnes poguessin con\u00e8ixer quina s\u2019adapta millor als seus interessos i objectius acad\u00e8mics.<\/span><\/p>\n<p><span style=\"font-weight: 400\">A m\u00e9s, les jornades comptaven amb punts d\u2019orientaci\u00f3 personalitzada i xerrades informatives, on professionals del sector educatiu resolien dubtes i explicaven les sortides acad\u00e8miques i laborals de cada itinerari.<\/span><\/p>\n<p><span style=\"font-weight: 400\">L\u2019activitat va ser molt interessant per als alumnes,\u00a0 ja que van poder aclarir dubtes i comen\u00e7ar a reflexionar sobre el seu futur acad\u00e8mic i professional.<\/span><\/p>\n<p><a href=\"https:\/\/agora.xtec.cat\/ies-castelldelquer-prats\/wp-content\/uploads\/usu2163\/2026\/03\/image-15.png\"><img loading=\"lazy\" decoding=\"async\" class=\"alignnone size-full wp-image-6273\" src=\"https:\/\/agora.xtec.cat\/ies-castelldelquer-prats\/wp-content\/uploads\/usu2163\/2026\/03\/image-15.png\" alt=\"\" width=\"871\" height=\"497\" srcset=\"https:\/\/agora.xtec.cat\/ies-castelldelquer-prats\/wp-content\/uploads\/usu2163\/2026\/03\/image-15.png 871w, https:\/\/agora.xtec.cat\/ies-castelldelquer-prats\/wp-content\/uploads\/usu2163\/2026\/03\/image-15-300x171.png 300w, https:\/\/agora.xtec.cat\/ies-castelldelquer-prats\/wp-content\/uploads\/usu2163\/2026\/03\/image-15-768x438.png 768w\" sizes=\"auto, (max-width: 871px) 100vw, 871px\" \/><\/a><\/p>\n","protected":false},"excerpt":{"rendered":"<p>David Carrera Roc Puig<br \/>\nEl passat dimecres 25 de febrer, els alumnes de 4t d\u2019ESO van participar en les Jornades C\u00e0psula de Vic, una activitat d\u2019orientaci\u00f3 acad\u00e8mica pensada per ajudar els joves d\u2019Osona\u00a0 a decidir el seu futur despr\u00e9s de l\u2019ESO.<br \/>\nLes jornades es van celebrar a&hellip;  <a href=\"https:\/\/agora.xtec.cat\/ies-castelldelquer-prats\/general\/jornades-capsula-2\/\" title=\"Read JORNADES C\u00c0PSULA\">Llegeix m\u00e9s\u00bb<\/a><\/p>\n","protected":false},"author":7,"featured_media":6273,"comment_status":"closed","ping_status":"open","sticky":false,"template":"","format":"standard","meta":{"_bbp_topic_count":0,"_bbp_reply_count":0,"_bbp_total_topic_count":0,"_bbp_total_reply_count":0,"_bbp_voice_count":0,"_bbp_anonymous_reply_count":0,"_bbp_topic_count_hidden":0,"_bbp_reply_count_hidden":0,"_bbp_forum_subforum_count":0,"footnotes":""},"categories":[1,29],"tags":[],"class_list":["post-6272","post","type-post","status-publish","format-standard","has-post-thumbnail","hentry","category-general","category-portada"],"post_mailing_queue_ids":[],"_links":{"self":[{"href":"https:\/\/agora.xtec.cat\/ies-castelldelquer-prats\/wp-json\/wp\/v2\/posts\/6272","targetHints":{"allow":["GET"]}}],"collection":[{"href":"https:\/\/agora.xtec.cat\/ies-castelldelquer-prats\/wp-json\/wp\/v2\/posts"}],"about":[{"href":"https:\/\/agora.xtec.cat\/ies-castelldelquer-prats\/wp-json\/wp\/v2\/types\/post"}],"author":[{"embeddable":true,"href":"https:\/\/agora.xtec.cat\/ies-castelldelquer-prats\/wp-json\/wp\/v2\/users\/7"}],"replies":[{"embeddable":true,"href":"https:\/\/agora.xtec.cat\/ies-castelldelquer-prats\/wp-json\/wp\/v2\/comments?post=6272"}],"version-history":[{"count":1,"href":"https:\/\/agora.xtec.cat\/ies-castelldelquer-prats\/wp-json\/wp\/v2\/posts\/6272\/revisions"}],"predecessor-version":[{"id":6274,"href":"https:\/\/agora.xtec.cat\/ies-castelldelquer-prats\/wp-json\/wp\/v2\/posts\/6272\/revisions\/6274"}],"wp:featuredmedia":[{"embeddable":true,"href":"https:\/\/agora.xtec.cat\/ies-castelldelquer-prats\/wp-json\/wp\/v2\/media\/6273"}],"wp:attachment":[{"href":"https:\/\/agora.xtec.cat\/ies-castelldelquer-prats\/wp-json\/wp\/v2\/media?parent=6272"}],"wp:term":[{"taxonomy":"category","embeddable":true,"href":"https:\/\/agora.xtec.cat\/ies-castelldelquer-prats\/wp-json\/wp\/v2\/categories?post=6272"},{"taxonomy":"post_tag","embeddable":true,"href":"https:\/\/agora.xtec.cat\/ies-castelldelquer-prats\/wp-json\/wp\/v2\/tags?post=6272"}],"curies":[{"name":"wp","href":"https:\/\/api.w.org\/{rel}","templated":true}]}}