{"id":6262,"date":"2026-03-11T11:44:31","date_gmt":"2026-03-11T10:44:31","guid":{"rendered":"https:\/\/agora.xtec.cat\/ies-castelldelquer-prats\/?p=6262"},"modified":"2026-03-13T08:28:51","modified_gmt":"2026-03-13T07:28:51","slug":"comparacio-dalumnes-amb-reforc-i-sense-refforc","status":"publish","type":"post","link":"https:\/\/agora.xtec.cat\/ies-castelldelquer-prats\/general\/comparacio-dalumnes-amb-reforc-i-sense-refforc\/","title":{"rendered":"COMPARACI\u00d3 D\u2019ALUMNES AMB REFOR\u00c7 I SENSE REFFOR\u00c7"},"content":{"rendered":"<p><span style=\"font-weight: 400\">Odina A.<\/span><\/p>\n<p><span style=\"font-weight: 400\">Una enquesta feta a 65 estudiants mostra com s\u00f3n les classes de refor\u00e7 i si ajuden a millorar les notes.<\/span><\/p>\n<p><span style=\"font-weight: 400\">Sobre el curs dels alumnes, la majoria s\u00f3n de 1r d\u2019ESO (33,8%) i despr\u00e9s hi ha els de 3r d\u2019ESO (27,7%). Tamb\u00e9 hi participen alumnes de 4t d\u2019ESO (10,8%), 1r de batxillerat (10,8%), 2n de batxillerat (10,8%) i 2n d\u2019ESO (9,2%). Aix\u00f2 vol dir que hi ha alumnes de diferents cursos.<\/span><\/p>\n<p><span style=\"font-weight: 400\">Quan es pregunta si fan classes de refor\u00e7, nom\u00e9s el 30,8% diu que s\u00ed, mentre que el 69,2% diu que no. Els que s\u00ed que en fan expliquen quines assignatures repassen.<\/span><\/p>\n<p><span style=\"font-weight: 400\">Les assignatures que m\u00e9s es treballen a les classes de refor\u00e7 s\u00f3n Matem\u00e0tiques, amb 10 alumnes (50%), i Angl\u00e8s, amb 9 alumnes (45%). Tamb\u00e9 hi ha Catal\u00e0 o Castell\u00e0 amb 7 alumnes (35%) i F\u00edsica i Qu\u00edmica o Biologia amb 4 alumnes (20%). Alguns alumnes tamb\u00e9 diuen que repassen totes les assignatures o el que necessiten en cada moment.<\/span><\/p>\n<p><span style=\"font-weight: 400\">Sobre si les classes de refor\u00e7 s\u00f3n \u00fatils, la majoria pensa que s\u00ed. El 60% diu que s\u00f3n molt \u00fatils i el 30% diu que s\u00f3n bastant \u00fatils. Nom\u00e9s uns pocs alumnes pensen que serveixen poc o gens.<\/span><\/p>\n<p><span style=\"font-weight: 400\">L\u2019enquesta tamb\u00e9 mira les notes abans i despr\u00e9s de fer refor\u00e7. Abans, molts alumnes tenien notes m\u00e9s baixes o normals. Despr\u00e9s de fer refor\u00e7, en general es veu que les notes milloren i hi ha m\u00e9s alumnes amb qualificacions m\u00e9s altes.<\/span><\/p>\n<p><span style=\"font-weight: 400\">Pel que fa a l\u2019opini\u00f3 dels alumnes que fan refor\u00e7, la majoria el recomanaria. El 75% diu que s\u00ed que el recomanaria als seus companys. Aix\u00f2 vol dir que molts pensen que pot ajudar. En canvi, un 10% diu que no el recomanaria i alguns diuen que dep\u00e8n de com siguin les classes o del professor.<\/span><\/p>\n<p><span style=\"font-weight: 400\">Tamb\u00e9 es va preguntar als alumnes que no fan refor\u00e7 per qu\u00e8 no hi van. El 55,6% diu que no ho necessita. Un altre 24,4% diu que no pot perqu\u00e8 l\u2019horari no li va b\u00e9.<\/span><\/p>\n<p><span style=\"font-weight: 400\">Hi ha altres motius per\u00f2 amb menys percentatge. Un 13,3% diu que no li agrada com es fan les classes de refor\u00e7. Alguns altres comenten que els fa mandra anar-hi, que no s\u2019ho havien plantejat o que no tenen gaire temps.<\/span><\/p>\n<p><span style=\"font-weight: 400\">A m\u00e9s, l\u2019enquesta preguntava si els alumnes creuen que el refor\u00e7 els ajudaria a millorar les notes. El 13,3% pensa que s\u00ed, molt, i el 51,1% que s\u00ed, una mica. Per\u00f2 un 20% diu que no gaire i un 15,6% que gens. Aix\u00f2 vol dir que molts pensen que pot ajudar, per\u00f2 tampoc creuen que sigui la soluci\u00f3 per a tothom.<\/span><\/p>\n<p><span style=\"font-weight: 400\">Tamb\u00e9 es va preguntar si creuen que els alumnes que fan refor\u00e7 tenen millors notes que els que no en fan. El 9,2% pensa que s\u00ed, molt m\u00e9s altes, i el 27,7% que s\u00f3n una mica m\u00e9s altes. Per\u00f2 el 46,2% creu que les notes s\u00f3n iguals i el 16,9% pensa que fins i tot poden ser m\u00e9s baixes.<\/span><\/p>\n<p><span style=\"font-weight: 400\">En general, els resultats mostren que hi ha opinions diferents. Alguns alumnes creuen que les classes de refor\u00e7 poden ajudar a millorar les notes, per\u00f2 altres pensen que tamb\u00e9 dep\u00e8n molt de l\u2019esfor\u00e7 de cada alumne i de com estudia.<\/span><\/p>\n<p><a href=\"https:\/\/agora.xtec.cat\/ies-castelldelquer-prats\/wp-content\/uploads\/usu2163\/2026\/03\/IMG_1216.jpg\"><img loading=\"lazy\" decoding=\"async\" class=\"alignnone size-large wp-image-6270\" src=\"https:\/\/agora.xtec.cat\/ies-castelldelquer-prats\/wp-content\/uploads\/usu2163\/2026\/03\/IMG_1216-1024x754.jpg\" alt=\"\" width=\"1024\" height=\"754\" srcset=\"https:\/\/agora.xtec.cat\/ies-castelldelquer-prats\/wp-content\/uploads\/usu2163\/2026\/03\/IMG_1216-1024x754.jpg 1024w, https:\/\/agora.xtec.cat\/ies-castelldelquer-prats\/wp-content\/uploads\/usu2163\/2026\/03\/IMG_1216-300x221.jpg 300w, https:\/\/agora.xtec.cat\/ies-castelldelquer-prats\/wp-content\/uploads\/usu2163\/2026\/03\/IMG_1216-768x566.jpg 768w, https:\/\/agora.xtec.cat\/ies-castelldelquer-prats\/wp-content\/uploads\/usu2163\/2026\/03\/IMG_1216.jpg 1052w\" sizes=\"auto, (max-width: 1024px) 100vw, 1024px\" \/><\/a><\/p>\n","protected":false},"excerpt":{"rendered":"<p>Odina A.<br \/>\nUna enquesta feta a 65 estudiants mostra com s\u00f3n les classes de refor\u00e7 i si ajuden a millorar les notes.<br \/>\nSobre el curs dels alumnes, la majoria s\u00f3n de 1r d\u2019ESO (33,8%) i despr\u00e9s hi ha els de 3r d\u2019ESO (27,7%). Tamb\u00e9 hi participen alumnes&hellip;  <a href=\"https:\/\/agora.xtec.cat\/ies-castelldelquer-prats\/general\/comparacio-dalumnes-amb-reforc-i-sense-refforc\/\" title=\"Read COMPARACI\u00d3 D\u2019ALUMNES AMB REFOR\u00c7 I SENSE REFFOR\u00c7\">Llegeix m\u00e9s\u00bb<\/a><\/p>\n","protected":false},"author":7,"featured_media":6270,"comment_status":"closed","ping_status":"open","sticky":false,"template":"","format":"standard","meta":{"_bbp_topic_count":0,"_bbp_reply_count":0,"_bbp_total_topic_count":0,"_bbp_total_reply_count":0,"_bbp_voice_count":0,"_bbp_anonymous_reply_count":0,"_bbp_topic_count_hidden":0,"_bbp_reply_count_hidden":0,"_bbp_forum_subforum_count":0,"footnotes":""},"categories":[1,29],"tags":[],"class_list":["post-6262","post","type-post","status-publish","format-standard","has-post-thumbnail","hentry","category-general","category-portada"],"post_mailing_queue_ids":[],"_links":{"self":[{"href":"https:\/\/agora.xtec.cat\/ies-castelldelquer-prats\/wp-json\/wp\/v2\/posts\/6262","targetHints":{"allow":["GET"]}}],"collection":[{"href":"https:\/\/agora.xtec.cat\/ies-castelldelquer-prats\/wp-json\/wp\/v2\/posts"}],"about":[{"href":"https:\/\/agora.xtec.cat\/ies-castelldelquer-prats\/wp-json\/wp\/v2\/types\/post"}],"author":[{"embeddable":true,"href":"https:\/\/agora.xtec.cat\/ies-castelldelquer-prats\/wp-json\/wp\/v2\/users\/7"}],"replies":[{"embeddable":true,"href":"https:\/\/agora.xtec.cat\/ies-castelldelquer-prats\/wp-json\/wp\/v2\/comments?post=6262"}],"version-history":[{"count":2,"href":"https:\/\/agora.xtec.cat\/ies-castelldelquer-prats\/wp-json\/wp\/v2\/posts\/6262\/revisions"}],"predecessor-version":[{"id":6271,"href":"https:\/\/agora.xtec.cat\/ies-castelldelquer-prats\/wp-json\/wp\/v2\/posts\/6262\/revisions\/6271"}],"wp:featuredmedia":[{"embeddable":true,"href":"https:\/\/agora.xtec.cat\/ies-castelldelquer-prats\/wp-json\/wp\/v2\/media\/6270"}],"wp:attachment":[{"href":"https:\/\/agora.xtec.cat\/ies-castelldelquer-prats\/wp-json\/wp\/v2\/media?parent=6262"}],"wp:term":[{"taxonomy":"category","embeddable":true,"href":"https:\/\/agora.xtec.cat\/ies-castelldelquer-prats\/wp-json\/wp\/v2\/categories?post=6262"},{"taxonomy":"post_tag","embeddable":true,"href":"https:\/\/agora.xtec.cat\/ies-castelldelquer-prats\/wp-json\/wp\/v2\/tags?post=6262"}],"curies":[{"name":"wp","href":"https:\/\/api.w.org\/{rel}","templated":true}]}}