{"id":6253,"date":"2026-03-11T11:29:02","date_gmt":"2026-03-11T10:29:02","guid":{"rendered":"https:\/\/agora.xtec.cat\/ies-castelldelquer-prats\/?p=6253"},"modified":"2026-03-11T11:29:02","modified_gmt":"2026-03-11T10:29:02","slug":"xerrada-sobre-els-drets-i-la-societat-per-a-3r-deso","status":"publish","type":"post","link":"https:\/\/agora.xtec.cat\/ies-castelldelquer-prats\/general\/xerrada-sobre-els-drets-i-la-societat-per-a-3r-deso\/","title":{"rendered":"XERRADA SOBRE ELS DRETS I LA SOCIETAT PER A 3R D\u2019ESO"},"content":{"rendered":"<p><i><span style=\"font-weight: 400\">A.Casanovas, F.Hayoun i N. Ziani<\/span><\/i><\/p>\n<p><span style=\"font-weight: 400\">El passat 3 de mar\u00e7, els alumnes de 3r d\u2019ESO van assistir a una xerrada sobre els drets i la societat, que es va dur a terme durant les dues \u00faltimes hores. Aquesta xerrada es va realitzar a l\u2019Espai de Prats de Llu\u00e7an\u00e8s, on els alumnes van escoltar la Marina Ferrer, advocada del bufet Roca Junyent i exalumna de l\u2019Institut.<\/span><\/p>\n<p><span style=\"font-weight: 400\">Durant la seva intervenci\u00f3, la ponent va explicar la import\u00e0ncia dels drets fonamentals en la vida quotidiana i com aquests influeixen en la conviv\u00e8ncia dins la societat. Tamb\u00e9 va parlar sobre el paper de la just\u00edcia i la funci\u00f3 dels advocats, posant exemples reals que van ajudar els alumnes a entendre millor els conceptes tractats.<\/span><\/p>\n<p><span style=\"font-weight: 400\">A m\u00e9s, es va destacar la necessitat de con\u00e8ixer els propis drets i de respectar els dels altres per garantir una societat m\u00e9s justa i igualit\u00e0ria. La xerrada va ser din\u00e0mica i participativa, ja que els alumnes van poder fer preguntes i expressar les seves opinions sobre els temes plantejats.<\/span><\/p>\n<p><span style=\"font-weight: 400\">En conclusi\u00f3, va ser una experi\u00e8ncia que va permetre als estudiants reflexionar sobre la import\u00e0ncia dels drets i el seu paper com a ciutadans dins la societat.<\/span><\/p>\n<p><a href=\"https:\/\/agora.xtec.cat\/ies-castelldelquer-prats\/wp-content\/uploads\/usu2163\/2026\/03\/20260303_140811-scaled.jpg\"><img loading=\"lazy\" decoding=\"async\" class=\"alignnone size-large wp-image-6254\" src=\"https:\/\/agora.xtec.cat\/ies-castelldelquer-prats\/wp-content\/uploads\/usu2163\/2026\/03\/20260303_140811-1024x478.jpg\" alt=\"\" width=\"1024\" height=\"478\" srcset=\"https:\/\/agora.xtec.cat\/ies-castelldelquer-prats\/wp-content\/uploads\/usu2163\/2026\/03\/20260303_140811-1024x478.jpg 1024w, https:\/\/agora.xtec.cat\/ies-castelldelquer-prats\/wp-content\/uploads\/usu2163\/2026\/03\/20260303_140811-300x140.jpg 300w, https:\/\/agora.xtec.cat\/ies-castelldelquer-prats\/wp-content\/uploads\/usu2163\/2026\/03\/20260303_140811-768x359.jpg 768w, https:\/\/agora.xtec.cat\/ies-castelldelquer-prats\/wp-content\/uploads\/usu2163\/2026\/03\/20260303_140811-1536x717.jpg 1536w, https:\/\/agora.xtec.cat\/ies-castelldelquer-prats\/wp-content\/uploads\/usu2163\/2026\/03\/20260303_140811-2048x956.jpg 2048w\" sizes=\"auto, (max-width: 1024px) 100vw, 1024px\" \/><\/a><\/p>\n<p>&nbsp;<\/p>\n","protected":false},"excerpt":{"rendered":"<p>A.Casanovas, F.Hayoun i N. Ziani<br \/>\nEl passat 3 de mar\u00e7, els alumnes de 3r d\u2019ESO van assistir a una xerrada sobre els drets i la societat, que es va dur a terme durant les dues \u00faltimes hores. Aquesta xerrada es va realitzar a l\u2019Espai de Prats&hellip;  <a href=\"https:\/\/agora.xtec.cat\/ies-castelldelquer-prats\/general\/xerrada-sobre-els-drets-i-la-societat-per-a-3r-deso\/\" title=\"Read XERRADA SOBRE ELS DRETS I LA SOCIETAT PER A 3R D\u2019ESO\">Llegeix m\u00e9s\u00bb<\/a><\/p>\n","protected":false},"author":7,"featured_media":6255,"comment_status":"closed","ping_status":"open","sticky":false,"template":"","format":"standard","meta":{"_bbp_topic_count":0,"_bbp_reply_count":0,"_bbp_total_topic_count":0,"_bbp_total_reply_count":0,"_bbp_voice_count":0,"_bbp_anonymous_reply_count":0,"_bbp_topic_count_hidden":0,"_bbp_reply_count_hidden":0,"_bbp_forum_subforum_count":0,"footnotes":""},"categories":[6,1,29],"tags":[],"class_list":["post-6253","post","type-post","status-publish","format-standard","has-post-thumbnail","hentry","category-eso-3","category-general","category-portada"],"post_mailing_queue_ids":[],"_links":{"self":[{"href":"https:\/\/agora.xtec.cat\/ies-castelldelquer-prats\/wp-json\/wp\/v2\/posts\/6253","targetHints":{"allow":["GET"]}}],"collection":[{"href":"https:\/\/agora.xtec.cat\/ies-castelldelquer-prats\/wp-json\/wp\/v2\/posts"}],"about":[{"href":"https:\/\/agora.xtec.cat\/ies-castelldelquer-prats\/wp-json\/wp\/v2\/types\/post"}],"author":[{"embeddable":true,"href":"https:\/\/agora.xtec.cat\/ies-castelldelquer-prats\/wp-json\/wp\/v2\/users\/7"}],"replies":[{"embeddable":true,"href":"https:\/\/agora.xtec.cat\/ies-castelldelquer-prats\/wp-json\/wp\/v2\/comments?post=6253"}],"version-history":[{"count":1,"href":"https:\/\/agora.xtec.cat\/ies-castelldelquer-prats\/wp-json\/wp\/v2\/posts\/6253\/revisions"}],"predecessor-version":[{"id":6256,"href":"https:\/\/agora.xtec.cat\/ies-castelldelquer-prats\/wp-json\/wp\/v2\/posts\/6253\/revisions\/6256"}],"wp:featuredmedia":[{"embeddable":true,"href":"https:\/\/agora.xtec.cat\/ies-castelldelquer-prats\/wp-json\/wp\/v2\/media\/6255"}],"wp:attachment":[{"href":"https:\/\/agora.xtec.cat\/ies-castelldelquer-prats\/wp-json\/wp\/v2\/media?parent=6253"}],"wp:term":[{"taxonomy":"category","embeddable":true,"href":"https:\/\/agora.xtec.cat\/ies-castelldelquer-prats\/wp-json\/wp\/v2\/categories?post=6253"},{"taxonomy":"post_tag","embeddable":true,"href":"https:\/\/agora.xtec.cat\/ies-castelldelquer-prats\/wp-json\/wp\/v2\/tags?post=6253"}],"curies":[{"name":"wp","href":"https:\/\/api.w.org\/{rel}","templated":true}]}}