{"id":6242,"date":"2026-03-09T12:34:42","date_gmt":"2026-03-09T11:34:42","guid":{"rendered":"https:\/\/agora.xtec.cat\/ies-castelldelquer-prats\/?p=6242"},"modified":"2026-03-13T08:36:29","modified_gmt":"2026-03-13T07:36:29","slug":"els-del-siei-tornen-de-noruega-despres-duna-setmana-derasmus","status":"publish","type":"post","link":"https:\/\/agora.xtec.cat\/ies-castelldelquer-prats\/general\/els-del-siei-tornen-de-noruega-despres-duna-setmana-derasmus\/","title":{"rendered":"ELS ALUMNES DEL SIEI TORNEN DE NORUEGA DESPR\u00c9S D\u2019UNA SETMANA D\u2019ERASMUS"},"content":{"rendered":"<p><i><span style=\"font-weight: 400\">O.Abadias D.Bouhamed R.Serra<\/span><\/i><\/p>\n<p><span style=\"font-weight: 400\">El passat dijous 12 de febrer, els alumnes del SIEI van tornar del seu esperat viatge a Noruega. Despr\u00e9s d\u2019una setmana plena d\u2019aprenentatges, conviv\u00e8ncia i noves experi\u00e8ncies, alguns alumnes de Joves Reporters vam parlar amb en Ferran Sala perqu\u00e8 ens expliqu\u00e9s com es va desenvolupar l\u2019estada.<\/span><\/p>\n<p><span style=\"font-weight: 400\">DIA 1<\/span><span style=\"font-weight: 400\"><br \/>\n<\/span><span style=\"font-weight: 400\"> El grup va arribar a Oslo amb un vol directe de tres hores. Un cop instal\u00b7lats a l\u2019hotel i despr\u00e9s de deixar l\u2019equipatge, van sortir a fer una primera passejada pel centre de la ciutat per con\u00e8ixer alguns dels seus monuments i espais m\u00e9s emblem\u00e0tics. Al vespre, van comprar el sopar en un supermercat per poder menjar de manera r\u00e0pida i pr\u00e0ctica.<\/span><\/p>\n<p><span style=\"font-weight: 400\">DIA 2<\/span><span style=\"font-weight: 400\"><br \/>\n<\/span><span style=\"font-weight: 400\"> Es van llevar ben d\u2019hora i van esmorzar a l\u2019hotel, encarregant-se ells mateixos de preparar i recollir-ho tot. Despr\u00e9s van agafar el tren en direcci\u00f3 a Kongsberg, on van visitar el mercat tradicional Mathallen amb productes t\u00edpics de la zona. M\u00e9s tard van continuar el trajecte fins a Rollag, on s\u2019allotjarien durant la resta de la setmana. Hi van arribar cap a les cinc de la tarda i van aprofitar per instal\u00b7lar-se i explorar l\u2019entorn.<\/span><\/p>\n<p><span style=\"font-weight: 400\">DIA 3<\/span><span style=\"font-weight: 400\"><br \/>\n<\/span><span style=\"font-weight: 400\"> Es van despla\u00e7ar fins a una casa situada al mig del bosc, on van participar en un taller de pa tradicional noruec i en activitats relacionades amb el treball de la fusta. A la tarda van gaudir de la neu amb diferents jocs i activitats a l\u2019aire lliure.<\/span><\/p>\n<p><span style=\"font-weight: 400\">DIA 4<\/span><span style=\"font-weight: 400\"><br \/>\n<\/span><span style=\"font-weight: 400\"> Van fer una caminada pel bosc i van visitar el municipi de Rollag, incloent-hi l\u2019esgl\u00e9sia, el cementiri, un pont tradicional i una pedra orientativa utilitzada pels excursionistes. A la tarda van visitar la casa de la Maj-Lis, on van compartir una estona d\u2019intercanvi cultural i gastron\u00f2mic amb gofres, salsitxes i embotits t\u00edpics.<\/span><\/p>\n<p><span style=\"font-weight: 400\">DIA 5<\/span><span style=\"font-weight: 400\"><br \/>\n<\/span><span style=\"font-weight: 400\"> Van visitar l\u2019escola local, on van realitzar activitats de presentaci\u00f3 i din\u00e0miques amb l\u2019alumnat noruec. A la tarda van utilitzar les instal\u00b7lacions esportives, com la piscina i la sauna, i van fer diferents jocs d\u2019aigua.<\/span><\/p>\n<p><span style=\"font-weight: 400\">DIA 6<\/span><span style=\"font-weight: 400\"><br \/>\n<\/span><span style=\"font-weight: 400\"> Van tornar a l\u2019escola per preparar un esmorzar conjunt. A la cuina del centre van cuinar plats tradicionals catalans com truita de patates i pa amb tom\u00e0quet, compartint aix\u00ed un moment d\u2019intercanvi cultural. A la tarda, aprofitant la nevada, van continuar fent activitats a l\u2019exterior.<\/span><\/p>\n<p><span style=\"font-weight: 400\">DIA 7<\/span><span style=\"font-weight: 400\"><br \/>\n<\/span><span style=\"font-weight: 400\"> Van dinamitzar activitats per als alumnes de l\u2019escola i van fer una sortida al bosc fins a una cabana, on van encendre una foguera, van fer jocs i van compartir menjar. A la tarda van comen\u00e7ar a preparar les maletes i a ordenar la casa.<\/span><\/p>\n<p><span style=\"font-weight: 400\">DIA 8<\/span><span style=\"font-weight: 400\"><br \/>\n<\/span><span style=\"font-weight: 400\"> Van acabar de recollir, es van acomiadar i van posar rumb cap a l\u2019aeroport per tornar a casa despr\u00e9s d\u2019una setmana intensa i molt enriquidora tant a nivell personal com cultural.<\/span><\/p>\n<p>&nbsp;<\/p>\n<p><span style=\"font-weight: 400\">Els alumnes del SIEI valoren positivament el viatge, ja que han tingut l\u2019oportunitat de con\u00e8ixer nous llocs i cultures i consideren que \u00e9s una activitat enriquidora.<\/span><\/p>\n<p>&nbsp;<\/p>\n","protected":false},"excerpt":{"rendered":"<p>O.Abadias D.Bouhamed R.Serra<br \/>\nEl passat dijous 12 de febrer, els alumnes del SIEI van tornar del seu esperat viatge a Noruega. Despr\u00e9s d\u2019una setmana plena d\u2019aprenentatges, conviv\u00e8ncia i noves experi\u00e8ncies, alguns alumnes de Joves Reporters vam parlar amb en Ferran Sala perqu\u00e8 ens expliqu\u00e9s com es&hellip;  <a href=\"https:\/\/agora.xtec.cat\/ies-castelldelquer-prats\/general\/els-del-siei-tornen-de-noruega-despres-duna-setmana-derasmus\/\" title=\"Read ELS ALUMNES DEL SIEI TORNEN DE NORUEGA DESPR\u00c9S D\u2019UNA SETMANA D\u2019ERASMUS\">Llegeix m\u00e9s\u00bb<\/a><\/p>\n","protected":false},"author":7,"featured_media":6243,"comment_status":"open","ping_status":"open","sticky":false,"template":"","format":"standard","meta":{"_bbp_topic_count":0,"_bbp_reply_count":0,"_bbp_total_topic_count":0,"_bbp_total_reply_count":0,"_bbp_voice_count":0,"_bbp_anonymous_reply_count":0,"_bbp_topic_count_hidden":0,"_bbp_reply_count_hidden":0,"_bbp_forum_subforum_count":0,"footnotes":""},"categories":[204,1,210,29],"tags":[],"class_list":["post-6242","post","type-post","status-publish","format-standard","has-post-thumbnail","hentry","category-erasmus-2023-2027","category-general","category-mobility-norway","category-portada"],"post_mailing_queue_ids":[],"_links":{"self":[{"href":"https:\/\/agora.xtec.cat\/ies-castelldelquer-prats\/wp-json\/wp\/v2\/posts\/6242","targetHints":{"allow":["GET"]}}],"collection":[{"href":"https:\/\/agora.xtec.cat\/ies-castelldelquer-prats\/wp-json\/wp\/v2\/posts"}],"about":[{"href":"https:\/\/agora.xtec.cat\/ies-castelldelquer-prats\/wp-json\/wp\/v2\/types\/post"}],"author":[{"embeddable":true,"href":"https:\/\/agora.xtec.cat\/ies-castelldelquer-prats\/wp-json\/wp\/v2\/users\/7"}],"replies":[{"embeddable":true,"href":"https:\/\/agora.xtec.cat\/ies-castelldelquer-prats\/wp-json\/wp\/v2\/comments?post=6242"}],"version-history":[{"count":2,"href":"https:\/\/agora.xtec.cat\/ies-castelldelquer-prats\/wp-json\/wp\/v2\/posts\/6242\/revisions"}],"predecessor-version":[{"id":6275,"href":"https:\/\/agora.xtec.cat\/ies-castelldelquer-prats\/wp-json\/wp\/v2\/posts\/6242\/revisions\/6275"}],"wp:featuredmedia":[{"embeddable":true,"href":"https:\/\/agora.xtec.cat\/ies-castelldelquer-prats\/wp-json\/wp\/v2\/media\/6243"}],"wp:attachment":[{"href":"https:\/\/agora.xtec.cat\/ies-castelldelquer-prats\/wp-json\/wp\/v2\/media?parent=6242"}],"wp:term":[{"taxonomy":"category","embeddable":true,"href":"https:\/\/agora.xtec.cat\/ies-castelldelquer-prats\/wp-json\/wp\/v2\/categories?post=6242"},{"taxonomy":"post_tag","embeddable":true,"href":"https:\/\/agora.xtec.cat\/ies-castelldelquer-prats\/wp-json\/wp\/v2\/tags?post=6242"}],"curies":[{"name":"wp","href":"https:\/\/api.w.org\/{rel}","templated":true}]}}