{"id":6192,"date":"2026-02-25T13:20:36","date_gmt":"2026-02-25T12:20:36","guid":{"rendered":"https:\/\/agora.xtec.cat\/ies-castelldelquer-prats\/?p=6192"},"modified":"2026-02-26T17:46:29","modified_gmt":"2026-02-26T16:46:29","slug":"els-alumnes-de-2n-van-poder-gaudir-duna-xerrada-de-carles-sola-director-de-30-minuts","status":"publish","type":"post","link":"https:\/\/agora.xtec.cat\/ies-castelldelquer-prats\/general\/els-alumnes-de-2n-van-poder-gaudir-duna-xerrada-de-carles-sola-director-de-30-minuts\/","title":{"rendered":"Els alumnes de 2n van poder gaudir d\u2019una xerrada de Carles Sol\u00e0, director de 30 minuts."},"content":{"rendered":"<p><i><span style=\"font-weight: 400;\">\u00a0Redacci\u00f3: Arlet Sala, Pol Sch\u00fcler i\u00a0 Laia Subirana.<\/span><\/i><\/p>\n<p><span style=\"font-weight: 400;\">El passat divendres 30 de gener, Dia Internacional de la Pau, els alumnes de 2n a les dues \u00faltimes hores de classe van anar a l&#8217;Ajuntament on van poder gaudir d\u2019una xerrada de Carles Soler, periodista i director del programa de televisi\u00f3 <\/span><i><span style=\"font-weight: 400;\">30 minuts<\/span><\/i><span style=\"font-weight: 400;\">, que els va explicar tota la experi\u00e8ncia sobre les guerres. Va explicar que hi havien moltes guerres al m\u00f3n, tot i que no ho sembli. A continuaci\u00f3 va comentar que viure en una guerra era molt dur i, a part, hi havia molt perill de mort. Tamb\u00e9 va afegir quina era la seva feina a la guerra com a periodista: gravar, documentar i ensenyar a la gent qu\u00e8 \u00e9s el que est\u00e0 passant realment i la situaci\u00f3 de moltes fam\u00edlies. A vegades sonava un av\u00eds de bomba i havien de c\u00f3rrer a un soterrani i posar-se una m\u00e0scara antig\u00e0s per no quedar morts i tamb\u00e9 una indument\u00e0ria perqu\u00e8 el gas no estigu\u00e9s en contacte amb la pell i aix\u00f2, tot i que, a la llarga, ja no se la posaven ja que en realitat, si tiraven gas,\u00a0 all\u00f2 no els protegiria i, tal com va dir,\u00a0 \u201cque passi el que hagi de passar, no es pot evitar\u201d<\/span><\/p>\n<p><span style=\"font-weight: 400;\">Una pregunta que li van fer \u00e9s si creia que hi hauria una tercera guerra mundial i ens va dir que l\u2019any passat hauria opinat que segurament no, per\u00f2 ara ja no ho t\u00e9 tan clar.<\/span><\/p>\n<p><span style=\"font-weight: 400;\">Despr\u00e9s d\u2019aquesta xerrada, els alumnes a les hores de Tutoria i Alternativa estan fent una presentaci\u00f3 i recerca d\u2019una de les guerres que hi ha al m\u00f3n actualment.\u00a0<\/span><\/p>\n<p><span style=\"font-weight: 400;\">Els alumnes valoren molt positivament aquesta activitat ja que van poder aprendre i conscienciar-se de la realitat dels pa\u00efsos arreu del m\u00f3n.<\/span><\/p>\n<p><span style=\"font-weight: 400;\"><a href=\"https:\/\/agora.xtec.cat\/ies-castelldelquer-prats\/wp-content\/uploads\/usu2163\/2026\/02\/image-12.png\"><img loading=\"lazy\" decoding=\"async\" class=\"alignnone wp-image-6198\" src=\"https:\/\/agora.xtec.cat\/ies-castelldelquer-prats\/wp-content\/uploads\/usu2163\/2026\/02\/image-12.png\" alt=\"\" width=\"651\" height=\"347\" srcset=\"https:\/\/agora.xtec.cat\/ies-castelldelquer-prats\/wp-content\/uploads\/usu2163\/2026\/02\/image-12.png 750w, https:\/\/agora.xtec.cat\/ies-castelldelquer-prats\/wp-content\/uploads\/usu2163\/2026\/02\/image-12-300x160.png 300w\" sizes=\"auto, (max-width: 651px) 100vw, 651px\" \/><\/a><\/span><\/p>\n","protected":false},"excerpt":{"rendered":"<p>\u00a0Redacci\u00f3: Arlet Sala, Pol Sch\u00fcler i\u00a0 Laia Subirana.<br \/>\nEl passat divendres 30 de gener, Dia Internacional de la Pau, els alumnes de 2n a les dues \u00faltimes hores de classe van anar a l&#8217;Ajuntament on van poder gaudir d\u2019una xerrada de Carles Soler, periodista i director&hellip;  <a href=\"https:\/\/agora.xtec.cat\/ies-castelldelquer-prats\/general\/els-alumnes-de-2n-van-poder-gaudir-duna-xerrada-de-carles-sola-director-de-30-minuts\/\" title=\"Read Els alumnes de 2n van poder gaudir d\u2019una xerrada de Carles Sol\u00e0, director de 30 minuts.\">Llegeix m\u00e9s\u00bb<\/a><\/p>\n","protected":false},"author":7,"featured_media":6198,"comment_status":"closed","ping_status":"open","sticky":false,"template":"","format":"standard","meta":{"_bbp_topic_count":0,"_bbp_reply_count":0,"_bbp_total_topic_count":0,"_bbp_total_reply_count":0,"_bbp_voice_count":0,"_bbp_anonymous_reply_count":0,"_bbp_topic_count_hidden":0,"_bbp_reply_count_hidden":0,"_bbp_forum_subforum_count":0,"footnotes":""},"categories":[5,1,29],"tags":[],"class_list":["post-6192","post","type-post","status-publish","format-standard","has-post-thumbnail","hentry","category-eso-2","category-general","category-portada"],"post_mailing_queue_ids":[],"_links":{"self":[{"href":"https:\/\/agora.xtec.cat\/ies-castelldelquer-prats\/wp-json\/wp\/v2\/posts\/6192","targetHints":{"allow":["GET"]}}],"collection":[{"href":"https:\/\/agora.xtec.cat\/ies-castelldelquer-prats\/wp-json\/wp\/v2\/posts"}],"about":[{"href":"https:\/\/agora.xtec.cat\/ies-castelldelquer-prats\/wp-json\/wp\/v2\/types\/post"}],"author":[{"embeddable":true,"href":"https:\/\/agora.xtec.cat\/ies-castelldelquer-prats\/wp-json\/wp\/v2\/users\/7"}],"replies":[{"embeddable":true,"href":"https:\/\/agora.xtec.cat\/ies-castelldelquer-prats\/wp-json\/wp\/v2\/comments?post=6192"}],"version-history":[{"count":2,"href":"https:\/\/agora.xtec.cat\/ies-castelldelquer-prats\/wp-json\/wp\/v2\/posts\/6192\/revisions"}],"predecessor-version":[{"id":6203,"href":"https:\/\/agora.xtec.cat\/ies-castelldelquer-prats\/wp-json\/wp\/v2\/posts\/6192\/revisions\/6203"}],"wp:featuredmedia":[{"embeddable":true,"href":"https:\/\/agora.xtec.cat\/ies-castelldelquer-prats\/wp-json\/wp\/v2\/media\/6198"}],"wp:attachment":[{"href":"https:\/\/agora.xtec.cat\/ies-castelldelquer-prats\/wp-json\/wp\/v2\/media?parent=6192"}],"wp:term":[{"taxonomy":"category","embeddable":true,"href":"https:\/\/agora.xtec.cat\/ies-castelldelquer-prats\/wp-json\/wp\/v2\/categories?post=6192"},{"taxonomy":"post_tag","embeddable":true,"href":"https:\/\/agora.xtec.cat\/ies-castelldelquer-prats\/wp-json\/wp\/v2\/tags?post=6192"}],"curies":[{"name":"wp","href":"https:\/\/api.w.org\/{rel}","templated":true}]}}