{"id":6115,"date":"2026-02-03T10:25:09","date_gmt":"2026-02-03T09:25:09","guid":{"rendered":"https:\/\/agora.xtec.cat\/ies-castelldelquer-prats\/?p=6115"},"modified":"2026-02-03T10:26:30","modified_gmt":"2026-02-03T09:26:30","slug":"estada-a-liceo-artistico-p-gallizio-dalba","status":"publish","type":"post","link":"https:\/\/agora.xtec.cat\/ies-castelldelquer-prats\/batxillerat\/estada-a-liceo-artistico-p-gallizio-dalba\/","title":{"rendered":"Estada a Liceo Artistico P. Gallizio d&#8217;Alba"},"content":{"rendered":"<p>Aquest diumenge 8 de febrer, l\u2019alumnat de 2r de batxillerat d&#8217;humanitats i ci\u00e8ncies socials\u00a0 far\u00e0 una estada a It\u00e0lia en el marc del programa Erasmus.\u00a0 L\u2019estada \u00e9s part del projecte <b>Sostenibilitat i patrimoni local <\/b>que estan desenvolupant aquests alumnes i que ells mateixos explicaran un cop acabin l&#8217;estada.<\/p>\n<p>A continuaci\u00f3 publiquem la informaci\u00f3 visualitzada en les reunions informatives de fam\u00edlies.<\/p>\n<p><iframe loading=\"lazy\" src=\"https:\/\/docs.google.com\/presentation\/d\/e\/2PACX-1vT-aihwyq-X9AAJ4jdaZ58u_JJeehN2kiGCHkxEwC2M-c_n19RskzDrkHEPJWkuVA\/pubembed?start=true&#038;loop=true&#038;delayms=15000\" frameborder=\"0\" width=\"960\" height=\"569\" allowfullscreen=\"true\" mozallowfullscreen=\"true\" webkitallowfullscreen=\"true\"><\/iframe>&nbsp;<\/p>\n<p>&nbsp;<\/p>\n","protected":false},"excerpt":{"rendered":"<p>Aquest diumenge 8 de febrer, l\u2019alumnat de 2r de batxillerat d&#8217;humanitats i ci\u00e8ncies socials\u00a0 far\u00e0 una estada a It\u00e0lia en el marc del programa Erasmus.\u00a0 L\u2019estada \u00e9s part del projecte Sostenibilitat i patrimoni local que estan desenvolupant aquests alumnes i que ells mateixos explicaran un&hellip;  <a href=\"https:\/\/agora.xtec.cat\/ies-castelldelquer-prats\/batxillerat\/estada-a-liceo-artistico-p-gallizio-dalba\/\" title=\"Read Estada a Liceo Artistico P. Gallizio d&#8217;Alba\">Llegeix m\u00e9s\u00bb<\/a><\/p>\n","protected":false},"author":1,"featured_media":6117,"comment_status":"closed","ping_status":"closed","sticky":false,"template":"","format":"standard","meta":{"_bbp_topic_count":0,"_bbp_reply_count":0,"_bbp_total_topic_count":0,"_bbp_total_reply_count":0,"_bbp_voice_count":0,"_bbp_anonymous_reply_count":0,"_bbp_topic_count_hidden":0,"_bbp_reply_count_hidden":0,"_bbp_forum_subforum_count":0,"footnotes":""},"categories":[8,29],"tags":[],"class_list":["post-6115","post","type-post","status-publish","format-standard","has-post-thumbnail","hentry","category-batxillerat","category-portada"],"post_mailing_queue_ids":[],"_links":{"self":[{"href":"https:\/\/agora.xtec.cat\/ies-castelldelquer-prats\/wp-json\/wp\/v2\/posts\/6115","targetHints":{"allow":["GET"]}}],"collection":[{"href":"https:\/\/agora.xtec.cat\/ies-castelldelquer-prats\/wp-json\/wp\/v2\/posts"}],"about":[{"href":"https:\/\/agora.xtec.cat\/ies-castelldelquer-prats\/wp-json\/wp\/v2\/types\/post"}],"author":[{"embeddable":true,"href":"https:\/\/agora.xtec.cat\/ies-castelldelquer-prats\/wp-json\/wp\/v2\/users\/1"}],"replies":[{"embeddable":true,"href":"https:\/\/agora.xtec.cat\/ies-castelldelquer-prats\/wp-json\/wp\/v2\/comments?post=6115"}],"version-history":[{"count":1,"href":"https:\/\/agora.xtec.cat\/ies-castelldelquer-prats\/wp-json\/wp\/v2\/posts\/6115\/revisions"}],"predecessor-version":[{"id":6116,"href":"https:\/\/agora.xtec.cat\/ies-castelldelquer-prats\/wp-json\/wp\/v2\/posts\/6115\/revisions\/6116"}],"wp:featuredmedia":[{"embeddable":true,"href":"https:\/\/agora.xtec.cat\/ies-castelldelquer-prats\/wp-json\/wp\/v2\/media\/6117"}],"wp:attachment":[{"href":"https:\/\/agora.xtec.cat\/ies-castelldelquer-prats\/wp-json\/wp\/v2\/media?parent=6115"}],"wp:term":[{"taxonomy":"category","embeddable":true,"href":"https:\/\/agora.xtec.cat\/ies-castelldelquer-prats\/wp-json\/wp\/v2\/categories?post=6115"},{"taxonomy":"post_tag","embeddable":true,"href":"https:\/\/agora.xtec.cat\/ies-castelldelquer-prats\/wp-json\/wp\/v2\/tags?post=6115"}],"curies":[{"name":"wp","href":"https:\/\/api.w.org\/{rel}","templated":true}]}}