{"id":6112,"date":"2026-02-03T10:27:34","date_gmt":"2026-02-03T09:27:34","guid":{"rendered":"https:\/\/agora.xtec.cat\/ies-castelldelquer-prats\/?p=6112"},"modified":"2026-02-03T10:27:02","modified_gmt":"2026-02-03T09:27:02","slug":"estada-al-liceo-cientifico-de-montesilvano","status":"publish","type":"post","link":"https:\/\/agora.xtec.cat\/ies-castelldelquer-prats\/batxillerat\/estada-al-liceo-cientifico-de-montesilvano\/","title":{"rendered":"Estada al  Liceo Cient\u00edfico de Montesilvano"},"content":{"rendered":"<p>Aquest diumenge 8 de febrer, l&#8217;alumnat de 2r de batxillerat de ci\u00e8ncia i tecnologia far\u00e0 una estada a It\u00e0lia en el marc del programa Erasmus.\u00a0 L&#8217;estada \u00e9s part del projecte de reflexi\u00f3 sobre l&#8217;\u00fas de la IA en els aprenentatges que estan desenvolupant aquests alumnes i que ells mateixos explicaran un cop acabin i obtinguin les conclusions de la seva diagnosi.<\/p>\n<p>A continuaci\u00f3 publiquem la informaci\u00f3 visualitzada en les reunions informatives de fam\u00edlies.<\/p>\n<p><iframe loading=\"lazy\" src=\"https:\/\/docs.google.com\/presentation\/d\/e\/2PACX-1vS-0GZSybP1ysnAdf4a_dF7Yl3VfmxxZOZBG2VSsSn5rVkAvWf-IW3a0hdwUDYguA\/pubembed?start=true&amp;loop=true&amp;delayms=3000\" width=\"960\" height=\"569\" frameborder=\"0\" allowfullscreen=\"allowfullscreen\"><span data-mce-type=\"bookmark\" style=\"display: inline-block; width: 0px; overflow: hidden; line-height: 0;\" class=\"mce_SELRES_start\">\ufeff<\/span><\/iframe><\/p>\n","protected":false},"excerpt":{"rendered":"<p>Aquest diumenge 8 de febrer, l&#8217;alumnat de 2r de batxillerat de ci\u00e8ncia i tecnologia far\u00e0 una estada a It\u00e0lia en el marc del programa Erasmus.\u00a0 L&#8217;estada \u00e9s part del projecte de reflexi\u00f3 sobre l&#8217;\u00fas de la IA en els aprenentatges que estan desenvolupant aquests alumnes&hellip;  <a href=\"https:\/\/agora.xtec.cat\/ies-castelldelquer-prats\/batxillerat\/estada-al-liceo-cientifico-de-montesilvano\/\" title=\"Read Estada al  Liceo Cient\u00edfico de Montesilvano\">Llegeix m\u00e9s\u00bb<\/a><\/p>\n","protected":false},"author":1,"featured_media":6113,"comment_status":"closed","ping_status":"closed","sticky":false,"template":"","format":"standard","meta":{"_bbp_topic_count":0,"_bbp_reply_count":0,"_bbp_total_topic_count":0,"_bbp_total_reply_count":0,"_bbp_voice_count":0,"_bbp_anonymous_reply_count":0,"_bbp_topic_count_hidden":0,"_bbp_reply_count_hidden":0,"_bbp_forum_subforum_count":0,"footnotes":""},"categories":[8,29],"tags":[],"class_list":["post-6112","post","type-post","status-publish","format-standard","has-post-thumbnail","hentry","category-batxillerat","category-portada"],"post_mailing_queue_ids":[],"_links":{"self":[{"href":"https:\/\/agora.xtec.cat\/ies-castelldelquer-prats\/wp-json\/wp\/v2\/posts\/6112","targetHints":{"allow":["GET"]}}],"collection":[{"href":"https:\/\/agora.xtec.cat\/ies-castelldelquer-prats\/wp-json\/wp\/v2\/posts"}],"about":[{"href":"https:\/\/agora.xtec.cat\/ies-castelldelquer-prats\/wp-json\/wp\/v2\/types\/post"}],"author":[{"embeddable":true,"href":"https:\/\/agora.xtec.cat\/ies-castelldelquer-prats\/wp-json\/wp\/v2\/users\/1"}],"replies":[{"embeddable":true,"href":"https:\/\/agora.xtec.cat\/ies-castelldelquer-prats\/wp-json\/wp\/v2\/comments?post=6112"}],"version-history":[{"count":1,"href":"https:\/\/agora.xtec.cat\/ies-castelldelquer-prats\/wp-json\/wp\/v2\/posts\/6112\/revisions"}],"predecessor-version":[{"id":6114,"href":"https:\/\/agora.xtec.cat\/ies-castelldelquer-prats\/wp-json\/wp\/v2\/posts\/6112\/revisions\/6114"}],"wp:featuredmedia":[{"embeddable":true,"href":"https:\/\/agora.xtec.cat\/ies-castelldelquer-prats\/wp-json\/wp\/v2\/media\/6113"}],"wp:attachment":[{"href":"https:\/\/agora.xtec.cat\/ies-castelldelquer-prats\/wp-json\/wp\/v2\/media?parent=6112"}],"wp:term":[{"taxonomy":"category","embeddable":true,"href":"https:\/\/agora.xtec.cat\/ies-castelldelquer-prats\/wp-json\/wp\/v2\/categories?post=6112"},{"taxonomy":"post_tag","embeddable":true,"href":"https:\/\/agora.xtec.cat\/ies-castelldelquer-prats\/wp-json\/wp\/v2\/tags?post=6112"}],"curies":[{"name":"wp","href":"https:\/\/api.w.org\/{rel}","templated":true}]}}