{"id":6072,"date":"2026-01-28T11:26:06","date_gmt":"2026-01-28T10:26:06","guid":{"rendered":"https:\/\/agora.xtec.cat\/ies-castelldelquer-prats\/?p=6072"},"modified":"2026-02-26T17:45:09","modified_gmt":"2026-02-26T16:45:09","slug":"canal-de-difusio-sobre-lerasmus-a-linstagram","status":"publish","type":"post","link":"https:\/\/agora.xtec.cat\/ies-castelldelquer-prats\/portada\/canal-de-difusio-sobre-lerasmus-a-linstagram\/","title":{"rendered":"CANAL DE DIFUSI\u00d3 SOBRE L\u2019ERASMUS+ A L\u2019INSTAGRAM!"},"content":{"rendered":"<p><i><span style=\"font-weight: 400;\">Odette R\u00edos<\/span><\/i><\/p>\n<p><span style=\"font-weight: 400;\">L\u2019Institut, amb la finalitat de donar a con\u00e8ixer totes les activitats que engloba el programa Erasmus+ ha constitu\u00eft un grup d\u2019alumnes per tal que gestionin un canal de difusi\u00f3 espec\u00edfic per a l\u2019esmentat programa.<\/span><\/p>\n<p><b>Qui el gestiona?<\/b><\/p>\n<p><span style=\"font-weight: 400;\">Uns quants alumnes de 1r de Batxillerat, escollits pel professorat que porta a terme tots els tr\u00e0mits de l\u2019Erasmus+: en Joan Valldeoriola, l\u2019Isa\u00ed Torres, en Lluc Bach, la N\u00faria Vidal, el Yacu Nou i l\u2019Odette Rios, s\u00f3n els encarregats de difondre tota mena d\u2019informaci\u00f3.\u00a0<\/span><\/p>\n<p><b>Qu\u00e8 hi puc trobar?<\/b><\/p>\n<p><span style=\"font-weight: 400;\">Dins aquest compte ja hi ha algunes publicacions penjades: un video explicant el programa,, una s\u00e8rie de fotos dels reporters presentant-se i una entrevista a alumnes i professors sobre qu\u00e8 saben realment de l\u2019Erasmus+.<\/span><\/p>\n<p><b>Al llarg del curs s\u2019aniran penjant coses?<\/b><\/p>\n<p><span style=\"font-weight: 400;\">S\u00ed, aquest institut t\u00e9 la sort de poder comptar amb ag\u00e8ncies i amb recursos necessaris per poder oferir un aprenentatge diferent i divertit als alumnes i que\u00a0 gaudeixin de l\u2019experi\u00e8ncia. Encara que, durant els mesos previs a les activitats no deixaran de penjar-hi contingut, un dels moments m\u00e9s esperats \u00e9s al maig: rebuda d\u2019alumnes italians al centre durant una setmana. Els reporters els entrevistaran, tant a ells com als del centre. Els faran preguntes i compartiran en tot moment, per una emissi\u00f3 a l\u2019institut tot el qu\u00e8 es faci durant sortides, activitats, etc. El m\u00e9s important \u00e9s que els faran d\u2019aquesta experi\u00e8ncia, una experi\u00e8ncia inoblidable.<\/span><\/p>\n<p><span style=\"font-weight: 400;\">Segueix-nos al compte de l\u2019Instagram: <\/span><b>@erasmus_quer<\/b><span style=\"font-weight: 400;\">. No et perdis res!<\/span><\/p>\n<figure class=\"figure wp-caption alignnone\"><a href=\"https:\/\/agora.xtec.cat\/ies-castelldelquer-prats\/wp-content\/uploads\/usu2163\/2026\/01\/IMG_0971.jpg\"><img loading=\"lazy\" decoding=\"async\" class=\"size-large wp-image-6073\" src=\"https:\/\/agora.xtec.cat\/ies-castelldelquer-prats\/wp-content\/uploads\/usu2163\/2026\/01\/IMG_0971-1024x805.jpg\" alt=\"\" width=\"1024\" height=\"805\" srcset=\"https:\/\/agora.xtec.cat\/ies-castelldelquer-prats\/wp-content\/uploads\/usu2163\/2026\/01\/IMG_0971-1024x805.jpg 1024w, https:\/\/agora.xtec.cat\/ies-castelldelquer-prats\/wp-content\/uploads\/usu2163\/2026\/01\/IMG_0971-300x236.jpg 300w, https:\/\/agora.xtec.cat\/ies-castelldelquer-prats\/wp-content\/uploads\/usu2163\/2026\/01\/IMG_0971-768x603.jpg 768w, https:\/\/agora.xtec.cat\/ies-castelldelquer-prats\/wp-content\/uploads\/usu2163\/2026\/01\/IMG_0971.jpg 1148w\" sizes=\"auto, (max-width: 1024px) 100vw, 1024px\" \/><\/a><figcaption class=\"wp-caption-text\">Screenshot<\/figcaption><\/figure>\n","protected":false},"excerpt":{"rendered":"<p>Odette R\u00edos<br \/>\nL\u2019Institut, amb la finalitat de donar a con\u00e8ixer totes les activitats que engloba el programa Erasmus+ ha constitu\u00eft un grup d\u2019alumnes per tal que gestionin un canal de difusi\u00f3 espec\u00edfic per a l\u2019esmentat programa.<br \/>\nQui el gestiona?<br \/>\nUns quants alumnes de 1r de Batxillerat, escollits pel&hellip;  <a href=\"https:\/\/agora.xtec.cat\/ies-castelldelquer-prats\/portada\/canal-de-difusio-sobre-lerasmus-a-linstagram\/\" title=\"Read CANAL DE DIFUSI\u00d3 SOBRE L\u2019ERASMUS+ A L\u2019INSTAGRAM!\">Llegeix m\u00e9s\u00bb<\/a><\/p>\n","protected":false},"author":7,"featured_media":6073,"comment_status":"closed","ping_status":"open","sticky":false,"template":"","format":"standard","meta":{"_bbp_topic_count":0,"_bbp_reply_count":0,"_bbp_total_topic_count":0,"_bbp_total_reply_count":0,"_bbp_voice_count":0,"_bbp_anonymous_reply_count":0,"_bbp_topic_count_hidden":0,"_bbp_reply_count_hidden":0,"_bbp_forum_subforum_count":0,"footnotes":""},"categories":[204,29],"tags":[],"class_list":["post-6072","post","type-post","status-publish","format-standard","has-post-thumbnail","hentry","category-erasmus-2023-2027","category-portada"],"post_mailing_queue_ids":[],"_links":{"self":[{"href":"https:\/\/agora.xtec.cat\/ies-castelldelquer-prats\/wp-json\/wp\/v2\/posts\/6072","targetHints":{"allow":["GET"]}}],"collection":[{"href":"https:\/\/agora.xtec.cat\/ies-castelldelquer-prats\/wp-json\/wp\/v2\/posts"}],"about":[{"href":"https:\/\/agora.xtec.cat\/ies-castelldelquer-prats\/wp-json\/wp\/v2\/types\/post"}],"author":[{"embeddable":true,"href":"https:\/\/agora.xtec.cat\/ies-castelldelquer-prats\/wp-json\/wp\/v2\/users\/7"}],"replies":[{"embeddable":true,"href":"https:\/\/agora.xtec.cat\/ies-castelldelquer-prats\/wp-json\/wp\/v2\/comments?post=6072"}],"version-history":[{"count":2,"href":"https:\/\/agora.xtec.cat\/ies-castelldelquer-prats\/wp-json\/wp\/v2\/posts\/6072\/revisions"}],"predecessor-version":[{"id":6091,"href":"https:\/\/agora.xtec.cat\/ies-castelldelquer-prats\/wp-json\/wp\/v2\/posts\/6072\/revisions\/6091"}],"wp:featuredmedia":[{"embeddable":true,"href":"https:\/\/agora.xtec.cat\/ies-castelldelquer-prats\/wp-json\/wp\/v2\/media\/6073"}],"wp:attachment":[{"href":"https:\/\/agora.xtec.cat\/ies-castelldelquer-prats\/wp-json\/wp\/v2\/media?parent=6072"}],"wp:term":[{"taxonomy":"category","embeddable":true,"href":"https:\/\/agora.xtec.cat\/ies-castelldelquer-prats\/wp-json\/wp\/v2\/categories?post=6072"},{"taxonomy":"post_tag","embeddable":true,"href":"https:\/\/agora.xtec.cat\/ies-castelldelquer-prats\/wp-json\/wp\/v2\/tags?post=6072"}],"curies":[{"name":"wp","href":"https:\/\/api.w.org\/{rel}","templated":true}]}}