{"id":6042,"date":"2026-01-19T12:25:42","date_gmt":"2026-01-19T11:25:42","guid":{"rendered":"https:\/\/agora.xtec.cat\/ies-castelldelquer-prats\/?p=6042"},"modified":"2026-01-19T12:25:42","modified_gmt":"2026-01-19T11:25:42","slug":"entrevista-a-esportistes-delit","status":"publish","type":"post","link":"https:\/\/agora.xtec.cat\/ies-castelldelquer-prats\/general\/entrevista-a-esportistes-delit\/","title":{"rendered":"ENTREVISTA A ESPORTISTES D\u2019ELIT"},"content":{"rendered":"<p><em><span style=\"font-weight: 400\">C. Grifell i L. Requena<\/span><\/em><\/p>\n<p>&nbsp;<\/p>\n<p><b>Hav\u00edeu pensat mai si entre els passadissos del nostre institut hi ha joves que, a m\u00e9s d\u2019estudiar, dediquen moltes hores a l\u2019esport d\u2019alt rendiment?<\/b><span style=\"font-weight: 400\"> Doncs s\u00ed: alguns i algunes alumnes del nostre centre han aconseguit destacar en disciplines ben interessants.\u00a0<\/span><\/p>\n<p>&nbsp;<\/p>\n<p><span style=\"font-weight: 400\">Per poder-nos informar m\u00e9s els hem entrevistat per saber com han arribat fins aqu\u00ed, amb quins equips competeixen, quins reptes han hagut\u00a0 d\u2019afrontar pel cam\u00ed\u2026<\/span><\/p>\n<p>&nbsp;<\/p>\n<p><span style=\"font-weight: 400\">Hem entrevistat des de motoristes fins a jugadors de horseball, i han sortit diferents resultats molt interessants.<\/span><\/p>\n<p>&nbsp;<\/p>\n<p><span style=\"font-weight: 400\">Primer comencem per con\u00e8ixer una mica el Gil Torras i la Carla Grifell, pilots d\u2019enduro. El Gil va comen\u00e7ar aquest esport als 5 anys i a competir als 8, des d\u2019aquell dia ha aconseguit competir en campionats de Catalunya on va quedar 3r, i al campionat d\u2019Espanya, que va aconseguir una merescuda 2a posici\u00f3. Per altra banda, la Carla va comen\u00e7ar a anar amb moto als 2 anys i a competir als 8, ella ha aconseguit una 1a posici\u00f3 al campionat d\u2019Espanya i una 2a posici\u00f3 al campionat de Catalunya. Tots dos ens han explicat que competeixen amb el Moto Club la Torre d\u2019Orist\u00e0 i amb l\u2019Ausi\u00f3 Racing Team. A aquest esport hi dediquen unes 12 h a la setmana. Tots dos coincideixen que, quan el practiquen, s\u2019ho passen molt b\u00e9.<\/span><\/p>\n<p><a href=\"https:\/\/agora.xtec.cat\/ies-castelldelquer-prats\/wp-content\/uploads\/usu2163\/2026\/01\/IMG_0844.jpg\"><img loading=\"lazy\" decoding=\"async\" class=\"alignnone  wp-image-6032\" src=\"https:\/\/agora.xtec.cat\/ies-castelldelquer-prats\/wp-content\/uploads\/usu2163\/2026\/01\/IMG_0844.jpg\" alt=\"\" width=\"245\" height=\"225\" srcset=\"https:\/\/agora.xtec.cat\/ies-castelldelquer-prats\/wp-content\/uploads\/usu2163\/2026\/01\/IMG_0844.jpg 828w, https:\/\/agora.xtec.cat\/ies-castelldelquer-prats\/wp-content\/uploads\/usu2163\/2026\/01\/IMG_0844-300x276.jpg 300w, https:\/\/agora.xtec.cat\/ies-castelldelquer-prats\/wp-content\/uploads\/usu2163\/2026\/01\/IMG_0844-768x706.jpg 768w\" sizes=\"auto, (max-width: 245px) 100vw, 245px\" \/>\u00a0\u00a0\u00a0\u00a0<\/a><a href=\"https:\/\/agora.xtec.cat\/ies-castelldelquer-prats\/wp-content\/uploads\/usu2163\/2026\/01\/IMG_0840.jpg\"><img loading=\"lazy\" decoding=\"async\" class=\"alignnone  wp-image-6036\" src=\"https:\/\/agora.xtec.cat\/ies-castelldelquer-prats\/wp-content\/uploads\/usu2163\/2026\/01\/IMG_0840.jpg\" alt=\"\" width=\"169\" height=\"225\" srcset=\"https:\/\/agora.xtec.cat\/ies-castelldelquer-prats\/wp-content\/uploads\/usu2163\/2026\/01\/IMG_0840.jpg 768w, https:\/\/agora.xtec.cat\/ies-castelldelquer-prats\/wp-content\/uploads\/usu2163\/2026\/01\/IMG_0840-225x300.jpg 225w\" sizes=\"auto, (max-width: 169px) 100vw, 169px\" \/><\/a><\/p>\n<p>&nbsp;<\/p>\n<p><span style=\"font-weight: 400\">La seg\u00fcent entrevista que hem fet ha estat a Queralt Sa\u00f1as, a Marc Boix i a Queralt Aranda, que practiquen atletisme. Aranda, Sa\u00f1as i Boix ens han explicat que van comen\u00e7ar molt joves, entre els cinc i sis anys, motivats per la passi\u00f3 per l\u2019esport o per influ\u00e8ncia familiar i amistats. Tots tres competeixen al Club Atl\u00e8tic Vic, i dediquen entre sis i tretze hores setmanals a entrenaments i competicions. Han participat en campionats de Catalunya i d\u2019Espanya, on han aconseguit podis individuals i per equips. Tot i alguna lesi\u00f3 lleu que han patit, gaudeixen de l\u2019esport per la disciplina, l\u2019emoci\u00f3 de competir i les amistats que hi han creat, aprenent i millorant cada setmana.<\/span><\/p>\n<p><a href=\"https:\/\/agora.xtec.cat\/ies-castelldelquer-prats\/wp-content\/uploads\/usu2163\/2026\/01\/IMG_0842-scaled.jpg\"><img loading=\"lazy\" decoding=\"async\" class=\"alignnone  wp-image-6031\" src=\"https:\/\/agora.xtec.cat\/ies-castelldelquer-prats\/wp-content\/uploads\/usu2163\/2026\/01\/IMG_0842-768x1024.jpg\" alt=\"\" width=\"184\" height=\"245\" srcset=\"https:\/\/agora.xtec.cat\/ies-castelldelquer-prats\/wp-content\/uploads\/usu2163\/2026\/01\/IMG_0842-768x1024.jpg 768w, https:\/\/agora.xtec.cat\/ies-castelldelquer-prats\/wp-content\/uploads\/usu2163\/2026\/01\/IMG_0842-225x300.jpg 225w, https:\/\/agora.xtec.cat\/ies-castelldelquer-prats\/wp-content\/uploads\/usu2163\/2026\/01\/IMG_0842-1152x1536.jpg 1152w, https:\/\/agora.xtec.cat\/ies-castelldelquer-prats\/wp-content\/uploads\/usu2163\/2026\/01\/IMG_0842-1536x2048.jpg 1536w, https:\/\/agora.xtec.cat\/ies-castelldelquer-prats\/wp-content\/uploads\/usu2163\/2026\/01\/IMG_0842-scaled.jpg 1920w\" sizes=\"auto, (max-width: 184px) 100vw, 184px\" \/><\/a><a href=\"https:\/\/agora.xtec.cat\/ies-castelldelquer-prats\/wp-content\/uploads\/usu2163\/2026\/01\/IMG_0845.jpg\"><img loading=\"lazy\" decoding=\"async\" class=\"alignnone  wp-image-6033\" src=\"https:\/\/agora.xtec.cat\/ies-castelldelquer-prats\/wp-content\/uploads\/usu2163\/2026\/01\/IMG_0845.jpg\" alt=\"\" width=\"231\" height=\"246\" srcset=\"https:\/\/agora.xtec.cat\/ies-castelldelquer-prats\/wp-content\/uploads\/usu2163\/2026\/01\/IMG_0845.jpg 828w, https:\/\/agora.xtec.cat\/ies-castelldelquer-prats\/wp-content\/uploads\/usu2163\/2026\/01\/IMG_0845-282x300.jpg 282w, https:\/\/agora.xtec.cat\/ies-castelldelquer-prats\/wp-content\/uploads\/usu2163\/2026\/01\/IMG_0845-768x818.jpg 768w\" sizes=\"auto, (max-width: 231px) 100vw, 231px\" \/><\/a><a href=\"https:\/\/agora.xtec.cat\/ies-castelldelquer-prats\/wp-content\/uploads\/usu2163\/2026\/01\/unnamed-2-1.jpg\"><img loading=\"lazy\" decoding=\"async\" class=\"alignnone  wp-image-6047\" src=\"https:\/\/agora.xtec.cat\/ies-castelldelquer-prats\/wp-content\/uploads\/usu2163\/2026\/01\/unnamed-2-1.jpg\" alt=\"\" width=\"184\" height=\"246\" srcset=\"https:\/\/agora.xtec.cat\/ies-castelldelquer-prats\/wp-content\/uploads\/usu2163\/2026\/01\/unnamed-2-1.jpg 768w, https:\/\/agora.xtec.cat\/ies-castelldelquer-prats\/wp-content\/uploads\/usu2163\/2026\/01\/unnamed-2-1-225x300.jpg 225w\" sizes=\"auto, (max-width: 184px) 100vw, 184px\" \/><\/a><\/p>\n<p><span style=\"font-weight: 400\">Respecte al patinatge, hem entrevistat Nora Plans i Irina Altarriba, dues esportistes del Club Pat\u00ed Llu\u00e7an\u00e8s. Plans va comen\u00e7ar a patinar als cinc anys, inspirada per la seva mare, i entrena unes tretze hores setmanals. Ha participat en campionats de Catalunya de xou, assolint una quarta posici\u00f3 en grup i una segona en quartet. Tot i les lesions, destaca els valors i la il\u00b7lusi\u00f3 per millorar. Altarriba tamb\u00e9 va comen\u00e7ar als cinc anys despr\u00e9s de deixar l\u2019hoquei, ja que no li agradava. Entrena unes 10 h o m\u00e9s setmanals. Competeix en xous i proves individuals, amb bons resultats comarcals i catalans, i valora l\u2019ambient de fam\u00edlia, l\u2019esfor\u00e7 i la superaci\u00f3 personal.<\/span><\/p>\n<p><a href=\"https:\/\/agora.xtec.cat\/ies-castelldelquer-prats\/wp-content\/uploads\/usu2163\/2026\/01\/IMG_0843.jpg\"><img loading=\"lazy\" decoding=\"async\" class=\"alignnone  wp-image-6037\" src=\"https:\/\/agora.xtec.cat\/ies-castelldelquer-prats\/wp-content\/uploads\/usu2163\/2026\/01\/IMG_0843.jpg\" alt=\"\" width=\"206\" height=\"275\" srcset=\"https:\/\/agora.xtec.cat\/ies-castelldelquer-prats\/wp-content\/uploads\/usu2163\/2026\/01\/IMG_0843.jpg 768w, https:\/\/agora.xtec.cat\/ies-castelldelquer-prats\/wp-content\/uploads\/usu2163\/2026\/01\/IMG_0843-225x300.jpg 225w\" sizes=\"auto, (max-width: 206px) 100vw, 206px\" \/><\/a><a href=\"https:\/\/agora.xtec.cat\/ies-castelldelquer-prats\/wp-content\/uploads\/usu2163\/2026\/01\/unnamed-14.jpg\"><img loading=\"lazy\" decoding=\"async\" class=\"alignnone  wp-image-6051\" src=\"https:\/\/agora.xtec.cat\/ies-castelldelquer-prats\/wp-content\/uploads\/usu2163\/2026\/01\/unnamed-14.jpg\" alt=\"\" width=\"143\" height=\"273\" srcset=\"https:\/\/agora.xtec.cat\/ies-castelldelquer-prats\/wp-content\/uploads\/usu2163\/2026\/01\/unnamed-14.jpg 440w, https:\/\/agora.xtec.cat\/ies-castelldelquer-prats\/wp-content\/uploads\/usu2163\/2026\/01\/unnamed-14-157x300.jpg 157w\" sizes=\"auto, (max-width: 143px) 100vw, 143px\" \/><\/a><\/p>\n<p><span style=\"font-weight: 400\">Tamb\u00e9 hem entrevistat a Jan D\u00edez, que practica l\u2019esport de nataci\u00f3. D\u00edez \u00e9s un esportista que va comen\u00e7ar a nedar als tres anys per la preocupaci\u00f3 de la seva mare perqu\u00e8 no prengu\u00e9s mal a l\u2019aigua. Actualment competeix amb el Club Nataci\u00f3 Manresa i hi dedica unes quinze hores setmanals. Ha participat en campionats de Catalunya i d\u2019Espanya, on ha obtingut resultats destacats com una medalla estatal en el 4&#215;100 estils. Un dels problemes m\u00e9s destacats que ha tingut ha estat una lesi\u00f3 a l\u2019espatlla. El que m\u00e9s li agrada d\u2019aquest esport \u00e9s el companyerisme i tota la gent que coneix.<\/span><\/p>\n<p><a href=\"https:\/\/agora.xtec.cat\/ies-castelldelquer-prats\/wp-content\/uploads\/usu2163\/2026\/01\/IMG_0494-scaled.jpg\"><img loading=\"lazy\" decoding=\"async\" class=\"alignnone  wp-image-6034\" src=\"https:\/\/agora.xtec.cat\/ies-castelldelquer-prats\/wp-content\/uploads\/usu2163\/2026\/01\/IMG_0494-768x1024.jpg\" alt=\"\" width=\"209\" height=\"279\" srcset=\"https:\/\/agora.xtec.cat\/ies-castelldelquer-prats\/wp-content\/uploads\/usu2163\/2026\/01\/IMG_0494-768x1024.jpg 768w, https:\/\/agora.xtec.cat\/ies-castelldelquer-prats\/wp-content\/uploads\/usu2163\/2026\/01\/IMG_0494-225x300.jpg 225w, https:\/\/agora.xtec.cat\/ies-castelldelquer-prats\/wp-content\/uploads\/usu2163\/2026\/01\/IMG_0494-1152x1536.jpg 1152w, https:\/\/agora.xtec.cat\/ies-castelldelquer-prats\/wp-content\/uploads\/usu2163\/2026\/01\/IMG_0494-1536x2048.jpg 1536w, https:\/\/agora.xtec.cat\/ies-castelldelquer-prats\/wp-content\/uploads\/usu2163\/2026\/01\/IMG_0494-scaled.jpg 1920w\" sizes=\"auto, (max-width: 209px) 100vw, 209px\" \/><\/a><\/p>\n<p><span style=\"font-weight: 400\">A continuaci\u00f3 parlem de Maria Soler, que ha aconseguit destacar en l\u2019esport del futbol. Maria \u00e9s una jugadora de futbol del RCD Espanyol que, des dels 4 anys, practica aquest esport. Soler afirma que el fet de ser l\u2019\u00fanica nena del seu club, li va ser dif\u00edcil per\u00f2 la va motivar a seguir. Ha guanyat cinc lligues, ha estat subcampiona de Catalunya dues vegades i tercera d\u2019Espanya. Dedica m\u00e9s de nou hores setmanals entre entrenaments i partits. Soler ens ha explicat que el que m\u00e9s li agrada d\u2019aquest esport \u00e9s\u00a0 la din\u00e0mica del joc en equip i la sensaci\u00f3 de marcar gols.<\/span><\/p>\n<p><a href=\"https:\/\/agora.xtec.cat\/ies-castelldelquer-prats\/wp-content\/uploads\/usu2163\/2026\/01\/PHOTO-2026-01-14-15-21-35.jpg\"><img loading=\"lazy\" decoding=\"async\" class=\"alignnone  wp-image-6048\" src=\"https:\/\/agora.xtec.cat\/ies-castelldelquer-prats\/wp-content\/uploads\/usu2163\/2026\/01\/PHOTO-2026-01-14-15-21-35-684x1024.jpg\" alt=\"\" width=\"213\" height=\"319\" srcset=\"https:\/\/agora.xtec.cat\/ies-castelldelquer-prats\/wp-content\/uploads\/usu2163\/2026\/01\/PHOTO-2026-01-14-15-21-35-684x1024.jpg 684w, https:\/\/agora.xtec.cat\/ies-castelldelquer-prats\/wp-content\/uploads\/usu2163\/2026\/01\/PHOTO-2026-01-14-15-21-35-200x300.jpg 200w, https:\/\/agora.xtec.cat\/ies-castelldelquer-prats\/wp-content\/uploads\/usu2163\/2026\/01\/PHOTO-2026-01-14-15-21-35-768x1151.jpg 768w, https:\/\/agora.xtec.cat\/ies-castelldelquer-prats\/wp-content\/uploads\/usu2163\/2026\/01\/PHOTO-2026-01-14-15-21-35-1025x1536.jpg 1025w, https:\/\/agora.xtec.cat\/ies-castelldelquer-prats\/wp-content\/uploads\/usu2163\/2026\/01\/PHOTO-2026-01-14-15-21-35.jpg 1068w\" sizes=\"auto, (max-width: 213px) 100vw, 213px\" \/><\/a><\/p>\n<p><span style=\"font-weight: 400\">Respecte al horseball, hem entrevistat Aleix T\u00e9llez. Ell ens ha explicat que des que ha comen\u00e7at ja ha estat campi\u00f3 d\u2019Espanya i ha representat la selecci\u00f3 catalana. T\u00e9llez ens ha explicat que va comen\u00e7ar a muntar a cavall als quatre anys i a jugar a Horseball als sis, inspirat pel seu germ\u00e0 que tamb\u00e9 juga i ha aconseguit destacar. Hi dedica unes 6 o 7 hores setmanals al Club H\u00edpic GT.\u00a0 T\u00e9llez li agrada aquest esport per la rapidesa, el contacte i perqu\u00e8 \u00e9s poc conegut.<\/span><\/p>\n<p><a href=\"https:\/\/agora.xtec.cat\/ies-castelldelquer-prats\/wp-content\/uploads\/usu2163\/2026\/01\/IMG_0851-scaled.jpg\"><img loading=\"lazy\" decoding=\"async\" class=\"alignnone  wp-image-6049\" src=\"https:\/\/agora.xtec.cat\/ies-castelldelquer-prats\/wp-content\/uploads\/usu2163\/2026\/01\/IMG_0851-768x1024.jpg\" alt=\"\" width=\"209\" height=\"279\" srcset=\"https:\/\/agora.xtec.cat\/ies-castelldelquer-prats\/wp-content\/uploads\/usu2163\/2026\/01\/IMG_0851-768x1024.jpg 768w, https:\/\/agora.xtec.cat\/ies-castelldelquer-prats\/wp-content\/uploads\/usu2163\/2026\/01\/IMG_0851-225x300.jpg 225w, https:\/\/agora.xtec.cat\/ies-castelldelquer-prats\/wp-content\/uploads\/usu2163\/2026\/01\/IMG_0851-1152x1536.jpg 1152w, https:\/\/agora.xtec.cat\/ies-castelldelquer-prats\/wp-content\/uploads\/usu2163\/2026\/01\/IMG_0851-1536x2048.jpg 1536w, https:\/\/agora.xtec.cat\/ies-castelldelquer-prats\/wp-content\/uploads\/usu2163\/2026\/01\/IMG_0851-scaled.jpg 1920w\" sizes=\"auto, (max-width: 209px) 100vw, 209px\" \/><\/a><\/p>\n<p><span style=\"font-weight: 400\">Per \u00faltim hem entrevistat Roc Puig, esquiador de muntanya que ha participat en campionats de Catalunya i d\u2019Espanya, representant la Federaci\u00f3 Catalana i el Club Montanrunners de Berga (MRB). Puig ens ha explicat que ha aconseguit dos segons llocs al campionat de Catalunya. Va descobrir l\u2019esport als 11 anys gr\u00e0cies al seu pare i va comen\u00e7ar a competir als 14, i entrena unes 10 hores setmanals. Al llarg de la seva traject\u00f2ria nom\u00e9s ha patit una lesi\u00f3 al dit. El que m\u00e9s li agrada s\u00f3n les baixades, on pot anar m\u00e9s r\u00e0pid i gaudir m\u00e9s.<\/span><\/p>\n<p><a href=\"https:\/\/agora.xtec.cat\/ies-castelldelquer-prats\/wp-content\/uploads\/usu2163\/2026\/01\/IMG_0846.jpg\"><img loading=\"lazy\" decoding=\"async\" class=\"alignnone  wp-image-6050\" src=\"https:\/\/agora.xtec.cat\/ies-castelldelquer-prats\/wp-content\/uploads\/usu2163\/2026\/01\/IMG_0846.jpg\" alt=\"\" width=\"245\" height=\"181\" srcset=\"https:\/\/agora.xtec.cat\/ies-castelldelquer-prats\/wp-content\/uploads\/usu2163\/2026\/01\/IMG_0846.jpg 828w, https:\/\/agora.xtec.cat\/ies-castelldelquer-prats\/wp-content\/uploads\/usu2163\/2026\/01\/IMG_0846-300x221.jpg 300w, https:\/\/agora.xtec.cat\/ies-castelldelquer-prats\/wp-content\/uploads\/usu2163\/2026\/01\/IMG_0846-768x567.jpg 768w\" sizes=\"auto, (max-width: 245px) 100vw, 245px\" \/><\/a><\/p>\n<p><span style=\"font-weight: 400\">Per \u00faltim des de l\u2019assignatura de joves reporters, volem animar-los a tots i a totes a seguir amb el que fan i que puguin arribar molt lluny.<\/span><\/p>\n<p>&nbsp;<\/p>\n","protected":false},"excerpt":{"rendered":"<p>C. Grifell i L. Requena<br \/>\n&nbsp;<br \/>\nHav\u00edeu pensat mai si entre els passadissos del nostre institut hi ha joves que, a m\u00e9s d\u2019estudiar, dediquen moltes hores a l\u2019esport d\u2019alt rendiment? Doncs s\u00ed: alguns i algunes alumnes del nostre centre han aconseguit destacar en disciplines ben interessants.\u00a0<br \/>\n&nbsp;<br \/>\nPer poder-nos&hellip;  <a href=\"https:\/\/agora.xtec.cat\/ies-castelldelquer-prats\/general\/entrevista-a-esportistes-delit\/\" title=\"Read ENTREVISTA A ESPORTISTES D\u2019ELIT\">Llegeix m\u00e9s\u00bb<\/a><\/p>\n","protected":false},"author":7,"featured_media":6032,"comment_status":"closed","ping_status":"open","sticky":false,"template":"","format":"standard","meta":{"_bbp_topic_count":0,"_bbp_reply_count":0,"_bbp_total_topic_count":0,"_bbp_total_reply_count":0,"_bbp_voice_count":0,"_bbp_anonymous_reply_count":0,"_bbp_topic_count_hidden":0,"_bbp_reply_count_hidden":0,"_bbp_forum_subforum_count":0,"footnotes":""},"categories":[1,29],"tags":[],"class_list":["post-6042","post","type-post","status-publish","format-standard","has-post-thumbnail","hentry","category-general","category-portada"],"post_mailing_queue_ids":[],"_links":{"self":[{"href":"https:\/\/agora.xtec.cat\/ies-castelldelquer-prats\/wp-json\/wp\/v2\/posts\/6042","targetHints":{"allow":["GET"]}}],"collection":[{"href":"https:\/\/agora.xtec.cat\/ies-castelldelquer-prats\/wp-json\/wp\/v2\/posts"}],"about":[{"href":"https:\/\/agora.xtec.cat\/ies-castelldelquer-prats\/wp-json\/wp\/v2\/types\/post"}],"author":[{"embeddable":true,"href":"https:\/\/agora.xtec.cat\/ies-castelldelquer-prats\/wp-json\/wp\/v2\/users\/7"}],"replies":[{"embeddable":true,"href":"https:\/\/agora.xtec.cat\/ies-castelldelquer-prats\/wp-json\/wp\/v2\/comments?post=6042"}],"version-history":[{"count":1,"href":"https:\/\/agora.xtec.cat\/ies-castelldelquer-prats\/wp-json\/wp\/v2\/posts\/6042\/revisions"}],"predecessor-version":[{"id":6052,"href":"https:\/\/agora.xtec.cat\/ies-castelldelquer-prats\/wp-json\/wp\/v2\/posts\/6042\/revisions\/6052"}],"wp:featuredmedia":[{"embeddable":true,"href":"https:\/\/agora.xtec.cat\/ies-castelldelquer-prats\/wp-json\/wp\/v2\/media\/6032"}],"wp:attachment":[{"href":"https:\/\/agora.xtec.cat\/ies-castelldelquer-prats\/wp-json\/wp\/v2\/media?parent=6042"}],"wp:term":[{"taxonomy":"category","embeddable":true,"href":"https:\/\/agora.xtec.cat\/ies-castelldelquer-prats\/wp-json\/wp\/v2\/categories?post=6042"},{"taxonomy":"post_tag","embeddable":true,"href":"https:\/\/agora.xtec.cat\/ies-castelldelquer-prats\/wp-json\/wp\/v2\/tags?post=6042"}],"curies":[{"name":"wp","href":"https:\/\/api.w.org\/{rel}","templated":true}]}}