{"id":6029,"date":"2026-01-16T09:43:52","date_gmt":"2026-01-16T08:43:52","guid":{"rendered":"https:\/\/agora.xtec.cat\/ies-castelldelquer-prats\/?p=6029"},"modified":"2026-01-19T12:29:07","modified_gmt":"2026-01-19T11:29:07","slug":"el-futur-dalguns-alumnes-de-batxillerat","status":"publish","type":"post","link":"https:\/\/agora.xtec.cat\/ies-castelldelquer-prats\/general\/el-futur-dalguns-alumnes-de-batxillerat\/","title":{"rendered":"EL FUTUR D\u2019ALGUNS ALUMNES DE BATXILLERAT"},"content":{"rendered":"<p><span style=\"font-weight: 400\">Fa uns dies dins l\u2019optativa Joves Reporters, i amb la finalitat de con\u00e8ixer quins plans de futur tenen els alumnes de 1r de Batxillerat,\u00a0 vam entrevistar alguns de les diferents branques acad\u00e8miques per saber qu\u00e8\u00a0 pensen del curs, si troben dif\u00edcil l\u2019etapa, qu\u00e8 volen estudiar, quines optatives\u00a0 fan, quines notes necessiten per entrar a la Universitat\u00a0 i quines expectatives de futur tenen.<\/span><\/p>\n<p><span style=\"font-weight: 400\"><a href=\"https:\/\/agora.xtec.cat\/ies-castelldelquer-prats\/wp-content\/uploads\/usu2163\/2026\/01\/Captura-de-pantalla-2026-01-16-092837.png\"><img loading=\"lazy\" decoding=\"async\" class=\"wp-image-6039 alignleft\" src=\"https:\/\/agora.xtec.cat\/ies-castelldelquer-prats\/wp-content\/uploads\/usu2163\/2026\/01\/Captura-de-pantalla-2026-01-16-092837.png\" alt=\"\" width=\"95\" height=\"242\" srcset=\"https:\/\/agora.xtec.cat\/ies-castelldelquer-prats\/wp-content\/uploads\/usu2163\/2026\/01\/Captura-de-pantalla-2026-01-16-092837.png 161w, https:\/\/agora.xtec.cat\/ies-castelldelquer-prats\/wp-content\/uploads\/usu2163\/2026\/01\/Captura-de-pantalla-2026-01-16-092837-118x300.png 118w\" sizes=\"auto, (max-width: 95px) 100vw, 95px\" \/><\/a>En primer lloc, en Pol, que fa el batxillerat human\u00edstic, considera que no \u00e9s especialment dif\u00edcil, per\u00f2 s\u00ed que requereix const\u00e0ncia i portar les classes al dia ja que, si no es fa, \u00e9s f\u00e0cil quedar-se enrere. Va escollir-lo perqu\u00e8 vol estudiar una carrera relacionada amb els idiomes. Les optatives que est\u00e0 cursant s\u00f3n Economia, Empresa, Llat\u00ed, Literatura, Psicologia, i Itali\u00e0 a l\u2019IOC. T\u00e9 clar que far\u00e0 les PAU i que li agradaria estudiar Literatura i Lleng\u00fces Modernes, concretament filologia anglesa i francesa, una carrera que s\u2019ofereix a la universitat p\u00fablica amb una nota de tall aproximada d\u2019un 5. Si no aconsegueix entrar-hi, faria un grau superior i accediria m\u00e9s endavant a la universitat.<\/span><\/p>\n<p>&nbsp;<\/p>\n<p>&nbsp;<\/p>\n<p>&nbsp;<\/p>\n<p><span style=\"font-weight: 400\"><a href=\"https:\/\/agora.xtec.cat\/ies-castelldelquer-prats\/wp-content\/uploads\/usu2163\/2026\/01\/unnamed-1.jpg\"><img loading=\"lazy\" decoding=\"async\" class=\" wp-image-6040 alignright\" src=\"https:\/\/agora.xtec.cat\/ies-castelldelquer-prats\/wp-content\/uploads\/usu2163\/2026\/01\/unnamed-1.jpg\" alt=\"\" width=\"153\" height=\"204\" srcset=\"https:\/\/agora.xtec.cat\/ies-castelldelquer-prats\/wp-content\/uploads\/usu2163\/2026\/01\/unnamed-1.jpg 768w, https:\/\/agora.xtec.cat\/ies-castelldelquer-prats\/wp-content\/uploads\/usu2163\/2026\/01\/unnamed-1-225x300.jpg 225w\" sizes=\"auto, (max-width: 153px) 100vw, 153px\" \/><\/a>Pel que fa a la Irina, alumna de batxillerat social, explica que li resulta bastant dif\u00edcil a causa de la feina i l\u2019exig\u00e8ncia respecte a l\u2019ESO. Tot i haver tingut moments no tan bons, intenta estar motivada i positiva. Est\u00e0 cursant les optatives de Biologia, Reptes, Llat\u00ed, Hist\u00f2ria i Psicologia, tot i que es va plantejar canviar Biologia per Funcionament de l\u2019Empresa i fer Ci\u00e8ncies Generals a la IOC, ja que li ponderen per accedir a la universitat. El seu objectiu \u00e9s cursar el doble grau de Criminologia i Dret per poder treballar als Mossos d\u2019Esquadra, concretament al Departament d\u2019Investigacions Avan\u00e7ades. La nota de tall a la universitat p\u00fablica se situa entre un 9 i un 10, i a una privada un 5. Si no hi pot accedir, optaria per preparar-se per les oposicions de Mosso d\u2019Esquadra, repetir les PAU al setembre o estudiar altres carreres com Psicologia, Dret o Educaci\u00f3 Infantil.<\/span><\/p>\n<p>&nbsp;<\/p>\n<p><span style=\"font-weight: 400\">D\u2019altra band<a href=\"https:\/\/agora.xtec.cat\/ies-castelldelquer-prats\/wp-content\/uploads\/usu2163\/2026\/01\/IMG_0476-scaled.jpg\"><img loading=\"lazy\" decoding=\"async\" class=\"wp-image-6035 alignleft\" src=\"https:\/\/agora.xtec.cat\/ies-castelldelquer-prats\/wp-content\/uploads\/usu2163\/2026\/01\/IMG_0476-768x1024.jpg\" alt=\"\" width=\"157\" height=\"209\" srcset=\"https:\/\/agora.xtec.cat\/ies-castelldelquer-prats\/wp-content\/uploads\/usu2163\/2026\/01\/IMG_0476-768x1024.jpg 768w, https:\/\/agora.xtec.cat\/ies-castelldelquer-prats\/wp-content\/uploads\/usu2163\/2026\/01\/IMG_0476-225x300.jpg 225w, https:\/\/agora.xtec.cat\/ies-castelldelquer-prats\/wp-content\/uploads\/usu2163\/2026\/01\/IMG_0476-1152x1536.jpg 1152w, https:\/\/agora.xtec.cat\/ies-castelldelquer-prats\/wp-content\/uploads\/usu2163\/2026\/01\/IMG_0476-1536x2048.jpg 1536w, https:\/\/agora.xtec.cat\/ies-castelldelquer-prats\/wp-content\/uploads\/usu2163\/2026\/01\/IMG_0476-scaled.jpg 1920w\" sizes=\"auto, (max-width: 157px) 100vw, 157px\" \/><\/a>a, l\u2019Odette, que cursa el batxillerat cient\u00edfic, considera que m\u00e9s que dif\u00edcil, el que requereix \u00e9s const\u00e0ncia i organitzaci\u00f3, ja que els continguts s\u00f3n una ampliaci\u00f3 dels cursos anteriors. Les optatives que cursa s\u00f3n Biologia, Qu\u00edmica, Reptes Cient\u00edfics, Joves Reporters i Psicologia.\u00a0 El seu objectiu \u00e9s estudiar Biomedicina, una carrera amb una nota de tall d\u2019un 12\u20191-12\u201935 a la universitat p\u00fablica, i a la privada d\u2019un 10\u20195. Si no aconsegueix entrar-hi, es planteja estudiar Biologia i despr\u00e9s especialitzar-se en \u00e0mbits com la microbiologia, la gen\u00e8tica, la biomedicina o la immunologia.\u00a0<\/span><\/p>\n<p>&nbsp;<\/p>\n<p>&nbsp;<\/p>\n<p><a href=\"https:\/\/agora.xtec.cat\/ies-castelldelquer-prats\/wp-content\/uploads\/usu2163\/2026\/01\/IMG_0492-2.jpg\"><img loading=\"lazy\" decoding=\"async\" class=\"wp-image-6038 alignright\" src=\"https:\/\/agora.xtec.cat\/ies-castelldelquer-prats\/wp-content\/uploads\/usu2163\/2026\/01\/IMG_0492-2.jpg\" alt=\"\" width=\"164\" height=\"219\" srcset=\"https:\/\/agora.xtec.cat\/ies-castelldelquer-prats\/wp-content\/uploads\/usu2163\/2026\/01\/IMG_0492-2.jpg 767w, https:\/\/agora.xtec.cat\/ies-castelldelquer-prats\/wp-content\/uploads\/usu2163\/2026\/01\/IMG_0492-2-225x300.jpg 225w\" sizes=\"auto, (max-width: 164px) 100vw, 164px\" \/><\/a><\/p>\n<p><span style=\"font-weight: 400\">Finalment, la Maria, que cursa el batxillerat cient\u00edfic-tecnol\u00f2gic, diu que algunes assignatures li resulten dif\u00edcils, per\u00f2 que se sent m\u00e9s c\u00f2moda amb els n\u00fameros i les mat\u00e8ries t\u00e8cniques. Les optatives que ha escollit s\u00f3n Dibuix T\u00e8cnic, F\u00edsica, Programaci\u00f3, Funcionament de l\u2019Empresa i Tecnologia, ja que s\u00f3n necess\u00e0ries per a les carreres que li interessen. <\/span><span style=\"font-weight: 400\">No t\u00e9 clar si far\u00e0 la selectivitat, ja que primer vol cursar un grau superior i despr\u00e9s accedir a la \u00a0 universitat. Les carreres que m\u00e9s li criden l\u2019atenci\u00f3 s\u00f3n Arquitectura o Odontologia, amb una nota de tall aproximada d\u2019entre 9 i 10 a la universitat p\u00fablica i d\u2019un 5 a la privada.<\/span><\/p>\n<p>&nbsp;<\/p>\n<p><span style=\"font-weight: 400\">En conclusi\u00f3, els quatre alumnes entrevistats noten un canvi considerable respecte als estudis d\u2019ESO per\u00f2 consideren que amb esfor\u00e7 i dedicaci\u00f3 di\u00e0ria no hi tindran cap entrebanc. Hem pogut veure que tenen expectatives de futur diferents per\u00f2 tots tenen objectius clars i altres alternatives per continuar formant-se. Esperem que els vagi molt b\u00e9 i que puguin aconseguir tot all\u00f2 que es proposin!<\/span><\/p>\n<p><br style=\"font-weight: 400\" \/><br style=\"font-weight: 400\" \/><\/p>\n","protected":false},"excerpt":{"rendered":"<p>Fa uns dies dins l\u2019optativa Joves Reporters, i amb la finalitat de con\u00e8ixer quins plans de futur tenen els alumnes de 1r de Batxillerat,\u00a0 vam entrevistar alguns de les diferents branques acad\u00e8miques per saber qu\u00e8\u00a0 pensen del curs, si troben dif\u00edcil l\u2019etapa, qu\u00e8 volen estudiar,&hellip;  <a href=\"https:\/\/agora.xtec.cat\/ies-castelldelquer-prats\/general\/el-futur-dalguns-alumnes-de-batxillerat\/\" title=\"Read EL FUTUR D\u2019ALGUNS ALUMNES DE BATXILLERAT\">Llegeix m\u00e9s\u00bb<\/a><\/p>\n","protected":false},"author":7,"featured_media":6053,"comment_status":"closed","ping_status":"closed","sticky":false,"template":"","format":"standard","meta":{"_bbp_topic_count":0,"_bbp_reply_count":0,"_bbp_total_topic_count":0,"_bbp_total_reply_count":0,"_bbp_voice_count":0,"_bbp_anonymous_reply_count":0,"_bbp_topic_count_hidden":0,"_bbp_reply_count_hidden":0,"_bbp_forum_subforum_count":0,"footnotes":""},"categories":[8,1,29],"tags":[],"class_list":["post-6029","post","type-post","status-publish","format-standard","has-post-thumbnail","hentry","category-batxillerat","category-general","category-portada"],"post_mailing_queue_ids":[],"_links":{"self":[{"href":"https:\/\/agora.xtec.cat\/ies-castelldelquer-prats\/wp-json\/wp\/v2\/posts\/6029","targetHints":{"allow":["GET"]}}],"collection":[{"href":"https:\/\/agora.xtec.cat\/ies-castelldelquer-prats\/wp-json\/wp\/v2\/posts"}],"about":[{"href":"https:\/\/agora.xtec.cat\/ies-castelldelquer-prats\/wp-json\/wp\/v2\/types\/post"}],"author":[{"embeddable":true,"href":"https:\/\/agora.xtec.cat\/ies-castelldelquer-prats\/wp-json\/wp\/v2\/users\/7"}],"replies":[{"embeddable":true,"href":"https:\/\/agora.xtec.cat\/ies-castelldelquer-prats\/wp-json\/wp\/v2\/comments?post=6029"}],"version-history":[{"count":1,"href":"https:\/\/agora.xtec.cat\/ies-castelldelquer-prats\/wp-json\/wp\/v2\/posts\/6029\/revisions"}],"predecessor-version":[{"id":6041,"href":"https:\/\/agora.xtec.cat\/ies-castelldelquer-prats\/wp-json\/wp\/v2\/posts\/6029\/revisions\/6041"}],"wp:featuredmedia":[{"embeddable":true,"href":"https:\/\/agora.xtec.cat\/ies-castelldelquer-prats\/wp-json\/wp\/v2\/media\/6053"}],"wp:attachment":[{"href":"https:\/\/agora.xtec.cat\/ies-castelldelquer-prats\/wp-json\/wp\/v2\/media?parent=6029"}],"wp:term":[{"taxonomy":"category","embeddable":true,"href":"https:\/\/agora.xtec.cat\/ies-castelldelquer-prats\/wp-json\/wp\/v2\/categories?post=6029"},{"taxonomy":"post_tag","embeddable":true,"href":"https:\/\/agora.xtec.cat\/ies-castelldelquer-prats\/wp-json\/wp\/v2\/tags?post=6029"}],"curies":[{"name":"wp","href":"https:\/\/api.w.org\/{rel}","templated":true}]}}