{"id":6010,"date":"2026-01-12T12:19:17","date_gmt":"2026-01-12T11:19:17","guid":{"rendered":"https:\/\/agora.xtec.cat\/ies-castelldelquer-prats\/?p=6010"},"modified":"2026-01-12T12:19:17","modified_gmt":"2026-01-12T11:19:17","slug":"el-gran-espectacle-de-nadal-a-linstitut-va-donar-pas-a-les-vacances","status":"publish","type":"post","link":"https:\/\/agora.xtec.cat\/ies-castelldelquer-prats\/general\/el-gran-espectacle-de-nadal-a-linstitut-va-donar-pas-a-les-vacances\/","title":{"rendered":"EL GRAN ESPECTACLE DE NADAL A L\u2019INSTITUT VA DONAR PAS A LES VACANCES"},"content":{"rendered":"<p><em><span style=\"font-weight: 400\">R. Puig, M. Compte<\/span><\/em><\/p>\n<p>&nbsp;<\/p>\n<p><span style=\"font-weight: 400\">Aquest curs, com \u00e9s habitual, l\u2019Institut va celebrar el tradicional espectacle de Nadal que va tenir lloc el passat 20 de desembre. Al comen\u00e7ament de la jornada, tots els alumnes es van reunir a les seves respectives classes per adequar-les i deixar-les netes i endre\u00e7ades i per lliurar els seus regals de l&#8217;amic invisible; tot seguit es va baixar al pati per gaudir de l\u2019esmorzar organitzat pels alumnes de 2n d\u2019ESO, enguany amenitzat pel grup de combo del Centre.<\/span><\/p>\n<p><a href=\"https:\/\/agora.xtec.cat\/ies-castelldelquer-prats\/wp-content\/uploads\/usu2163\/2026\/01\/unnamed.jpg\"><img loading=\"lazy\" decoding=\"async\" class=\" wp-image-6013 alignright\" src=\"https:\/\/agora.xtec.cat\/ies-castelldelquer-prats\/wp-content\/uploads\/usu2163\/2026\/01\/unnamed.jpg\" alt=\"\" width=\"449\" height=\"269\" srcset=\"https:\/\/agora.xtec.cat\/ies-castelldelquer-prats\/wp-content\/uploads\/usu2163\/2026\/01\/unnamed.jpg 751w, https:\/\/agora.xtec.cat\/ies-castelldelquer-prats\/wp-content\/uploads\/usu2163\/2026\/01\/unnamed-300x180.jpg 300w\" sizes=\"auto, (max-width: 449px) 100vw, 449px\" \/><\/a><\/p>\n<p><span style=\"font-weight: 400\">Acabat l\u2019esmorzar, els joves es va despla\u00e7ar a la Sala Polivalent de Prats on els alumnes i els professors de l&#8217;Institut van participar en les diverses actuacions preparades anteriorment. L\u2019espectacle va durar dues hores aproximadament, i el tema triat enguany va tractar les meravelles del m\u00f3n antic. El curs de 1r d\u2019ESO van representar les pir\u00e0mides d&#8217;Egipte;\u00a0 2n d\u2019ESO es va centrar en el far d\u2019Alexandria;\u00a0 els alumnes de 3r van representar els Jardins de Babil\u00f2nia; 4t d\u2019ESO, com ja \u00e9s tradici\u00f3, van representar una petita part del musical que estan preparant. Pel que fa a Batxillerat, els alumnes de 1r\u00a0 van realitzar el seu espectacle sobre el Col\u00f3s de Rodes, i l&#8217;est\u00e0tua de Zeus. I , finalment , el grup de professors va fer una actuaci\u00f3 sobre \u00c0rtemis.<\/span><\/p>\n<p><span style=\"font-weight: 400\">Totes les actuacions van estar ben treballades i assajades. D\u2019aquesta manera es va donar pas a les esperades vacances de Nadal. <\/span><\/p>\n","protected":false},"excerpt":{"rendered":"<p>R. Puig, M. Compte<br \/>\n&nbsp;<br \/>\nAquest curs, com \u00e9s habitual, l\u2019Institut va celebrar el tradicional espectacle de Nadal que va tenir lloc el passat 20 de desembre. Al comen\u00e7ament de la jornada, tots els alumnes es van reunir a les seves respectives classes per adequar-les i deixar-les&hellip;  <a href=\"https:\/\/agora.xtec.cat\/ies-castelldelquer-prats\/general\/el-gran-espectacle-de-nadal-a-linstitut-va-donar-pas-a-les-vacances\/\" title=\"Read EL GRAN ESPECTACLE DE NADAL A L\u2019INSTITUT VA DONAR PAS A LES VACANCES\">Llegeix m\u00e9s\u00bb<\/a><\/p>\n","protected":false},"author":7,"featured_media":6012,"comment_status":"open","ping_status":"open","sticky":false,"template":"","format":"standard","meta":{"_bbp_topic_count":0,"_bbp_reply_count":0,"_bbp_total_topic_count":0,"_bbp_total_reply_count":0,"_bbp_voice_count":0,"_bbp_anonymous_reply_count":0,"_bbp_topic_count_hidden":0,"_bbp_reply_count_hidden":0,"_bbp_forum_subforum_count":0,"footnotes":""},"categories":[1,29],"tags":[],"class_list":["post-6010","post","type-post","status-publish","format-standard","has-post-thumbnail","hentry","category-general","category-portada"],"post_mailing_queue_ids":[],"_links":{"self":[{"href":"https:\/\/agora.xtec.cat\/ies-castelldelquer-prats\/wp-json\/wp\/v2\/posts\/6010","targetHints":{"allow":["GET"]}}],"collection":[{"href":"https:\/\/agora.xtec.cat\/ies-castelldelquer-prats\/wp-json\/wp\/v2\/posts"}],"about":[{"href":"https:\/\/agora.xtec.cat\/ies-castelldelquer-prats\/wp-json\/wp\/v2\/types\/post"}],"author":[{"embeddable":true,"href":"https:\/\/agora.xtec.cat\/ies-castelldelquer-prats\/wp-json\/wp\/v2\/users\/7"}],"replies":[{"embeddable":true,"href":"https:\/\/agora.xtec.cat\/ies-castelldelquer-prats\/wp-json\/wp\/v2\/comments?post=6010"}],"version-history":[{"count":1,"href":"https:\/\/agora.xtec.cat\/ies-castelldelquer-prats\/wp-json\/wp\/v2\/posts\/6010\/revisions"}],"predecessor-version":[{"id":6014,"href":"https:\/\/agora.xtec.cat\/ies-castelldelquer-prats\/wp-json\/wp\/v2\/posts\/6010\/revisions\/6014"}],"wp:featuredmedia":[{"embeddable":true,"href":"https:\/\/agora.xtec.cat\/ies-castelldelquer-prats\/wp-json\/wp\/v2\/media\/6012"}],"wp:attachment":[{"href":"https:\/\/agora.xtec.cat\/ies-castelldelquer-prats\/wp-json\/wp\/v2\/media?parent=6010"}],"wp:term":[{"taxonomy":"category","embeddable":true,"href":"https:\/\/agora.xtec.cat\/ies-castelldelquer-prats\/wp-json\/wp\/v2\/categories?post=6010"},{"taxonomy":"post_tag","embeddable":true,"href":"https:\/\/agora.xtec.cat\/ies-castelldelquer-prats\/wp-json\/wp\/v2\/tags?post=6010"}],"curies":[{"name":"wp","href":"https:\/\/api.w.org\/{rel}","templated":true}]}}