{"id":5989,"date":"2025-12-12T09:17:38","date_gmt":"2025-12-12T08:17:38","guid":{"rendered":"https:\/\/agora.xtec.cat\/ies-castelldelquer-prats\/?p=5989"},"modified":"2025-12-12T09:18:25","modified_gmt":"2025-12-12T08:18:25","slug":"la-festa-major-dorista","status":"publish","type":"post","link":"https:\/\/agora.xtec.cat\/ies-castelldelquer-prats\/general\/la-festa-major-dorista\/","title":{"rendered":"LA FESTA MAJOR D\u2019ORIST\u00c0"},"content":{"rendered":"<p><span style=\"font-weight: 400\">R.Puig, M.Compte, O.Rios<\/span><\/p>\n<p><a href=\"https:\/\/agora.xtec.cat\/ies-castelldelquer-prats\/wp-content\/uploads\/usu2163\/2025\/12\/IMG_7051.jpg\"><img loading=\"lazy\" decoding=\"async\" class=\" wp-image-5992\" src=\"https:\/\/agora.xtec.cat\/ies-castelldelquer-prats\/wp-content\/uploads\/usu2163\/2025\/12\/IMG_7051.jpg\" alt=\"\" width=\"575\" height=\"435\" srcset=\"https:\/\/agora.xtec.cat\/ies-castelldelquer-prats\/wp-content\/uploads\/usu2163\/2025\/12\/IMG_7051.jpg 750w, https:\/\/agora.xtec.cat\/ies-castelldelquer-prats\/wp-content\/uploads\/usu2163\/2025\/12\/IMG_7051-300x227.jpg 300w, https:\/\/agora.xtec.cat\/ies-castelldelquer-prats\/wp-content\/uploads\/usu2163\/2025\/12\/IMG_7051-200x150.jpg 200w\" sizes=\"auto, (max-width: 575px) 100vw, 575px\" \/><\/a><\/p>\n<p><span style=\"font-weight: 400\">L&#8217;\u00faltim cap de setmana de novembre va tenir lloc la celebraci\u00f3 de la Festa Major d\u2019Orist\u00e0. Del 21 de novembre a l\u20191 de desembre el poble va gaudir d\u2019un ampli programa d\u2019activitats que van omplir els carrers de gent i ve\u00efns, creant un ambient ple de diversi\u00f3.<\/span><\/p>\n<p><a href=\"https:\/\/agora.xtec.cat\/ies-castelldelquer-prats\/wp-content\/uploads\/usu2163\/2025\/12\/IMG_7053.jpg\"><img loading=\"lazy\" decoding=\"async\" class=\" wp-image-5991\" src=\"https:\/\/agora.xtec.cat\/ies-castelldelquer-prats\/wp-content\/uploads\/usu2163\/2025\/12\/IMG_7053.jpg\" alt=\"\" width=\"256\" height=\"189\" srcset=\"https:\/\/agora.xtec.cat\/ies-castelldelquer-prats\/wp-content\/uploads\/usu2163\/2025\/12\/IMG_7053.jpg 750w, https:\/\/agora.xtec.cat\/ies-castelldelquer-prats\/wp-content\/uploads\/usu2163\/2025\/12\/IMG_7053-300x222.jpg 300w\" sizes=\"auto, (max-width: 256px) 100vw, 256px\" \/><\/a><\/p>\n<p><span style=\"font-weight: 400\">Divendres 21, es va fer el tast de cerveses artesanes a c\u00e0rrec de Kibus, que va reunir una bona quantitat de\u00a0 gent aficionada a la cervesa. L\u2019endem\u00e0, els actes esportius van agafar tot el protagonisme amb una masterclass de spinning, balls en l\u00ednia i un partit de futbol.\u00a0<\/span><\/p>\n<p><span style=\"font-weight: 400\">Diumenge 23, va tenir lloc la Fira d\u2019Artesania, que va omplir de gent tots els carrers de parades durant tot el mat\u00ed. A m\u00e9s a la tarda, van gaudir de l\u2019obra teatral <\/span><i><span style=\"font-weight: 400\">La Ratera<\/span><\/i><span style=\"font-weight: 400\">, presentada per la Companyia \u201cEspardenya Teatre\u201d.<\/span><\/p>\n<p><span style=\"font-weight: 400\">Divendres 28, a la Sala Polivalent es va celebrar el moment m\u00e9s important de la festa amb un sopar popular seguit d\u2019un bingo musical i del concert de Kamelot, que va animar la vetllada abans de la sessi\u00f3 de DJ que va tancar la nit.<\/span><\/p>\n<p><a href=\"https:\/\/agora.xtec.cat\/ies-castelldelquer-prats\/wp-content\/uploads\/usu2163\/2025\/12\/IMG_7052.jpg\"><img loading=\"lazy\" decoding=\"async\" class=\" wp-image-5993\" src=\"https:\/\/agora.xtec.cat\/ies-castelldelquer-prats\/wp-content\/uploads\/usu2163\/2025\/12\/IMG_7052.jpg\" alt=\"\" width=\"299\" height=\"221\" srcset=\"https:\/\/agora.xtec.cat\/ies-castelldelquer-prats\/wp-content\/uploads\/usu2163\/2025\/12\/IMG_7052.jpg 750w, https:\/\/agora.xtec.cat\/ies-castelldelquer-prats\/wp-content\/uploads\/usu2163\/2025\/12\/IMG_7052-300x222.jpg 300w\" sizes=\"auto, (max-width: 299px) 100vw, 299px\" \/><\/a><\/p>\n<p>&nbsp;<\/p>\n<p><span style=\"font-weight: 400\">Al llarg del cap de setmana, va tenir lloc la II tirada de Bitlles Catalanes i la VIII baixada d\u2019Andr\u00f2mines, una de les activitats m\u00e9s esperades i divertides de la festa, que va omplir la pla\u00e7a Major. La mitjanit, va comen\u00e7ar amb el concert del grup \u201cEls Trinxats\u201d i, seguidament\u00a0 va continuar el DJ Bouette. Diumenge es va viure un dels actes m\u00e9s t\u00edpics de la Festa Major: la Missa de Sant Andreu, seguida de la Trobada de Gegantons i les populars rifes de pernils, que sempre reuneixen\u00a0 totes les persones del poble, des dels m\u00e9s grans als m\u00e9s petits. Al migdia, es va fer un vermut popular, i a la tarda es va acabar amb l\u2019Orquestra Banda Sonora, que va oferir un concert que va omplir la pla\u00e7a dels m\u00e9s grans.<\/span><\/p>\n<p><span style=\"font-weight: 400\">Finalment, dilluns 1 de desembre, els m\u00e9s petits van ser els protagonistes, amb una discom\u00f2bil infantil que va tancar oficialment la Festa Major d\u2019Orist\u00e0 dels 2025. Un any m\u00e9s\u00a0 aquesta celebraci\u00f3, amb un gran nombre de participants, ha estat tot un \u00e8xit.<\/span><\/p>\n<p><br style=\"font-weight: 400\" \/><br style=\"font-weight: 400\" \/><\/p>\n","protected":false},"excerpt":{"rendered":"<p>R.Puig, M.Compte, O.Rios<br \/>\n<a href=\"https:\/\/agora.xtec.cat\/ies-castelldelquer-prats\/wp-content\/uploads\/usu2163\/2025\/12\/IMG_7051.jpg\"><\/a><br \/>\nL&#8217;\u00faltim cap de setmana de novembre va tenir lloc la celebraci\u00f3 de la Festa Major d\u2019Orist\u00e0. Del 21 de novembre a l\u20191 de desembre el poble va gaudir d\u2019un ampli programa d\u2019activitats que van omplir els carrers de gent i ve\u00efns, creant&hellip;  <a href=\"https:\/\/agora.xtec.cat\/ies-castelldelquer-prats\/general\/la-festa-major-dorista\/\" title=\"Read LA FESTA MAJOR D\u2019ORIST\u00c0\">Llegeix m\u00e9s\u00bb<\/a><\/p>\n","protected":false},"author":7,"featured_media":5992,"comment_status":"closed","ping_status":"closed","sticky":false,"template":"","format":"standard","meta":{"_bbp_topic_count":0,"_bbp_reply_count":0,"_bbp_total_topic_count":0,"_bbp_total_reply_count":0,"_bbp_voice_count":0,"_bbp_anonymous_reply_count":0,"_bbp_topic_count_hidden":0,"_bbp_reply_count_hidden":0,"_bbp_forum_subforum_count":0,"footnotes":""},"categories":[1,29],"tags":[],"class_list":["post-5989","post","type-post","status-publish","format-standard","has-post-thumbnail","hentry","category-general","category-portada"],"post_mailing_queue_ids":[],"_links":{"self":[{"href":"https:\/\/agora.xtec.cat\/ies-castelldelquer-prats\/wp-json\/wp\/v2\/posts\/5989","targetHints":{"allow":["GET"]}}],"collection":[{"href":"https:\/\/agora.xtec.cat\/ies-castelldelquer-prats\/wp-json\/wp\/v2\/posts"}],"about":[{"href":"https:\/\/agora.xtec.cat\/ies-castelldelquer-prats\/wp-json\/wp\/v2\/types\/post"}],"author":[{"embeddable":true,"href":"https:\/\/agora.xtec.cat\/ies-castelldelquer-prats\/wp-json\/wp\/v2\/users\/7"}],"replies":[{"embeddable":true,"href":"https:\/\/agora.xtec.cat\/ies-castelldelquer-prats\/wp-json\/wp\/v2\/comments?post=5989"}],"version-history":[{"count":1,"href":"https:\/\/agora.xtec.cat\/ies-castelldelquer-prats\/wp-json\/wp\/v2\/posts\/5989\/revisions"}],"predecessor-version":[{"id":5994,"href":"https:\/\/agora.xtec.cat\/ies-castelldelquer-prats\/wp-json\/wp\/v2\/posts\/5989\/revisions\/5994"}],"wp:featuredmedia":[{"embeddable":true,"href":"https:\/\/agora.xtec.cat\/ies-castelldelquer-prats\/wp-json\/wp\/v2\/media\/5992"}],"wp:attachment":[{"href":"https:\/\/agora.xtec.cat\/ies-castelldelquer-prats\/wp-json\/wp\/v2\/media?parent=5989"}],"wp:term":[{"taxonomy":"category","embeddable":true,"href":"https:\/\/agora.xtec.cat\/ies-castelldelquer-prats\/wp-json\/wp\/v2\/categories?post=5989"},{"taxonomy":"post_tag","embeddable":true,"href":"https:\/\/agora.xtec.cat\/ies-castelldelquer-prats\/wp-json\/wp\/v2\/tags?post=5989"}],"curies":[{"name":"wp","href":"https:\/\/api.w.org\/{rel}","templated":true}]}}