{"id":5925,"date":"2025-11-26T11:19:44","date_gmt":"2025-11-26T10:19:44","guid":{"rendered":"https:\/\/agora.xtec.cat\/ies-castelldelquer-prats\/?p=5925"},"modified":"2025-11-26T11:19:44","modified_gmt":"2025-11-26T10:19:44","slug":"renovacio-del-consell-escolar-del-centre","status":"publish","type":"post","link":"https:\/\/agora.xtec.cat\/ies-castelldelquer-prats\/general\/renovacio-del-consell-escolar-del-centre\/","title":{"rendered":"RENOVACI\u00d3 DEL CONSELL ESCOLAR DEL CENTRE"},"content":{"rendered":"<p><i><span style=\"font-weight: 400\">Roc Serra<\/span><\/i><\/p>\n<p>&nbsp;<\/p>\n<p><span style=\"font-weight: 400\">La setmana\u00a0 del 17 al 20 de novembre es van dur a terme les eleccions del Consell Escolar del Centre. Enguany s\u2019havien de renovar\u00a0 4 representants del professorat, 1 del\u00a0 PAS 1 representant de pares i mares i 2 representants d\u2019alumnes. Despr\u00e9s de fer el recompte, el Consell Escolar queda format per les seg\u00fcents persones:<\/span><\/p>\n<p><span style=\"font-weight: 400\">Ferran Ferrero (director i president del consell)<\/span><\/p>\n<p><span style=\"font-weight: 400\">Quim Chaves (cap d&#8217;estudis)<\/span><\/p>\n<p><span style=\"font-weight: 400\">Gl\u00f2ria Ambr\u00f3s (secret\u00e0ria)<\/span><\/p>\n<p><span style=\"font-weight: 400\">Rosa Vil\u00e0 (representant de l&#8217;Ajuntament)<\/span><\/p>\n<p><span style=\"font-weight: 400\">Marga Borrull (representant de PAS i PAE)<\/span><\/p>\n<p><span style=\"font-weight: 400\">Ariadna Cabiscol (representant del professorat)<\/span><\/p>\n<p><span style=\"font-weight: 400\">Gustau Ib\u00e1\u00f1ez (representant del professorat)<\/span><\/p>\n<p><span style=\"font-weight: 400\">Sherpa Castell\u00e0 (representant del professorat)<\/span><\/p>\n<p><span style=\"font-weight: 400\">Marc Pons (representant del professorat)<\/span><\/p>\n<p><span style=\"font-weight: 400\">Roger Casanovas (representant del professorat)<\/span><\/p>\n<p><span style=\"font-weight: 400\">N\u00faria Re\u00f1\u00e9 (representant de fam\u00edlies)<\/span><\/p>\n<p><span style=\"font-weight: 400\">Queralt Valldaura (representant de fam\u00edlies)<\/span><\/p>\n<p><span style=\"font-weight: 400\">Albert Blanco (representant de l&#8217;AFA)<\/span><\/p>\n<p><span style=\"font-weight: 400\">Diego Alberto Escoto (representant de l&#8217;alumnat)<\/span><\/p>\n<p><span style=\"font-weight: 400\">Berta D\u00e9u (representant de l&#8217;alumnat)<\/span><\/p>\n<p>&nbsp;<\/p>\n","protected":false},"excerpt":{"rendered":"<p>Roc Serra<br \/>\n&nbsp;<br \/>\nLa setmana\u00a0 del 17 al 20 de novembre es van dur a terme les eleccions del Consell Escolar del Centre. Enguany s\u2019havien de renovar\u00a0 4 representants del professorat, 1 del\u00a0 PAS 1 representant de pares i mares i 2 representants d\u2019alumnes. Despr\u00e9s de fer&hellip;  <a href=\"https:\/\/agora.xtec.cat\/ies-castelldelquer-prats\/general\/renovacio-del-consell-escolar-del-centre\/\" title=\"Read RENOVACI\u00d3 DEL CONSELL ESCOLAR DEL CENTRE\">Llegeix m\u00e9s\u00bb<\/a><\/p>\n","protected":false},"author":7,"featured_media":5926,"comment_status":"closed","ping_status":"open","sticky":false,"template":"","format":"standard","meta":{"_bbp_topic_count":0,"_bbp_reply_count":0,"_bbp_total_topic_count":0,"_bbp_total_reply_count":0,"_bbp_voice_count":0,"_bbp_anonymous_reply_count":0,"_bbp_topic_count_hidden":0,"_bbp_reply_count_hidden":0,"_bbp_forum_subforum_count":0,"footnotes":""},"categories":[128,1,29],"tags":[],"class_list":["post-5925","post","type-post","status-publish","format-standard","has-post-thumbnail","hentry","category-comunicats_i_circulars","category-general","category-portada"],"post_mailing_queue_ids":[],"_links":{"self":[{"href":"https:\/\/agora.xtec.cat\/ies-castelldelquer-prats\/wp-json\/wp\/v2\/posts\/5925","targetHints":{"allow":["GET"]}}],"collection":[{"href":"https:\/\/agora.xtec.cat\/ies-castelldelquer-prats\/wp-json\/wp\/v2\/posts"}],"about":[{"href":"https:\/\/agora.xtec.cat\/ies-castelldelquer-prats\/wp-json\/wp\/v2\/types\/post"}],"author":[{"embeddable":true,"href":"https:\/\/agora.xtec.cat\/ies-castelldelquer-prats\/wp-json\/wp\/v2\/users\/7"}],"replies":[{"embeddable":true,"href":"https:\/\/agora.xtec.cat\/ies-castelldelquer-prats\/wp-json\/wp\/v2\/comments?post=5925"}],"version-history":[{"count":1,"href":"https:\/\/agora.xtec.cat\/ies-castelldelquer-prats\/wp-json\/wp\/v2\/posts\/5925\/revisions"}],"predecessor-version":[{"id":5927,"href":"https:\/\/agora.xtec.cat\/ies-castelldelquer-prats\/wp-json\/wp\/v2\/posts\/5925\/revisions\/5927"}],"wp:featuredmedia":[{"embeddable":true,"href":"https:\/\/agora.xtec.cat\/ies-castelldelquer-prats\/wp-json\/wp\/v2\/media\/5926"}],"wp:attachment":[{"href":"https:\/\/agora.xtec.cat\/ies-castelldelquer-prats\/wp-json\/wp\/v2\/media?parent=5925"}],"wp:term":[{"taxonomy":"category","embeddable":true,"href":"https:\/\/agora.xtec.cat\/ies-castelldelquer-prats\/wp-json\/wp\/v2\/categories?post=5925"},{"taxonomy":"post_tag","embeddable":true,"href":"https:\/\/agora.xtec.cat\/ies-castelldelquer-prats\/wp-json\/wp\/v2\/tags?post=5925"}],"curies":[{"name":"wp","href":"https:\/\/api.w.org\/{rel}","templated":true}]}}