{"id":5904,"date":"2025-11-19T11:14:00","date_gmt":"2025-11-19T10:14:00","guid":{"rendered":"https:\/\/agora.xtec.cat\/ies-castelldelquer-prats\/?p=5904"},"modified":"2025-11-19T11:14:00","modified_gmt":"2025-11-19T10:14:00","slug":"top-5-pel%c2%b7licules-i-series-preferides-dels-alumnes","status":"publish","type":"post","link":"https:\/\/agora.xtec.cat\/ies-castelldelquer-prats\/general\/top-5-pel%c2%b7licules-i-series-preferides-dels-alumnes\/","title":{"rendered":"TOP 5 PEL\u00b7LICULES I S\u00c8RIES PREFERIDES DELS ALUMNES"},"content":{"rendered":"<p><i>O.Abadias, O.Rios,\u00a0 D.Vila i N.Ziani<\/i><\/p>\n<p><span style=\"font-weight: 400\">La setmana passada vam enviar una enquesta als alumnes per con\u00e8ixer quines s\u00f3n les seves pel\u00b7l\u00edcules i s\u00e8ries preferides. Despr\u00e9s de recollir totes les respostes, hem seleccionat les m\u00e9s repetides i us hem preparat un resum amb el Top 5 m\u00e9s votat. Aqu\u00ed teniu el resultat!<\/span><\/p>\n<p>&nbsp;<\/p>\n<ol>\n<li><i><span style=\"font-weight: 400\">CULPA M\u00cdA<\/span><\/i><\/li>\n<\/ol>\n<p><i><span style=\"font-weight: 400\">Culpa m\u00eda<\/span><\/i><span style=\"font-weight: 400\"> llan\u00e7ada al 2023, \u00e9s una pel\u00b7l\u00edcula rom\u00e0ntica juvenil espanyola, sobre una jove que es trasllada a viure amb el nou marit de la seva mare i coneix el seu germanastre. Tot i la seva difer\u00e8ncia de car\u00e0cter, sorgeix una intensa atracci\u00f3 entre ells, marcada per secrets, conflictes familiars i perills relacionats amb carreres il\u00b7legals de cotxes. \u00c9s la primera part de la trilogia Culpables, seguida de Culpa tuya i Culpa nuestra.<\/span><\/p>\n<p><a href=\"https:\/\/agora.xtec.cat\/ies-castelldelquer-prats\/wp-content\/uploads\/usu2163\/2025\/11\/image-22.png\"><img loading=\"lazy\" decoding=\"async\" class=\"alignnone size-large wp-image-5908\" src=\"https:\/\/agora.xtec.cat\/ies-castelldelquer-prats\/wp-content\/uploads\/usu2163\/2025\/11\/image-22-1024x683.png\" alt=\"\" width=\"1024\" height=\"683\" srcset=\"https:\/\/agora.xtec.cat\/ies-castelldelquer-prats\/wp-content\/uploads\/usu2163\/2025\/11\/image-22-1024x683.png 1024w, https:\/\/agora.xtec.cat\/ies-castelldelquer-prats\/wp-content\/uploads\/usu2163\/2025\/11\/image-22-300x200.png 300w, https:\/\/agora.xtec.cat\/ies-castelldelquer-prats\/wp-content\/uploads\/usu2163\/2025\/11\/image-22-768x512.png 768w, https:\/\/agora.xtec.cat\/ies-castelldelquer-prats\/wp-content\/uploads\/usu2163\/2025\/11\/image-22.png 1074w\" sizes=\"auto, (max-width: 1024px) 100vw, 1024px\" \/><\/a><\/p>\n<ol start=\"2\">\n<li><i><span style=\"font-weight: 400\">PADRE NO HAY M\u00c1S QUE UNO<\/span><\/i><\/li>\n<\/ol>\n<p><i><span style=\"font-weight: 400\">Padre no hay m\u00e1s que uno<\/span><\/i><span style=\"font-weight: 400\">, una saga de cinc pel\u00b7l\u00edcules c\u00f2miques espanyoles, llan\u00e7ada amb <\/span><i><span style=\"font-weight: 400\">Padre no hay m\u00e1s que uno 1<\/span><\/i><span style=\"font-weight: 400\">, l\u2019any 2019, que va d\u2019un pare una mica despistat que sempre deixa tota la feina dom\u00e8stica a la seva dona. Quan ella se\u2019n va de viatge, ell es veu obligat a fer-se c\u00e0rrec dels cinc fills i descobreix que ser pare no \u00e9s tan f\u00e0cil com pensava. Despr\u00e9s d\u2019aquesta ve la segona: <\/span><i><span style=\"font-weight: 400\">Padre no hay m\u00e1s que uno 2:<\/span><\/i> <i><span style=\"font-weight: 400\">La llegada de la suegra<\/span><\/i> <i><span style=\"font-weight: 400\">(2020)<\/span><\/i><span style=\"font-weight: 400\">: Just quan el pare comen\u00e7a a controlar la situaci\u00f3 familiar, apareix la sogra, que posa tot potes enlaire. Al cap de dos nys van publicar <\/span><i><span style=\"font-weight: 400\">Padre no hay m\u00e1s que uno 3:<\/span><\/i><span style=\"font-weight: 400\"> On la\u00a0 fam\u00edlia es prepara per celebrar el Nadal, per\u00f2 els plans no surten com esperaven. Entre decoracions, regals i embolics, el pare ha d\u2019aprendre a valorar el que realment importa. Seguit d\u2019aquesta, van publicar, al 2025, <\/span><i><span style=\"font-weight: 400\">Padre no hay m\u00e1s que uno 4:<\/span><\/i> <i><span style=\"font-weight: 400\">Campanas de boda<\/span><\/i><span style=\"font-weight: 400\">, dins la peli es celebra un casament i a la fam\u00edlia desperten noves situacions ca\u00f2tiques. La saga s\u2019acaba amb Padre no hay m\u00e1s que uno 5, on els fills es fan grans, cap vol independitzar-se i acaba generant un caos dins la fam\u00edlia.<\/span><\/p>\n<p><a href=\"https:\/\/agora.xtec.cat\/ies-castelldelquer-prats\/wp-content\/uploads\/usu2163\/2025\/11\/unnamed-12.png\"><img loading=\"lazy\" decoding=\"async\" class=\"alignnone size-large wp-image-5906\" src=\"https:\/\/agora.xtec.cat\/ies-castelldelquer-prats\/wp-content\/uploads\/usu2163\/2025\/11\/unnamed-12-724x1024.png\" alt=\"\" width=\"724\" height=\"1024\" srcset=\"https:\/\/agora.xtec.cat\/ies-castelldelquer-prats\/wp-content\/uploads\/usu2163\/2025\/11\/unnamed-12-724x1024.png 724w, https:\/\/agora.xtec.cat\/ies-castelldelquer-prats\/wp-content\/uploads\/usu2163\/2025\/11\/unnamed-12-212x300.png 212w, https:\/\/agora.xtec.cat\/ies-castelldelquer-prats\/wp-content\/uploads\/usu2163\/2025\/11\/unnamed-12-768x1087.png 768w, https:\/\/agora.xtec.cat\/ies-castelldelquer-prats\/wp-content\/uploads\/usu2163\/2025\/11\/unnamed-12.png 848w\" sizes=\"auto, (max-width: 724px) 100vw, 724px\" \/><\/a><\/p>\n<ol start=\"3\">\n<li><i><span style=\"font-weight: 400\"> MI VIDA CON LOS CHICOS WALTER<\/span><\/i><\/li>\n<\/ol>\n<p><span style=\"font-weight: 400\">Mi vida con los chicos Walter,\u00a0 \u00e9s una s\u00e8rie adolescent nord-americana que es va estrenar a Netflix el 7 de desembre de 2023 on una noia de Manhattan, queda \u00f2rfena i es trasllada a Silver Falls, Colorado, per viure amb la fam\u00edlia Walter, que t\u00e9 set fills i una filla. All\u00e0 intenta adaptar-se a la seva nova vida i superar el dol. Netflix va llen\u00e7ar una segona temporada que va ser estrenada el 28 d\u2019agost de 2025 i, abans del seu llan\u00e7ament, tamb\u00e9 es va confirmar una tercera temporada prevista per al 2026.\u00a0<\/span><\/p>\n<p><a href=\"https:\/\/agora.xtec.cat\/ies-castelldelquer-prats\/wp-content\/uploads\/usu2163\/2025\/11\/unnamed-11.png\"><img loading=\"lazy\" decoding=\"async\" class=\"alignnone size-full wp-image-5907\" src=\"https:\/\/agora.xtec.cat\/ies-castelldelquer-prats\/wp-content\/uploads\/usu2163\/2025\/11\/unnamed-11.png\" alt=\"\" width=\"718\" height=\"1024\" srcset=\"https:\/\/agora.xtec.cat\/ies-castelldelquer-prats\/wp-content\/uploads\/usu2163\/2025\/11\/unnamed-11.png 718w, https:\/\/agora.xtec.cat\/ies-castelldelquer-prats\/wp-content\/uploads\/usu2163\/2025\/11\/unnamed-11-210x300.png 210w\" sizes=\"auto, (max-width: 718px) 100vw, 718px\" \/><\/a><\/p>\n<ol start=\"4\">\n<li><i><span style=\"font-weight: 400\"> OUTER BANKS<\/span><\/i><\/li>\n<\/ol>\n<p><span style=\"font-weight: 400\">La s\u00e8rie comen\u00e7a amb la temporada 1 al 2020, on el protagonista, inicia la recerca d\u2019un tresor perdut relacionat amb la desaparici\u00f3 del seu pare. Amb els seus amics s\u2019embarquen en una aventura plena de perills, secrets familiars i enemistats entre els Pogues (classe treballadora) i els Kooks (rics). Despr\u00e9s arriba la temporada 2 al 2021, on la recerca del tresor continua, per\u00f2 amb encara m\u00e9s acci\u00f3, persecucions i nous enemics. Els protagonistes hauran d\u2019escapar, lluitar per la seva llibertat i mantenir-se units malgrat tots els obstacles. Al cap de dos anys es va estrenar la temporada 3, en qu\u00e8 els Pogues acaben a una illa deserta i descobreixen un nou misteri relacionat amb El Dorado, la llegend\u00e0ria ciutat d\u2019or. L\u2019aventura els posa a prova tant f\u00edsicament com emocionalment. Despr\u00e9s d\u2019aix\u00f2, la temporada 4 publicada al 2024 mostra els Pogues un any i mig despr\u00e9s, vivint m\u00e9s tranquils, fins que un home misteri\u00f3s els encarrega buscar un nou tresor relacionat amb un fam\u00f3s pirata. Despr\u00e9s d\u2019aquesta est\u00e0 prevista la cinquena i \u00faltima temporada.<\/span><\/p>\n<p><a href=\"https:\/\/agora.xtec.cat\/ies-castelldelquer-prats\/wp-content\/uploads\/usu2163\/2025\/11\/image-23.png\"><img loading=\"lazy\" decoding=\"async\" class=\"alignnone size-large wp-image-5905\" src=\"https:\/\/agora.xtec.cat\/ies-castelldelquer-prats\/wp-content\/uploads\/usu2163\/2025\/11\/image-23-1024x538.png\" alt=\"\" width=\"1024\" height=\"538\" srcset=\"https:\/\/agora.xtec.cat\/ies-castelldelquer-prats\/wp-content\/uploads\/usu2163\/2025\/11\/image-23-1024x538.png 1024w, https:\/\/agora.xtec.cat\/ies-castelldelquer-prats\/wp-content\/uploads\/usu2163\/2025\/11\/image-23-300x158.png 300w, https:\/\/agora.xtec.cat\/ies-castelldelquer-prats\/wp-content\/uploads\/usu2163\/2025\/11\/image-23-768x403.png 768w, https:\/\/agora.xtec.cat\/ies-castelldelquer-prats\/wp-content\/uploads\/usu2163\/2025\/11\/image-23.png 1200w\" sizes=\"auto, (max-width: 1024px) 100vw, 1024px\" \/><\/a><\/p>\n<ol start=\"5\">\n<li><span style=\"font-weight: 400\"> MERL\u00cd<\/span><\/li>\n<\/ol>\n<p><span style=\"font-weight: 400\">Merl\u00ed \u00e9s una s\u00e8rie de televisi\u00f3 catalana estrenada l\u2019any 2015 que se centra en la vida d\u2019un professor de filosofia, en Merl\u00ed Bergeron. Ell arriba a l\u2019Institut \u00c0ngel Guimer\u00e0 per fer classes a un grup d\u2019adolescents i, a trav\u00e9s d\u2019un m\u00e8tode provocador i diferent, aconsegueix despertar-los la curiositat per pensar per ells mateixos. Tot i aix\u00f2, el seu car\u00e0cter directe i les seves idees lliures sovint generen conflictes amb altres professors, pares i fins i tot alguns alumnes. A cada cap\u00edtol es relaciona una corrent filos\u00f2fica amb els problemes i experi\u00e8ncies de la vida real dels estudiants. Aquesta s\u00e8rie continua amb: Sapere-Aude (atreveix-te a pensar), un <\/span><i><span style=\"font-weight: 400\">spin-off<\/span><\/i><span style=\"font-weight: 400\"> que es centra en la vida d\u2019en Pol Rubio, un dels alumnes m\u00e9s destacats d\u2019en Merl\u00ed. Despr\u00e9s de la mort del seu professor, el Pol decideix seguir els seu cam\u00ed i estudiar Filosofia a la universitat. All\u00e0 ha d\u2019afrontar nous reptes personals i acad\u00e8mics, on descobreix qui \u00e9s realment i apr\u00e8n a cr\u00e9ixer lluny de casa, envoltat de noves amistats, amors i conflictes.\u00a0<\/span><\/p>\n<p><a href=\"https:\/\/agora.xtec.cat\/ies-castelldelquer-prats\/wp-content\/uploads\/usu2163\/2025\/11\/image-24.jpg\"><img loading=\"lazy\" decoding=\"async\" class=\"alignnone size-full wp-image-5909\" src=\"https:\/\/agora.xtec.cat\/ies-castelldelquer-prats\/wp-content\/uploads\/usu2163\/2025\/11\/image-24.jpg\" alt=\"\" width=\"723\" height=\"1024\" srcset=\"https:\/\/agora.xtec.cat\/ies-castelldelquer-prats\/wp-content\/uploads\/usu2163\/2025\/11\/image-24.jpg 723w, https:\/\/agora.xtec.cat\/ies-castelldelquer-prats\/wp-content\/uploads\/usu2163\/2025\/11\/image-24-212x300.jpg 212w\" sizes=\"auto, (max-width: 723px) 100vw, 723px\" \/><\/a><\/p>\n","protected":false},"excerpt":{"rendered":"<p>O.Abadias, O.Rios,\u00a0 D.Vila i N.Ziani<br \/>\nLa setmana passada vam enviar una enquesta als alumnes per con\u00e8ixer quines s\u00f3n les seves pel\u00b7l\u00edcules i s\u00e8ries preferides. Despr\u00e9s de recollir totes les respostes, hem seleccionat les m\u00e9s repetides i us hem preparat un resum amb el Top 5 m\u00e9s&hellip;  <a href=\"https:\/\/agora.xtec.cat\/ies-castelldelquer-prats\/general\/top-5-pel%c2%b7licules-i-series-preferides-dels-alumnes\/\" title=\"Read TOP 5 PEL\u00b7LICULES I S\u00c8RIES PREFERIDES DELS ALUMNES\">Llegeix m\u00e9s\u00bb<\/a><\/p>\n","protected":false},"author":7,"featured_media":5908,"comment_status":"closed","ping_status":"open","sticky":false,"template":"","format":"standard","meta":{"_bbp_topic_count":0,"_bbp_reply_count":0,"_bbp_total_topic_count":0,"_bbp_total_reply_count":0,"_bbp_voice_count":0,"_bbp_anonymous_reply_count":0,"_bbp_topic_count_hidden":0,"_bbp_reply_count_hidden":0,"_bbp_forum_subforum_count":0,"footnotes":""},"categories":[1,29],"tags":[],"class_list":["post-5904","post","type-post","status-publish","format-standard","has-post-thumbnail","hentry","category-general","category-portada"],"post_mailing_queue_ids":[],"_links":{"self":[{"href":"https:\/\/agora.xtec.cat\/ies-castelldelquer-prats\/wp-json\/wp\/v2\/posts\/5904","targetHints":{"allow":["GET"]}}],"collection":[{"href":"https:\/\/agora.xtec.cat\/ies-castelldelquer-prats\/wp-json\/wp\/v2\/posts"}],"about":[{"href":"https:\/\/agora.xtec.cat\/ies-castelldelquer-prats\/wp-json\/wp\/v2\/types\/post"}],"author":[{"embeddable":true,"href":"https:\/\/agora.xtec.cat\/ies-castelldelquer-prats\/wp-json\/wp\/v2\/users\/7"}],"replies":[{"embeddable":true,"href":"https:\/\/agora.xtec.cat\/ies-castelldelquer-prats\/wp-json\/wp\/v2\/comments?post=5904"}],"version-history":[{"count":1,"href":"https:\/\/agora.xtec.cat\/ies-castelldelquer-prats\/wp-json\/wp\/v2\/posts\/5904\/revisions"}],"predecessor-version":[{"id":5910,"href":"https:\/\/agora.xtec.cat\/ies-castelldelquer-prats\/wp-json\/wp\/v2\/posts\/5904\/revisions\/5910"}],"wp:featuredmedia":[{"embeddable":true,"href":"https:\/\/agora.xtec.cat\/ies-castelldelquer-prats\/wp-json\/wp\/v2\/media\/5908"}],"wp:attachment":[{"href":"https:\/\/agora.xtec.cat\/ies-castelldelquer-prats\/wp-json\/wp\/v2\/media?parent=5904"}],"wp:term":[{"taxonomy":"category","embeddable":true,"href":"https:\/\/agora.xtec.cat\/ies-castelldelquer-prats\/wp-json\/wp\/v2\/categories?post=5904"},{"taxonomy":"post_tag","embeddable":true,"href":"https:\/\/agora.xtec.cat\/ies-castelldelquer-prats\/wp-json\/wp\/v2\/tags?post=5904"}],"curies":[{"name":"wp","href":"https:\/\/api.w.org\/{rel}","templated":true}]}}