{"id":5900,"date":"2025-11-17T12:38:49","date_gmt":"2025-11-17T11:38:49","guid":{"rendered":"https:\/\/agora.xtec.cat\/ies-castelldelquer-prats\/?p=5900"},"modified":"2025-11-17T12:38:49","modified_gmt":"2025-11-17T11:38:49","slug":"els-joves-senfronten-a-moltes-dificultats-per-aconseguir-el-carnet-de-conduir","status":"publish","type":"post","link":"https:\/\/agora.xtec.cat\/ies-castelldelquer-prats\/general\/els-joves-senfronten-a-moltes-dificultats-per-aconseguir-el-carnet-de-conduir\/","title":{"rendered":"ELS JOVES S&#8217;ENFRONTEN A MOLTES DIFICULTATS PER ACONSEGUIR EL CARNET DE CONDUIR"},"content":{"rendered":"<p><em>O.Abadias<\/em><\/p>\n<p><span style=\"font-weight: 400\">En els darrers anys, cada cop m\u00e9s joves comparteixen que treure\u2019s el carnet de conduir s\u2019ha convertit en un repte m\u00e9s dif\u00edcil del que esperaven. Encara que molts adolescents esperen amb il\u00b7lusi\u00f3 fer els 18 anys per comen\u00e7ar a conduir, la veritat \u00e9s que no tots poden permetre-s&#8217;ho o\u00a0 no tenen el temps necessari.<\/span><\/p>\n<p>&nbsp;<\/p>\n<p><span style=\"font-weight: 400\">Una de les principals barreres \u00e9s el cost. Molts nois i noies comenten que les classes pr\u00e0ctiques s\u00f3n molt cares i que, si no aproven a la primera, els costos s\u2019incrementen r\u00e0pidament. A m\u00e9s, alguns diuen que les autoescoles els recomanen fer moltes classes per assegurar l\u2019aprovat cosa que fa que el proc\u00e9s sigui encara m\u00e9s car.<\/span><\/p>\n<p>&nbsp;<\/p>\n<p><span style=\"font-weight: 400\">Un altre obstacle \u00e9s el temps. Entre els estudis, els ex\u00e0mens i les activitats extraescolars, molts joves troben dif\u00edcil encaixar les classes de conduir. Alguns expliquen que nom\u00e9s poden fer pr\u00e0ctiques a la tarda o al vespre, moments en qu\u00e8 hi ha menys disponibilitat i m\u00e9s gent apuntada.<\/span><\/p>\n<p>&nbsp;<\/p>\n<p><span style=\"font-weight: 400\">Tamb\u00e9 hi ha la pressi\u00f3: molts adolescents senten que han d\u2019aprovar r\u00e0pidament perqu\u00e8 tothom al seu voltant ho fa, i aix\u00f2 provoca nervis tant en l\u2019examen te\u00f2ric com en el pr\u00e0ctic. Alguns joves expliquen que, tot i haver estudiat, el te\u00f2ric t\u00e9 preguntes \u201cque confonen\u201d i el pr\u00e0ctic fa molta por perqu\u00e8 l\u2019examinador est\u00e0 al seu costat observant cada moviment.<\/span><\/p>\n<p>&nbsp;<\/p>\n<p><span style=\"font-weight: 400\">Ara b\u00e9, a banda de totes aquestes dificultats els joves s\u2019enfronten a moltes dificultats per aconseguir el carnet de conduir, i una de les m\u00e9s grans \u00e9s la falta d\u2019examinadors. Alguns estudiants comenten que, tot i haver completat la teoria i les classes pr\u00e0ctiques, han d\u2019esperar setmanes i fins i tot mesos per poder fer l\u2019examen. Aquesta escassetat de personal provoca que les llistes d\u2019espera s\u2019allarguin, i si per alguna ra\u00f3 no es presenten a l\u2019examen, han de tornar a esperar molt de temps.\u00a0<\/span><\/p>\n<p>&nbsp;<\/p>\n<p><span style=\"font-weight: 400\">Malgrat aquestes dificultats, molts joves continuen lluitant per aconseguir el carnet, ja que el veuen com una manera d\u2019aconseguir m\u00e9s independ\u00e8ncia i oportunitats. Tanmateix, la majoria coincideix que treure\u2019s el carnet avui dia no \u00e9s tan senzill com semblava quan eren m\u00e9s petits.<\/span><\/p>\n","protected":false},"excerpt":{"rendered":"<p>O.Abadias<br \/>\nEn els darrers anys, cada cop m\u00e9s joves comparteixen que treure\u2019s el carnet de conduir s\u2019ha convertit en un repte m\u00e9s dif\u00edcil del que esperaven. Encara que molts adolescents esperen amb il\u00b7lusi\u00f3 fer els 18 anys per comen\u00e7ar a conduir, la veritat \u00e9s que no&hellip;  <a href=\"https:\/\/agora.xtec.cat\/ies-castelldelquer-prats\/general\/els-joves-senfronten-a-moltes-dificultats-per-aconseguir-el-carnet-de-conduir\/\" title=\"Read ELS JOVES S&#8217;ENFRONTEN A MOLTES DIFICULTATS PER ACONSEGUIR EL CARNET DE CONDUIR\">Llegeix m\u00e9s\u00bb<\/a><\/p>\n","protected":false},"author":7,"featured_media":5902,"comment_status":"closed","ping_status":"open","sticky":false,"template":"","format":"standard","meta":{"_bbp_topic_count":0,"_bbp_reply_count":0,"_bbp_total_topic_count":0,"_bbp_total_reply_count":0,"_bbp_voice_count":0,"_bbp_anonymous_reply_count":0,"_bbp_topic_count_hidden":0,"_bbp_reply_count_hidden":0,"_bbp_forum_subforum_count":0,"footnotes":""},"categories":[1,29],"tags":[],"class_list":["post-5900","post","type-post","status-publish","format-standard","has-post-thumbnail","hentry","category-general","category-portada"],"post_mailing_queue_ids":[],"_links":{"self":[{"href":"https:\/\/agora.xtec.cat\/ies-castelldelquer-prats\/wp-json\/wp\/v2\/posts\/5900","targetHints":{"allow":["GET"]}}],"collection":[{"href":"https:\/\/agora.xtec.cat\/ies-castelldelquer-prats\/wp-json\/wp\/v2\/posts"}],"about":[{"href":"https:\/\/agora.xtec.cat\/ies-castelldelquer-prats\/wp-json\/wp\/v2\/types\/post"}],"author":[{"embeddable":true,"href":"https:\/\/agora.xtec.cat\/ies-castelldelquer-prats\/wp-json\/wp\/v2\/users\/7"}],"replies":[{"embeddable":true,"href":"https:\/\/agora.xtec.cat\/ies-castelldelquer-prats\/wp-json\/wp\/v2\/comments?post=5900"}],"version-history":[{"count":1,"href":"https:\/\/agora.xtec.cat\/ies-castelldelquer-prats\/wp-json\/wp\/v2\/posts\/5900\/revisions"}],"predecessor-version":[{"id":5903,"href":"https:\/\/agora.xtec.cat\/ies-castelldelquer-prats\/wp-json\/wp\/v2\/posts\/5900\/revisions\/5903"}],"wp:featuredmedia":[{"embeddable":true,"href":"https:\/\/agora.xtec.cat\/ies-castelldelquer-prats\/wp-json\/wp\/v2\/media\/5902"}],"wp:attachment":[{"href":"https:\/\/agora.xtec.cat\/ies-castelldelquer-prats\/wp-json\/wp\/v2\/media?parent=5900"}],"wp:term":[{"taxonomy":"category","embeddable":true,"href":"https:\/\/agora.xtec.cat\/ies-castelldelquer-prats\/wp-json\/wp\/v2\/categories?post=5900"},{"taxonomy":"post_tag","embeddable":true,"href":"https:\/\/agora.xtec.cat\/ies-castelldelquer-prats\/wp-json\/wp\/v2\/tags?post=5900"}],"curies":[{"name":"wp","href":"https:\/\/api.w.org\/{rel}","templated":true}]}}