{"id":5891,"date":"2025-11-17T12:35:36","date_gmt":"2025-11-17T11:35:36","guid":{"rendered":"https:\/\/agora.xtec.cat\/ies-castelldelquer-prats\/?p=5891"},"modified":"2025-11-17T12:35:36","modified_gmt":"2025-11-17T11:35:36","slug":"estem-millorant-com-a-centre-la-reduccio-de-plastics-residus-per-poder-tenir-un-mon-mes-sostenible","status":"publish","type":"post","link":"https:\/\/agora.xtec.cat\/ies-castelldelquer-prats\/general\/estem-millorant-com-a-centre-la-reduccio-de-plastics-residus-per-poder-tenir-un-mon-mes-sostenible\/","title":{"rendered":"ESTEM MILLORANT COM A CENTRE LA REDUCCI\u00d3 DE PL\u00c0STICS\/RESIDUS PER PODER TENIR UN M\u00d3N M\u00c9S SOSTENIBLE?"},"content":{"rendered":"<p><b>La majoria d\u2019alumnes consideren que tenen h\u00e0bits sostenibles responsables, utilitzen embolcalls reutilitzables i gestionen correctament els residus. Tot i aix\u00f2, es pot millorar la distribuci\u00f3, visibilitat i manteniment dels contenidors. Els resultats reflecteixen consci\u00e8ncia ambiental i predisposici\u00f3 a adoptar millores per fer el centre m\u00e9s sostenible.<\/b><\/p>\n<p><em><span style=\"font-weight: 400\">A.Banegas i F. Hayoun\u00a0<\/span><\/em><\/p>\n<p><span style=\"font-weight: 400\">El passat dimecres 29 d\u2019octubre vam enviar un q\u00fcestionari als alumnes de l\u2019Institut per con\u00e8ixer la seva opini\u00f3 sobre la sostenibilitat al centre i sobre com reutilitzen els materials. Aquestes van ser les respostes obtingudes:<\/span><\/p>\n<p><span style=\"font-weight: 400\">La primera pregunta feia refer\u00e8ncia a si portaven carmanyola o embolcalls reutilitzables per a l\u2019esmorzar. Un 76,8% va respondre que porta carmanyola, un 12,5% que a vegades, un 8,9% que no en porten, i un 1,8 porta embolcalls.<\/span><\/p>\n<p><a href=\"https:\/\/agora.xtec.cat\/ies-castelldelquer-prats\/wp-content\/uploads\/usu2163\/2025\/11\/image-14.png\"><img loading=\"lazy\" decoding=\"async\" class=\"alignnone size-large wp-image-5892\" src=\"https:\/\/agora.xtec.cat\/ies-castelldelquer-prats\/wp-content\/uploads\/usu2163\/2025\/11\/image-14-1024x431.png\" alt=\"\" width=\"1024\" height=\"431\" srcset=\"https:\/\/agora.xtec.cat\/ies-castelldelquer-prats\/wp-content\/uploads\/usu2163\/2025\/11\/image-14-1024x431.png 1024w, https:\/\/agora.xtec.cat\/ies-castelldelquer-prats\/wp-content\/uploads\/usu2163\/2025\/11\/image-14-300x126.png 300w, https:\/\/agora.xtec.cat\/ies-castelldelquer-prats\/wp-content\/uploads\/usu2163\/2025\/11\/image-14-768x323.png 768w, https:\/\/agora.xtec.cat\/ies-castelldelquer-prats\/wp-content\/uploads\/usu2163\/2025\/11\/image-14-1536x646.png 1536w, https:\/\/agora.xtec.cat\/ies-castelldelquer-prats\/wp-content\/uploads\/usu2163\/2025\/11\/image-14.png 1600w\" sizes=\"auto, (max-width: 1024px) 100vw, 1024px\" \/><\/a><\/p>\n<p><span style=\"font-weight: 400\">Pel que fa a la segona pregunta, vam demanar quin tipus d\u2019embolcalls utilitzaven. Un 76% utilitza Boc\u2019n Roll, que va ser un obsequi de l\u2019AFA, i la resta de respostes van ser d\u2019altres tipus d\u2019embolcalls.\u00a0<\/span><\/p>\n<p><a href=\"https:\/\/agora.xtec.cat\/ies-castelldelquer-prats\/wp-content\/uploads\/usu2163\/2025\/11\/image-15.png\"><img loading=\"lazy\" decoding=\"async\" class=\"alignnone size-full wp-image-5893\" src=\"https:\/\/agora.xtec.cat\/ies-castelldelquer-prats\/wp-content\/uploads\/usu2163\/2025\/11\/image-15.png\" alt=\"\" width=\"770\" height=\"350\" srcset=\"https:\/\/agora.xtec.cat\/ies-castelldelquer-prats\/wp-content\/uploads\/usu2163\/2025\/11\/image-15.png 770w, https:\/\/agora.xtec.cat\/ies-castelldelquer-prats\/wp-content\/uploads\/usu2163\/2025\/11\/image-15-300x136.png 300w, https:\/\/agora.xtec.cat\/ies-castelldelquer-prats\/wp-content\/uploads\/usu2163\/2025\/11\/image-15-768x349.png 768w\" sizes=\"auto, (max-width: 770px) 100vw, 770px\" \/><\/a><\/p>\n<p><span style=\"font-weight: 400\">A continuaci\u00f3, vam preguntar com porten la beguda. Un 57,1% va dir que la porta en una ampolla reutilitzable, un 23,3% que no porta beguda, i un 19,6% que la porta en una ampolla de pl\u00e0stic o un tetrabrick.<\/span><a href=\"https:\/\/agora.xtec.cat\/ies-castelldelquer-prats\/wp-content\/uploads\/usu2163\/2025\/11\/image-16.png\"><img loading=\"lazy\" decoding=\"async\" class=\"alignnone size-large wp-image-5894\" src=\"https:\/\/agora.xtec.cat\/ies-castelldelquer-prats\/wp-content\/uploads\/usu2163\/2025\/11\/image-16-1024x431.png\" alt=\"\" width=\"1024\" height=\"431\" srcset=\"https:\/\/agora.xtec.cat\/ies-castelldelquer-prats\/wp-content\/uploads\/usu2163\/2025\/11\/image-16-1024x431.png 1024w, https:\/\/agora.xtec.cat\/ies-castelldelquer-prats\/wp-content\/uploads\/usu2163\/2025\/11\/image-16-300x126.png 300w, https:\/\/agora.xtec.cat\/ies-castelldelquer-prats\/wp-content\/uploads\/usu2163\/2025\/11\/image-16-768x323.png 768w, https:\/\/agora.xtec.cat\/ies-castelldelquer-prats\/wp-content\/uploads\/usu2163\/2025\/11\/image-16-1536x646.png 1536w, https:\/\/agora.xtec.cat\/ies-castelldelquer-prats\/wp-content\/uploads\/usu2163\/2025\/11\/image-16.png 1600w\" sizes=\"auto, (max-width: 1024px) 100vw, 1024px\" \/><\/a><\/p>\n<p><span style=\"font-weight: 400\">Respecte a la quarta pregunta, vol\u00edem saber si els alumnes saben on han de llen\u00e7ar els residus del seu esmorzar (paper, pl\u00e0stic, org\u00e0nic&#8230;). La gran majoria, un 91%, va respondre que s\u00ed que ho sap; un 5,4% va dir que nom\u00e9s ho sap a vegades, i un 3,6% que no ho sap.<\/span><br \/>\n<a href=\"https:\/\/agora.xtec.cat\/ies-castelldelquer-prats\/wp-content\/uploads\/usu2163\/2025\/11\/image-17.png\"><img loading=\"lazy\" decoding=\"async\" class=\"alignnone size-large wp-image-5895\" src=\"https:\/\/agora.xtec.cat\/ies-castelldelquer-prats\/wp-content\/uploads\/usu2163\/2025\/11\/image-17-1024x431.png\" alt=\"\" width=\"1024\" height=\"431\" srcset=\"https:\/\/agora.xtec.cat\/ies-castelldelquer-prats\/wp-content\/uploads\/usu2163\/2025\/11\/image-17-1024x431.png 1024w, https:\/\/agora.xtec.cat\/ies-castelldelquer-prats\/wp-content\/uploads\/usu2163\/2025\/11\/image-17-300x126.png 300w, https:\/\/agora.xtec.cat\/ies-castelldelquer-prats\/wp-content\/uploads\/usu2163\/2025\/11\/image-17-768x323.png 768w, https:\/\/agora.xtec.cat\/ies-castelldelquer-prats\/wp-content\/uploads\/usu2163\/2025\/11\/image-17-1536x646.png 1536w, https:\/\/agora.xtec.cat\/ies-castelldelquer-prats\/wp-content\/uploads\/usu2163\/2025\/11\/image-17.png 1600w\" sizes=\"auto, (max-width: 1024px) 100vw, 1024px\" \/><\/a><\/p>\n<p><span style=\"font-weight: 400\">En relaci\u00f3 amb la cinquena pregunta, un 89,3% dels enquestats afirma que llen\u00e7a els residus a la paperera correcta quan acaba d\u2019esmorzar. Un 3% els llen\u00e7a on sigui, i el 7,7% restant de respostes van respondre que ho llen\u00e7a a altres llocs.\u00a0<\/span><\/p>\n<p><a href=\"https:\/\/agora.xtec.cat\/ies-castelldelquer-prats\/wp-content\/uploads\/usu2163\/2025\/11\/image-18.png\"><img loading=\"lazy\" decoding=\"async\" class=\"alignnone size-large wp-image-5896\" src=\"https:\/\/agora.xtec.cat\/ies-castelldelquer-prats\/wp-content\/uploads\/usu2163\/2025\/11\/image-18-1024x431.png\" alt=\"\" width=\"1024\" height=\"431\" srcset=\"https:\/\/agora.xtec.cat\/ies-castelldelquer-prats\/wp-content\/uploads\/usu2163\/2025\/11\/image-18-1024x431.png 1024w, https:\/\/agora.xtec.cat\/ies-castelldelquer-prats\/wp-content\/uploads\/usu2163\/2025\/11\/image-18-300x126.png 300w, https:\/\/agora.xtec.cat\/ies-castelldelquer-prats\/wp-content\/uploads\/usu2163\/2025\/11\/image-18-768x323.png 768w, https:\/\/agora.xtec.cat\/ies-castelldelquer-prats\/wp-content\/uploads\/usu2163\/2025\/11\/image-18-1536x646.png 1536w, https:\/\/agora.xtec.cat\/ies-castelldelquer-prats\/wp-content\/uploads\/usu2163\/2025\/11\/image-18.png 1600w\" sizes=\"auto, (max-width: 1024px) 100vw, 1024px\" \/><\/a><\/p>\n<p><span style=\"font-weight: 400\">Relacionat amb aix\u00f2, un 57,1% dels alumnes considera que no genera o gaireb\u00e9 no genera residus durant l\u2019esmorzar. Un 41,1% afirma que en genera alguns, com paper o embolcalls, mentre que nom\u00e9s un 1,8% diu que en genera bastants. Cap alumne ha indicat que en generi molts.<\/span><\/p>\n<p><a href=\"https:\/\/agora.xtec.cat\/ies-castelldelquer-prats\/wp-content\/uploads\/usu2163\/2025\/11\/image-19.png\"><img loading=\"lazy\" decoding=\"async\" class=\"alignnone size-large wp-image-5897\" src=\"https:\/\/agora.xtec.cat\/ies-castelldelquer-prats\/wp-content\/uploads\/usu2163\/2025\/11\/image-19-1024x431.png\" alt=\"\" width=\"1024\" height=\"431\" srcset=\"https:\/\/agora.xtec.cat\/ies-castelldelquer-prats\/wp-content\/uploads\/usu2163\/2025\/11\/image-19-1024x431.png 1024w, https:\/\/agora.xtec.cat\/ies-castelldelquer-prats\/wp-content\/uploads\/usu2163\/2025\/11\/image-19-300x126.png 300w, https:\/\/agora.xtec.cat\/ies-castelldelquer-prats\/wp-content\/uploads\/usu2163\/2025\/11\/image-19-768x323.png 768w, https:\/\/agora.xtec.cat\/ies-castelldelquer-prats\/wp-content\/uploads\/usu2163\/2025\/11\/image-19-1536x646.png 1536w, https:\/\/agora.xtec.cat\/ies-castelldelquer-prats\/wp-content\/uploads\/usu2163\/2025\/11\/image-19.png 1600w\" sizes=\"auto, (max-width: 1024px) 100vw, 1024px\" \/><\/a><\/p>\n<p><span style=\"font-weight: 400\">A la seg\u00fcent pregunta es demana si creuen que haurien de canviar alguna cosa de la manera de portar l\u2019esmorzar per reduir residus. La majoria, un 62,5%, pensa que no cal canviar res; un 14,3% opina que s\u00ed, i un 23,2% no ho sap. Per tant, podem concloure que la major part dels alumnes est\u00e0 satisfeta amb els seus h\u00e0bits actuals.<\/span><\/p>\n<p><a href=\"https:\/\/agora.xtec.cat\/ies-castelldelquer-prats\/wp-content\/uploads\/usu2163\/2025\/11\/image-20.png\"><img loading=\"lazy\" decoding=\"async\" class=\"alignnone size-large wp-image-5898\" src=\"https:\/\/agora.xtec.cat\/ies-castelldelquer-prats\/wp-content\/uploads\/usu2163\/2025\/11\/image-20-1024x431.png\" alt=\"\" width=\"1024\" height=\"431\" srcset=\"https:\/\/agora.xtec.cat\/ies-castelldelquer-prats\/wp-content\/uploads\/usu2163\/2025\/11\/image-20-1024x431.png 1024w, https:\/\/agora.xtec.cat\/ies-castelldelquer-prats\/wp-content\/uploads\/usu2163\/2025\/11\/image-20-300x126.png 300w, https:\/\/agora.xtec.cat\/ies-castelldelquer-prats\/wp-content\/uploads\/usu2163\/2025\/11\/image-20-768x323.png 768w, https:\/\/agora.xtec.cat\/ies-castelldelquer-prats\/wp-content\/uploads\/usu2163\/2025\/11\/image-20-1536x646.png 1536w, https:\/\/agora.xtec.cat\/ies-castelldelquer-prats\/wp-content\/uploads\/usu2163\/2025\/11\/image-20.png 1600w\" sizes=\"auto, (max-width: 1024px) 100vw, 1024px\" \/><\/a><\/p>\n<p><span style=\"font-weight: 400\">En relaci\u00f3 amb la pregunta anterior, si la resposta era afirmativa, havien de justificar quin canvi farien. En general, la majoria considera que la millor opci\u00f3 \u00e9s utilitzar el Boc\u2019n Roll i evitar embolcalls contaminants com el paper d\u2019alumini o el paper d\u2019un sol \u00fas.<\/span><\/p>\n<p>&nbsp;<\/p>\n<p><span style=\"font-weight: 400\">En aquesta pregunta tamb\u00e9 vam demanar si creien que els contenidors org\u00e0nics situats al costat dels de pl\u00e0stic podien afectar la sostenibilitat. El 53,6% va respondre que s\u00ed, el 41% que no, i el 5,4% que no ho sabia.<\/span><a href=\"https:\/\/agora.xtec.cat\/ies-castelldelquer-prats\/wp-content\/uploads\/usu2163\/2025\/11\/image-21.png\"><img loading=\"lazy\" decoding=\"async\" class=\"alignnone size-large wp-image-5899\" src=\"https:\/\/agora.xtec.cat\/ies-castelldelquer-prats\/wp-content\/uploads\/usu2163\/2025\/11\/image-21-1024x465.png\" alt=\"\" width=\"1024\" height=\"465\" srcset=\"https:\/\/agora.xtec.cat\/ies-castelldelquer-prats\/wp-content\/uploads\/usu2163\/2025\/11\/image-21-1024x465.png 1024w, https:\/\/agora.xtec.cat\/ies-castelldelquer-prats\/wp-content\/uploads\/usu2163\/2025\/11\/image-21-300x136.png 300w, https:\/\/agora.xtec.cat\/ies-castelldelquer-prats\/wp-content\/uploads\/usu2163\/2025\/11\/image-21-768x348.png 768w, https:\/\/agora.xtec.cat\/ies-castelldelquer-prats\/wp-content\/uploads\/usu2163\/2025\/11\/image-21-1536x697.png 1536w, https:\/\/agora.xtec.cat\/ies-castelldelquer-prats\/wp-content\/uploads\/usu2163\/2025\/11\/image-21.png 1600w\" sizes=\"auto, (max-width: 1024px) 100vw, 1024px\" \/><\/a><\/p>\n<p><span style=\"font-weight: 400\">Finalment, vam preguntar quin seria el millor lloc per col\u00b7locar els contenidors d\u2019org\u00e0nic. En general, els alumnes consideren que els contenidors estan b\u00e9 on s\u00f3n, per\u00f2 que caldria millorar-ne la distribuci\u00f3, la visibilitat i el manteniment. Proposen separar-los una mica dels de pl\u00e0stic, posar-ne m\u00e9s en punts de pas, fer-los m\u00e9s grans o visibles, revisar-los sovint i indicar clarament qu\u00e8 s\u2019hi pot tirar.<\/span><\/p>\n","protected":false},"excerpt":{"rendered":"<p>La majoria d\u2019alumnes consideren que tenen h\u00e0bits sostenibles responsables, utilitzen embolcalls reutilitzables i gestionen correctament els residus. Tot i aix\u00f2, es pot millorar la distribuci\u00f3, visibilitat i manteniment dels contenidors. Els resultats reflecteixen consci\u00e8ncia ambiental i predisposici\u00f3 a adoptar millores per fer el centre m\u00e9s&hellip;  <a href=\"https:\/\/agora.xtec.cat\/ies-castelldelquer-prats\/general\/estem-millorant-com-a-centre-la-reduccio-de-plastics-residus-per-poder-tenir-un-mon-mes-sostenible\/\" title=\"Read ESTEM MILLORANT COM A CENTRE LA REDUCCI\u00d3 DE PL\u00c0STICS\/RESIDUS PER PODER TENIR UN M\u00d3N M\u00c9S SOSTENIBLE?\">Llegeix m\u00e9s\u00bb<\/a><\/p>\n","protected":false},"author":7,"featured_media":5892,"comment_status":"closed","ping_status":"open","sticky":false,"template":"","format":"standard","meta":{"_bbp_topic_count":0,"_bbp_reply_count":0,"_bbp_total_topic_count":0,"_bbp_total_reply_count":0,"_bbp_voice_count":0,"_bbp_anonymous_reply_count":0,"_bbp_topic_count_hidden":0,"_bbp_reply_count_hidden":0,"_bbp_forum_subforum_count":0,"footnotes":""},"categories":[1,29],"tags":[],"class_list":["post-5891","post","type-post","status-publish","format-standard","has-post-thumbnail","hentry","category-general","category-portada"],"post_mailing_queue_ids":[],"_links":{"self":[{"href":"https:\/\/agora.xtec.cat\/ies-castelldelquer-prats\/wp-json\/wp\/v2\/posts\/5891","targetHints":{"allow":["GET"]}}],"collection":[{"href":"https:\/\/agora.xtec.cat\/ies-castelldelquer-prats\/wp-json\/wp\/v2\/posts"}],"about":[{"href":"https:\/\/agora.xtec.cat\/ies-castelldelquer-prats\/wp-json\/wp\/v2\/types\/post"}],"author":[{"embeddable":true,"href":"https:\/\/agora.xtec.cat\/ies-castelldelquer-prats\/wp-json\/wp\/v2\/users\/7"}],"replies":[{"embeddable":true,"href":"https:\/\/agora.xtec.cat\/ies-castelldelquer-prats\/wp-json\/wp\/v2\/comments?post=5891"}],"version-history":[{"count":1,"href":"https:\/\/agora.xtec.cat\/ies-castelldelquer-prats\/wp-json\/wp\/v2\/posts\/5891\/revisions"}],"predecessor-version":[{"id":5901,"href":"https:\/\/agora.xtec.cat\/ies-castelldelquer-prats\/wp-json\/wp\/v2\/posts\/5891\/revisions\/5901"}],"wp:featuredmedia":[{"embeddable":true,"href":"https:\/\/agora.xtec.cat\/ies-castelldelquer-prats\/wp-json\/wp\/v2\/media\/5892"}],"wp:attachment":[{"href":"https:\/\/agora.xtec.cat\/ies-castelldelquer-prats\/wp-json\/wp\/v2\/media?parent=5891"}],"wp:term":[{"taxonomy":"category","embeddable":true,"href":"https:\/\/agora.xtec.cat\/ies-castelldelquer-prats\/wp-json\/wp\/v2\/categories?post=5891"},{"taxonomy":"post_tag","embeddable":true,"href":"https:\/\/agora.xtec.cat\/ies-castelldelquer-prats\/wp-json\/wp\/v2\/tags?post=5891"}],"curies":[{"name":"wp","href":"https:\/\/api.w.org\/{rel}","templated":true}]}}