{"id":5875,"date":"2025-11-12T11:42:07","date_gmt":"2025-11-12T10:42:07","guid":{"rendered":"https:\/\/agora.xtec.cat\/ies-castelldelquer-prats\/?p=5875"},"modified":"2025-11-12T11:42:07","modified_gmt":"2025-11-12T10:42:07","slug":"fira-de-les-bruixes-sant-feliu-sasserra","status":"publish","type":"post","link":"https:\/\/agora.xtec.cat\/ies-castelldelquer-prats\/general\/fira-de-les-bruixes-sant-feliu-sasserra\/","title":{"rendered":"FIRA DE LES BRUIXES SANT FELIU SASSERRA"},"content":{"rendered":"<p><i><span style=\"font-weight: 400\">D.Vila<\/span><\/i><\/p>\n<p><span style=\"font-weight: 400\">El cap de setmana del 31 al 1 de novembre es va celebrar la Fira de les Bruixes a Sant Feliu Sasserra. La fira omple els carrers del poble de gent i parades. Durant dos dies, la gent va gaudir de mercats artesanals, parades de menjar, representacions hist\u00f2riques i activitats per tota la fam\u00edlia.<\/span><\/p>\n<p><span style=\"font-weight: 400\">La fira va comen\u00e7ar el 31 d\u2019octubre amb la Fes-te Bruixa i l\u2019espectacle Nox luporum, que explica la hist\u00f2ria del llop i l\u2019hum\u00e0, que tracta d\u2019una alian\u00e7a nascuda del respecte i de la por. Despr\u00e9s, la festa va continuar amb el concert de Remei a Ca la Fresca i el PD\u2019s K in Cau.<\/span><\/p>\n<p><span style=\"font-weight: 400\">L\u2019endem\u00e0, 1 de novembre, la fira va seguir al mat\u00ed, a les 11:00 h, al Parc dels Castanyers amb Els Bruixinel\u00b7lis, un espectacle de titelles, i tot seguit amb l\u2019obra de teatre La Canalla. A les 12:00 h, a la Pla\u00e7a de l\u2019Esgl\u00e9sia, van tenir lloc les actuacions teatrals el Safareig i La Taverna. A les 13:00 h va comen\u00e7ar el Ball de les Escombres, L\u2019Aniatitorit i la Sardana dels Aprenents de Bruixot i cap all\u00e0 les 13:15 es va fer El Samaniat.<\/span><\/p>\n<p><span style=\"font-weight: 400\">A la tarda es van repetir algunes de les activitats del mat\u00ed, i tamb\u00e9 es va fer l\u2019obra de teatre \u201cEl Judici\u201d, a les 18:30 h. En aquesta representaci\u00f3, les autoritats civils, conven\u00e7udes que hi ha bruixes a Sant Feliu, fan venir el ca\u00e7abruixes m\u00e9s conegut de la contrada perqu\u00e8 trobi la marca del diable a les dues acusades.<\/span><\/p>\n<p><span style=\"font-weight: 400\">I la fira va acabar amb l\u2019obra \u201cLa Forca\u201d, a les 19:15h, que explica la hist\u00f2ria d\u2019un jutge que condemna una dona acusada de bruixeria a ser penjada. Ser\u00e0 la primera execuci\u00f3 a Sant Feliu, tot i que als pobles del voltant ja n\u2019hi ha hagut d\u2019altres que han patit la mateixa sort.<\/span><\/p>\n<p><span style=\"font-weight: 400\">La Fira de les Bruixes 2025 tanca aix\u00ed una edici\u00f3 marcada per la mem\u00f2ria a les bruixes executades. Sant Feliu Sasserra demostra aix\u00ed que li importa la seva hist\u00f2ria i la seva cultura.<\/span><\/p>\n","protected":false},"excerpt":{"rendered":"<p>D.Vila<br \/>\nEl cap de setmana del 31 al 1 de novembre es va celebrar la Fira de les Bruixes a Sant Feliu Sasserra. La fira omple els carrers del poble de gent i parades. Durant dos dies, la gent va gaudir de mercats artesanals, parades de&hellip;  <a href=\"https:\/\/agora.xtec.cat\/ies-castelldelquer-prats\/general\/fira-de-les-bruixes-sant-feliu-sasserra\/\" title=\"Read FIRA DE LES BRUIXES SANT FELIU SASSERRA\">Llegeix m\u00e9s\u00bb<\/a><\/p>\n","protected":false},"author":7,"featured_media":5878,"comment_status":"closed","ping_status":"open","sticky":false,"template":"","format":"standard","meta":{"_bbp_topic_count":0,"_bbp_reply_count":0,"_bbp_total_topic_count":0,"_bbp_total_reply_count":0,"_bbp_voice_count":0,"_bbp_anonymous_reply_count":0,"_bbp_topic_count_hidden":0,"_bbp_reply_count_hidden":0,"_bbp_forum_subforum_count":0,"footnotes":""},"categories":[1,29],"tags":[],"class_list":["post-5875","post","type-post","status-publish","format-standard","has-post-thumbnail","hentry","category-general","category-portada"],"post_mailing_queue_ids":[],"_links":{"self":[{"href":"https:\/\/agora.xtec.cat\/ies-castelldelquer-prats\/wp-json\/wp\/v2\/posts\/5875","targetHints":{"allow":["GET"]}}],"collection":[{"href":"https:\/\/agora.xtec.cat\/ies-castelldelquer-prats\/wp-json\/wp\/v2\/posts"}],"about":[{"href":"https:\/\/agora.xtec.cat\/ies-castelldelquer-prats\/wp-json\/wp\/v2\/types\/post"}],"author":[{"embeddable":true,"href":"https:\/\/agora.xtec.cat\/ies-castelldelquer-prats\/wp-json\/wp\/v2\/users\/7"}],"replies":[{"embeddable":true,"href":"https:\/\/agora.xtec.cat\/ies-castelldelquer-prats\/wp-json\/wp\/v2\/comments?post=5875"}],"version-history":[{"count":1,"href":"https:\/\/agora.xtec.cat\/ies-castelldelquer-prats\/wp-json\/wp\/v2\/posts\/5875\/revisions"}],"predecessor-version":[{"id":5879,"href":"https:\/\/agora.xtec.cat\/ies-castelldelquer-prats\/wp-json\/wp\/v2\/posts\/5875\/revisions\/5879"}],"wp:featuredmedia":[{"embeddable":true,"href":"https:\/\/agora.xtec.cat\/ies-castelldelquer-prats\/wp-json\/wp\/v2\/media\/5878"}],"wp:attachment":[{"href":"https:\/\/agora.xtec.cat\/ies-castelldelquer-prats\/wp-json\/wp\/v2\/media?parent=5875"}],"wp:term":[{"taxonomy":"category","embeddable":true,"href":"https:\/\/agora.xtec.cat\/ies-castelldelquer-prats\/wp-json\/wp\/v2\/categories?post=5875"},{"taxonomy":"post_tag","embeddable":true,"href":"https:\/\/agora.xtec.cat\/ies-castelldelquer-prats\/wp-json\/wp\/v2\/tags?post=5875"}],"curies":[{"name":"wp","href":"https:\/\/api.w.org\/{rel}","templated":true}]}}