{"id":5870,"date":"2025-11-12T11:43:19","date_gmt":"2025-11-12T10:43:19","guid":{"rendered":"https:\/\/agora.xtec.cat\/ies-castelldelquer-prats\/?p=5870"},"modified":"2025-11-12T11:43:19","modified_gmt":"2025-11-12T10:43:19","slug":"17a-edicio-de-la-fira-den-perot-rocaguinarda","status":"publish","type":"post","link":"https:\/\/agora.xtec.cat\/ies-castelldelquer-prats\/general\/17a-edicio-de-la-fira-den-perot-rocaguinarda\/","title":{"rendered":"17a EDICI\u00d3 DE LA FIRA D&#8217;EN  PEROT ROCAGUINARDA"},"content":{"rendered":"<p><i><span style=\"font-weight: 400\">O.Rios, R.Serra, L.Chaves, J.Garc\u00e9s, R.Puig<\/span><\/i><b>\u00a0<\/b><\/p>\n<p>&nbsp;<\/p>\n<p><span style=\"font-weight: 400\">El passat 9 de novembre del 2025 a la pla\u00e7a Major d\u2019Olost, es va fer una representaci\u00f3 sobre la hist\u00f2ria d\u2019en Perot Rocaguinarda celebrant la 17a edici\u00f3 d\u2019aquesta gran fira, un esdeveniment on es va explicar la hist\u00f2ria d\u2019un dels bandolers m\u00e9s important de Catalunya. Durant tot el dia es van dur a terme diferents activitats que ajuden a posar-te dins el context hist\u00f2ric. Aquest any el poble es va ambientar en l\u2019\u00e8poca del segle XVlI, aix\u00ed recreant la llegenda del fam\u00f3s bandoler Perot Rocaguinarda i emplenant els carrers del poble de vida, color i humor.<\/span><\/p>\n<p>&nbsp;<\/p>\n<p><span style=\"font-weight: 400\">Durant tot el dia, m\u00e9s de 100 ve\u00efns i ve\u00efnes van participar en la recreaci\u00f3 de diferents escenes. Grans i petits es van reunir per gaudir d\u2019aquesta gran fira.<\/span><\/p>\n<p>&nbsp;<\/p>\n<p><span style=\"font-weight: 400\">La Fira donava lloc a les 10:45 amb \u201cLa Sortida\u201d, moment en qu\u00e8 els personatges de la fira van sortir de passeig pel centre hist\u00f2ric. Tocant les 12:00, es va dur a terme \u201cLa conspiraci\u00f3\u201d on la Baronessa buscava aliats per acabar amb en Perot; seguidament, a les 12:30 van realitzar l\u2019escena de \u201cLa permanent\u201d: en aquest acte els Cadells i els Nyerros es trobaven en\u00a0 una \u201cperruqueria peculiar. En acabar, a les 13:00 es va fer \u201cEl Desemmascarat\u201d on es veu que el Perot descobreix l\u2019infiltrat a les 13:15 es va fer \u201cLa Confessi\u00f3\u201d: en Perot reconeix la seva mala vida i l\u2019amor per la Merc\u00e8. 15 minuts despr\u00e9s va comen\u00e7ar \u201cL\u2019enfrontament\u201d on els Nyerros i els Cadells lluiten aferrissadament. I no ens tornem a veure fins a les 16:00 on es fan els \u201cJocs del s.XVII\u201d en els quals es recuperen els jocs de tota la vida per petits i grans fins les 17:45 on es fa \u201cLa Ploma Vermella\u201d, un conte per a petits que fa la llegenda encara m\u00e9s gran. Per acabar el dia, a les 18:00 se celebra \u201cL\u2019indulfest\u201d on se celebra el moment que indulten el bandoler i el poble ho celebra.\u00a0<\/span><\/p>\n<p><a href=\"https:\/\/agora.xtec.cat\/ies-castelldelquer-prats\/wp-content\/uploads\/usu2163\/2025\/11\/IMG_6336.jpg\"><img loading=\"lazy\" decoding=\"async\" class=\"size-full wp-image-5874\" src=\"https:\/\/agora.xtec.cat\/ies-castelldelquer-prats\/wp-content\/uploads\/usu2163\/2025\/11\/IMG_6336.jpg\" alt=\"\" width=\"750\" height=\"498\" srcset=\"https:\/\/agora.xtec.cat\/ies-castelldelquer-prats\/wp-content\/uploads\/usu2163\/2025\/11\/IMG_6336.jpg 750w, https:\/\/agora.xtec.cat\/ies-castelldelquer-prats\/wp-content\/uploads\/usu2163\/2025\/11\/IMG_6336-300x199.jpg 300w\" sizes=\"auto, (max-width: 750px) 100vw, 750px\" \/><\/a><\/p>\n<figure class=\"figure wp-caption alignnone\"><a href=\"https:\/\/agora.xtec.cat\/ies-castelldelquer-prats\/wp-content\/uploads\/usu2163\/2025\/11\/IMG_6333.jpg\"><img loading=\"lazy\" decoding=\"async\" class=\"size-full wp-image-5873\" src=\"https:\/\/agora.xtec.cat\/ies-castelldelquer-prats\/wp-content\/uploads\/usu2163\/2025\/11\/IMG_6333.jpg\" alt=\"\" width=\"744\" height=\"501\" srcset=\"https:\/\/agora.xtec.cat\/ies-castelldelquer-prats\/wp-content\/uploads\/usu2163\/2025\/11\/IMG_6333.jpg 744w, https:\/\/agora.xtec.cat\/ies-castelldelquer-prats\/wp-content\/uploads\/usu2163\/2025\/11\/IMG_6333-300x202.jpg 300w\" sizes=\"auto, (max-width: 744px) 100vw, 744px\" \/><\/a><figcaption class=\"wp-caption-text\">Screenshot<\/figcaption><\/figure>\n","protected":false},"excerpt":{"rendered":"<p>O.Rios, R.Serra, L.Chaves, J.Garc\u00e9s, R.Puig\u00a0<br \/>\n&nbsp;<br \/>\nEl passat 9 de novembre del 2025 a la pla\u00e7a Major d\u2019Olost, es va fer una representaci\u00f3 sobre la hist\u00f2ria d\u2019en Perot Rocaguinarda celebrant la 17a edici\u00f3 d\u2019aquesta gran fira, un esdeveniment on es va explicar la hist\u00f2ria d\u2019un dels bandolers&hellip;  <a href=\"https:\/\/agora.xtec.cat\/ies-castelldelquer-prats\/general\/17a-edicio-de-la-fira-den-perot-rocaguinarda\/\" title=\"Read 17a EDICI\u00d3 DE LA FIRA D&#8217;EN  PEROT ROCAGUINARDA\">Llegeix m\u00e9s\u00bb<\/a><\/p>\n","protected":false},"author":7,"featured_media":5871,"comment_status":"closed","ping_status":"open","sticky":false,"template":"","format":"standard","meta":{"_bbp_topic_count":0,"_bbp_reply_count":0,"_bbp_total_topic_count":0,"_bbp_total_reply_count":0,"_bbp_voice_count":0,"_bbp_anonymous_reply_count":0,"_bbp_topic_count_hidden":0,"_bbp_reply_count_hidden":0,"_bbp_forum_subforum_count":0,"footnotes":""},"categories":[1,29],"tags":[],"class_list":["post-5870","post","type-post","status-publish","format-standard","has-post-thumbnail","hentry","category-general","category-portada"],"post_mailing_queue_ids":[],"_links":{"self":[{"href":"https:\/\/agora.xtec.cat\/ies-castelldelquer-prats\/wp-json\/wp\/v2\/posts\/5870","targetHints":{"allow":["GET"]}}],"collection":[{"href":"https:\/\/agora.xtec.cat\/ies-castelldelquer-prats\/wp-json\/wp\/v2\/posts"}],"about":[{"href":"https:\/\/agora.xtec.cat\/ies-castelldelquer-prats\/wp-json\/wp\/v2\/types\/post"}],"author":[{"embeddable":true,"href":"https:\/\/agora.xtec.cat\/ies-castelldelquer-prats\/wp-json\/wp\/v2\/users\/7"}],"replies":[{"embeddable":true,"href":"https:\/\/agora.xtec.cat\/ies-castelldelquer-prats\/wp-json\/wp\/v2\/comments?post=5870"}],"version-history":[{"count":1,"href":"https:\/\/agora.xtec.cat\/ies-castelldelquer-prats\/wp-json\/wp\/v2\/posts\/5870\/revisions"}],"predecessor-version":[{"id":5881,"href":"https:\/\/agora.xtec.cat\/ies-castelldelquer-prats\/wp-json\/wp\/v2\/posts\/5870\/revisions\/5881"}],"wp:featuredmedia":[{"embeddable":true,"href":"https:\/\/agora.xtec.cat\/ies-castelldelquer-prats\/wp-json\/wp\/v2\/media\/5871"}],"wp:attachment":[{"href":"https:\/\/agora.xtec.cat\/ies-castelldelquer-prats\/wp-json\/wp\/v2\/media?parent=5870"}],"wp:term":[{"taxonomy":"category","embeddable":true,"href":"https:\/\/agora.xtec.cat\/ies-castelldelquer-prats\/wp-json\/wp\/v2\/categories?post=5870"},{"taxonomy":"post_tag","embeddable":true,"href":"https:\/\/agora.xtec.cat\/ies-castelldelquer-prats\/wp-json\/wp\/v2\/tags?post=5870"}],"curies":[{"name":"wp","href":"https:\/\/api.w.org\/{rel}","templated":true}]}}