{"id":5810,"date":"2025-10-31T08:34:10","date_gmt":"2025-10-31T07:34:10","guid":{"rendered":"https:\/\/agora.xtec.cat\/ies-castelldelquer-prats\/?p=5810"},"modified":"2025-10-31T08:34:10","modified_gmt":"2025-10-31T07:34:10","slug":"sortida-a-lourdes-amb-els-alumnes-de-2n-deso","status":"publish","type":"post","link":"https:\/\/agora.xtec.cat\/ies-castelldelquer-prats\/general\/sortida-a-lourdes-amb-els-alumnes-de-2n-deso\/","title":{"rendered":"SORTIDA A LOURDES AMB ELS ALUMNES DE 2N D\u2019ESO"},"content":{"rendered":"<p><i><span style=\"font-weight: 400\">Redacci\u00f3 : Arlet Sala, Pol Sch\u00fcler i Laia Subirana.<\/span><\/i><\/p>\n<p>&nbsp;<\/p>\n<p><span style=\"font-weight: 400\">El passat dijous 9 d\u2019octubre, els alumnes de 2n d\u2019ESO van anar a Lourdes, a fer una gimcana per fer cohesi\u00f3 de grup i per aprendre a col\u00b7laborar i treballar amb tothom.<\/span><\/p>\n<p>&nbsp;<\/p>\n<p><span style=\"font-weight: 400\">A les 12:40 van sortir de l\u2019Institut i es van dirigir cap a Lourdes caminant; un cop all\u00e0, van fer els grups per la gimcana. Seguidament, els professors els van donar uns mapes per saber on es trobaven les proves que havien de superar.<\/span><\/p>\n<p><span style=\"font-weight: 400\">\u00a0I van comen\u00e7ar la gimcana. En algunes proves hi havia un professor encarregat de demostrar que havien completat la prova; en d\u2019altres, s\u2019havia d\u2019apuntar el resultat en un paper.<\/span><\/p>\n<p>&nbsp;<\/p>\n<p><span style=\"font-weight: 400\">Segons com feia la prova, el temps que es tardava, o les paraules que es trobaven, els alumnes obtenien m\u00e9s punts o menys.<\/span><\/p>\n<p>&nbsp;<\/p>\n<p><span style=\"font-weight: 400\">Les proves que es van dur a terme van ser les seg\u00fcents:<\/span><\/p>\n<p><span style=\"font-weight: 400\">-Construcci\u00f3 d\u2019un poema de tardor.<\/span><\/p>\n<p><span style=\"font-weight: 400\">-Acroesport<\/span><\/p>\n<p><span style=\"font-weight: 400\">-Acudits<\/span><\/p>\n<p><span style=\"font-weight: 400\">-C\u00e0lcul d\u2019un per\u00edmetre amb metres i peus<\/span><\/p>\n<p><span style=\"font-weight: 400\">-Descobrir la paraula amagada amb operacions de matem\u00e0tiques.<\/span><\/p>\n<p><span style=\"font-weight: 400\">-Creaci\u00f3 de paraules a partir de lletres.\u00a0<\/span><\/p>\n<p><span style=\"font-weight: 400\">-Relleus<\/span><\/p>\n<p><span style=\"font-weight: 400\">-Traducci\u00f3 de frases de Castell\u00e0 a Catal\u00e0.<\/span><\/p>\n<p>&nbsp;<\/p>\n<p><span style=\"font-weight: 400\">Finalment, a les 14:30 van tornar tots junts cap a l\u2019Institut caminant.<\/span><\/p>\n<p><span style=\"font-weight: 400\">Les puntuacions van ser:<\/span><\/p>\n<p><a href=\"https:\/\/agora.xtec.cat\/ies-castelldelquer-prats\/wp-content\/uploads\/usu2163\/2025\/10\/image-3-3.png\"><img loading=\"lazy\" decoding=\"async\" class=\"alignnone  wp-image-5814\" src=\"https:\/\/agora.xtec.cat\/ies-castelldelquer-prats\/wp-content\/uploads\/usu2163\/2025\/10\/image-3-3-1024x234.png\" alt=\"\" width=\"1002\" height=\"229\" srcset=\"https:\/\/agora.xtec.cat\/ies-castelldelquer-prats\/wp-content\/uploads\/usu2163\/2025\/10\/image-3-3-1024x234.png 1024w, https:\/\/agora.xtec.cat\/ies-castelldelquer-prats\/wp-content\/uploads\/usu2163\/2025\/10\/image-3-3-300x69.png 300w, https:\/\/agora.xtec.cat\/ies-castelldelquer-prats\/wp-content\/uploads\/usu2163\/2025\/10\/image-3-3-768x176.png 768w, https:\/\/agora.xtec.cat\/ies-castelldelquer-prats\/wp-content\/uploads\/usu2163\/2025\/10\/image-3-3.png 1324w\" sizes=\"auto, (max-width: 1002px) 100vw, 1002px\" \/><\/a><\/p>\n<p><a href=\"https:\/\/agora.xtec.cat\/ies-castelldelquer-prats\/wp-content\/uploads\/usu2163\/2025\/10\/image-4-3.png\"><img loading=\"lazy\" decoding=\"async\" class=\"alignnone  wp-image-5815\" src=\"https:\/\/agora.xtec.cat\/ies-castelldelquer-prats\/wp-content\/uploads\/usu2163\/2025\/10\/image-4-3-1024x399.png\" alt=\"\" width=\"960\" height=\"374\" srcset=\"https:\/\/agora.xtec.cat\/ies-castelldelquer-prats\/wp-content\/uploads\/usu2163\/2025\/10\/image-4-3-1024x399.png 1024w, https:\/\/agora.xtec.cat\/ies-castelldelquer-prats\/wp-content\/uploads\/usu2163\/2025\/10\/image-4-3-300x117.png 300w, https:\/\/agora.xtec.cat\/ies-castelldelquer-prats\/wp-content\/uploads\/usu2163\/2025\/10\/image-4-3-768x299.png 768w, https:\/\/agora.xtec.cat\/ies-castelldelquer-prats\/wp-content\/uploads\/usu2163\/2025\/10\/image-4-3.png 1288w\" sizes=\"auto, (max-width: 960px) 100vw, 960px\" \/><\/a><\/p>\n<p><span style=\"font-weight: 400\">Els guanyadors van ser els que van obtenir la millor puntuaci\u00f3; el premi: una bossa de llaminadures per cada membre de l\u2019equip.<\/span><\/p>\n<p>&nbsp;<\/p>\n<p><span style=\"font-weight: 400\">Els alumnes valoren molt positivament aquesta sortida, ja que els va fer sortir de la rutina de manera divertida.\u00a0<\/span><\/p>\n<p>&nbsp;<\/p>\n","protected":false},"excerpt":{"rendered":"<p>Redacci\u00f3 : Arlet Sala, Pol Sch\u00fcler i Laia Subirana.<br \/>\n&nbsp;<br \/>\nEl passat dijous 9 d\u2019octubre, els alumnes de 2n d\u2019ESO van anar a Lourdes, a fer una gimcana per fer cohesi\u00f3 de grup i per aprendre a col\u00b7laborar i treballar amb tothom.<br \/>\n&nbsp;<br \/>\nA les 12:40 van sortir de&hellip;  <a href=\"https:\/\/agora.xtec.cat\/ies-castelldelquer-prats\/general\/sortida-a-lourdes-amb-els-alumnes-de-2n-deso\/\" title=\"Read SORTIDA A LOURDES AMB ELS ALUMNES DE 2N D\u2019ESO\">Llegeix m\u00e9s\u00bb<\/a><\/p>\n","protected":false},"author":7,"featured_media":0,"comment_status":"closed","ping_status":"open","sticky":false,"template":"","format":"standard","meta":{"_bbp_topic_count":0,"_bbp_reply_count":0,"_bbp_total_topic_count":0,"_bbp_total_reply_count":0,"_bbp_voice_count":0,"_bbp_anonymous_reply_count":0,"_bbp_topic_count_hidden":0,"_bbp_reply_count_hidden":0,"_bbp_forum_subforum_count":0,"footnotes":""},"categories":[5,1,29],"tags":[],"class_list":["post-5810","post","type-post","status-publish","format-standard","hentry","category-eso-2","category-general","category-portada"],"post_mailing_queue_ids":[],"_links":{"self":[{"href":"https:\/\/agora.xtec.cat\/ies-castelldelquer-prats\/wp-json\/wp\/v2\/posts\/5810","targetHints":{"allow":["GET"]}}],"collection":[{"href":"https:\/\/agora.xtec.cat\/ies-castelldelquer-prats\/wp-json\/wp\/v2\/posts"}],"about":[{"href":"https:\/\/agora.xtec.cat\/ies-castelldelquer-prats\/wp-json\/wp\/v2\/types\/post"}],"author":[{"embeddable":true,"href":"https:\/\/agora.xtec.cat\/ies-castelldelquer-prats\/wp-json\/wp\/v2\/users\/7"}],"replies":[{"embeddable":true,"href":"https:\/\/agora.xtec.cat\/ies-castelldelquer-prats\/wp-json\/wp\/v2\/comments?post=5810"}],"version-history":[{"count":1,"href":"https:\/\/agora.xtec.cat\/ies-castelldelquer-prats\/wp-json\/wp\/v2\/posts\/5810\/revisions"}],"predecessor-version":[{"id":5816,"href":"https:\/\/agora.xtec.cat\/ies-castelldelquer-prats\/wp-json\/wp\/v2\/posts\/5810\/revisions\/5816"}],"wp:attachment":[{"href":"https:\/\/agora.xtec.cat\/ies-castelldelquer-prats\/wp-json\/wp\/v2\/media?parent=5810"}],"wp:term":[{"taxonomy":"category","embeddable":true,"href":"https:\/\/agora.xtec.cat\/ies-castelldelquer-prats\/wp-json\/wp\/v2\/categories?post=5810"},{"taxonomy":"post_tag","embeddable":true,"href":"https:\/\/agora.xtec.cat\/ies-castelldelquer-prats\/wp-json\/wp\/v2\/tags?post=5810"}],"curies":[{"name":"wp","href":"https:\/\/api.w.org\/{rel}","templated":true}]}}