{"id":5760,"date":"2025-10-24T09:22:31","date_gmt":"2025-10-24T07:22:31","guid":{"rendered":"https:\/\/agora.xtec.cat\/ies-castelldelquer-prats\/?p=5760"},"modified":"2025-10-24T09:22:31","modified_gmt":"2025-10-24T07:22:31","slug":"inici-de-lesperat-musical-de-4t-deso","status":"publish","type":"post","link":"https:\/\/agora.xtec.cat\/ies-castelldelquer-prats\/general\/inici-de-lesperat-musical-de-4t-deso\/","title":{"rendered":"INICI DE L\u2019ESPERAT MUSICAL DE 4T D\u2019ESO"},"content":{"rendered":"<p><i><span style=\"font-weight: 400\">Aina Bruch, David Carrera, Arnau Plans<\/span><\/i><\/p>\n<p><span style=\"font-weight: 400\">L\u2019estiu passat els alumnes de 4t d\u2019ESO van rebre les primeres not\u00edcies sobre l\u2019esperat musical. Un correu procedent de les professores de teatre (J\u00falia Camprub\u00ed, Ariadna Cabiscol, N\u00faria Capdevila i Maria Casellas professora externa de teatre-), demanava als alumnes un video introductori sobre les seves habilitats teatrals. Aix\u00ed doncs, es va donar el tret de sortida a la nova edici\u00f3 del Musical de\u00a0 4t.<\/span><\/p>\n<p><span style=\"font-weight: 400\">Un cop iniciat el curs, i despr\u00e9s d\u2019aquest primer contacte, els joves, juntament amb les professores esmentades, es reuneixen els dimecres durant les tres \u00faltimes hores lectives per comen\u00e7ar a practicar i millorar progressivament les t\u00e8cniques teatrals, amb la finalitat d\u2019\u2019adquirir una bona base i poder-se lluir\u00a0 en el proper musical. En aquests moments s\u2019est\u00e0 treballant l\u2019escenografia, disciplina condu\u00efda per Maria Casellas; tamb\u00e9 es practica una de les primeres can\u00e7ons del musical, sota la batuta de J\u00falia Camprub\u00ed, professora de m\u00fasica de l\u2019Institut.\u00a0<\/span><\/p>\n<p><span style=\"font-weight: 400\">Totes aquestes activitats afavoreixen, sens dubte, la cohesi\u00f3 de grup. Per aquesta ra\u00f3,<a href=\"https:\/\/agora.xtec.cat\/ies-castelldelquer-prats\/wp-content\/uploads\/usu2163\/2025\/10\/IMG_5840.heic\"><img decoding=\"async\" class=\"alignnone size-full wp-image-5761\" src=\"https:\/\/agora.xtec.cat\/ies-castelldelquer-prats\/wp-content\/uploads\/usu2163\/2025\/10\/IMG_5840.heic\" alt=\"\" \/><\/a> <a href=\"https:\/\/agora.xtec.cat\/ies-castelldelquer-prats\/wp-content\/uploads\/usu2163\/2025\/10\/IMG_5839.heic\"><img decoding=\"async\" class=\"alignnone size-full wp-image-5762\" src=\"https:\/\/agora.xtec.cat\/ies-castelldelquer-prats\/wp-content\/uploads\/usu2163\/2025\/10\/IMG_5839.heic\" alt=\"\" \/><\/a> afegida als nous aprenentatges adquirits i a la millora de la confian\u00e7a en el grup i en un mateix, els nois i noies valoren molt positivament l\u2019inici del projecte.\u00a0<\/span><\/p>\n<p><span style=\"font-weight: 400\">Els alumnes esperen impacients la seg\u00fcent activitat que es preveu per al proper dimecres 29 d\u2019octubre: els joves s\u2019enfrontaran al primer c\u00e0sting de la temporada!<\/span><\/p>\n<p><span style=\"font-weight: 400\">Us desitgem molta sort!!!<a href=\"https:\/\/agora.xtec.cat\/ies-castelldelquer-prats\/wp-content\/uploads\/usu2163\/2025\/10\/IMG_5840.heic\"><img decoding=\"async\" class=\"alignnone size-full wp-image-5761\" src=\"https:\/\/agora.xtec.cat\/ies-castelldelquer-prats\/wp-content\/uploads\/usu2163\/2025\/10\/IMG_5840.heic\" alt=\"\" \/><\/a><a href=\"https:\/\/agora.xtec.cat\/ies-castelldelquer-prats\/wp-content\/uploads\/usu2163\/2025\/10\/IMG_5839.heic\"><img decoding=\"async\" class=\"alignnone size-full wp-image-5762\" src=\"https:\/\/agora.xtec.cat\/ies-castelldelquer-prats\/wp-content\/uploads\/usu2163\/2025\/10\/IMG_5839.heic\" alt=\"\" \/><\/a> <\/span><\/p>\n<p><a href=\"https:\/\/agora.xtec.cat\/ies-castelldelquer-prats\/wp-content\/uploads\/usu2163\/2025\/10\/IMG_5840-2.jpg\"><img loading=\"lazy\" decoding=\"async\" class=\" wp-image-5763 alignleft\" src=\"https:\/\/agora.xtec.cat\/ies-castelldelquer-prats\/wp-content\/uploads\/usu2163\/2025\/10\/IMG_5840-2-768x1024.jpg\" alt=\"\" width=\"510\" height=\"680\" srcset=\"https:\/\/agora.xtec.cat\/ies-castelldelquer-prats\/wp-content\/uploads\/usu2163\/2025\/10\/IMG_5840-2-768x1024.jpg 768w, https:\/\/agora.xtec.cat\/ies-castelldelquer-prats\/wp-content\/uploads\/usu2163\/2025\/10\/IMG_5840-2-225x300.jpg 225w, https:\/\/agora.xtec.cat\/ies-castelldelquer-prats\/wp-content\/uploads\/usu2163\/2025\/10\/IMG_5840-2.jpg 1024w\" sizes=\"auto, (max-width: 510px) 100vw, 510px\" \/><\/a><a href=\"https:\/\/agora.xtec.cat\/ies-castelldelquer-prats\/wp-content\/uploads\/usu2163\/2025\/10\/IMG_5839-1.jpg\"><img loading=\"lazy\" decoding=\"async\" class=\"alignnone  wp-image-5764\" src=\"https:\/\/agora.xtec.cat\/ies-castelldelquer-prats\/wp-content\/uploads\/usu2163\/2025\/10\/IMG_5839-1-768x1024.jpg\" alt=\"\" width=\"503\" height=\"670\" srcset=\"https:\/\/agora.xtec.cat\/ies-castelldelquer-prats\/wp-content\/uploads\/usu2163\/2025\/10\/IMG_5839-1-768x1024.jpg 768w, https:\/\/agora.xtec.cat\/ies-castelldelquer-prats\/wp-content\/uploads\/usu2163\/2025\/10\/IMG_5839-1-225x300.jpg 225w, https:\/\/agora.xtec.cat\/ies-castelldelquer-prats\/wp-content\/uploads\/usu2163\/2025\/10\/IMG_5839-1.jpg 1024w\" sizes=\"auto, (max-width: 503px) 100vw, 503px\" \/><\/a><\/p>\n","protected":false},"excerpt":{"rendered":"<p>Aina Bruch, David Carrera, Arnau Plans<br \/>\nL\u2019estiu passat els alumnes de 4t d\u2019ESO van rebre les primeres not\u00edcies sobre l\u2019esperat musical. Un correu procedent de les professores de teatre (J\u00falia Camprub\u00ed, Ariadna Cabiscol, N\u00faria Capdevila i Maria Casellas professora externa de teatre-), demanava als alumnes un&hellip;  <a href=\"https:\/\/agora.xtec.cat\/ies-castelldelquer-prats\/general\/inici-de-lesperat-musical-de-4t-deso\/\" title=\"Read INICI DE L\u2019ESPERAT MUSICAL DE 4T D\u2019ESO\">Llegeix m\u00e9s\u00bb<\/a><\/p>\n","protected":false},"author":7,"featured_media":5763,"comment_status":"closed","ping_status":"open","sticky":false,"template":"","format":"standard","meta":{"_bbp_topic_count":0,"_bbp_reply_count":0,"_bbp_total_topic_count":0,"_bbp_total_reply_count":0,"_bbp_voice_count":0,"_bbp_anonymous_reply_count":0,"_bbp_topic_count_hidden":0,"_bbp_reply_count_hidden":0,"_bbp_forum_subforum_count":0,"footnotes":""},"categories":[7,1,29],"tags":[],"class_list":["post-5760","post","type-post","status-publish","format-standard","has-post-thumbnail","hentry","category-eso-4","category-general","category-portada"],"post_mailing_queue_ids":[],"_links":{"self":[{"href":"https:\/\/agora.xtec.cat\/ies-castelldelquer-prats\/wp-json\/wp\/v2\/posts\/5760","targetHints":{"allow":["GET"]}}],"collection":[{"href":"https:\/\/agora.xtec.cat\/ies-castelldelquer-prats\/wp-json\/wp\/v2\/posts"}],"about":[{"href":"https:\/\/agora.xtec.cat\/ies-castelldelquer-prats\/wp-json\/wp\/v2\/types\/post"}],"author":[{"embeddable":true,"href":"https:\/\/agora.xtec.cat\/ies-castelldelquer-prats\/wp-json\/wp\/v2\/users\/7"}],"replies":[{"embeddable":true,"href":"https:\/\/agora.xtec.cat\/ies-castelldelquer-prats\/wp-json\/wp\/v2\/comments?post=5760"}],"version-history":[{"count":1,"href":"https:\/\/agora.xtec.cat\/ies-castelldelquer-prats\/wp-json\/wp\/v2\/posts\/5760\/revisions"}],"predecessor-version":[{"id":5765,"href":"https:\/\/agora.xtec.cat\/ies-castelldelquer-prats\/wp-json\/wp\/v2\/posts\/5760\/revisions\/5765"}],"wp:featuredmedia":[{"embeddable":true,"href":"https:\/\/agora.xtec.cat\/ies-castelldelquer-prats\/wp-json\/wp\/v2\/media\/5763"}],"wp:attachment":[{"href":"https:\/\/agora.xtec.cat\/ies-castelldelquer-prats\/wp-json\/wp\/v2\/media?parent=5760"}],"wp:term":[{"taxonomy":"category","embeddable":true,"href":"https:\/\/agora.xtec.cat\/ies-castelldelquer-prats\/wp-json\/wp\/v2\/categories?post=5760"},{"taxonomy":"post_tag","embeddable":true,"href":"https:\/\/agora.xtec.cat\/ies-castelldelquer-prats\/wp-json\/wp\/v2\/tags?post=5760"}],"curies":[{"name":"wp","href":"https:\/\/api.w.org\/{rel}","templated":true}]}}