{"id":5712,"date":"2025-10-20T12:27:17","date_gmt":"2025-10-20T10:27:17","guid":{"rendered":"https:\/\/agora.xtec.cat\/ies-castelldelquer-prats\/?p=5712"},"modified":"2025-10-20T12:27:17","modified_gmt":"2025-10-20T10:27:17","slug":"que-fan-els-alumnes-de-linstitut-durant-el-seu-temps-lliure","status":"publish","type":"post","link":"https:\/\/agora.xtec.cat\/ies-castelldelquer-prats\/general\/que-fan-els-alumnes-de-linstitut-durant-el-seu-temps-lliure\/","title":{"rendered":"QU\u00c8 FAN ELS ALUMNES DE L\u2019INSTITUT DURANT EL SEU TEMPS LLIURE?"},"content":{"rendered":"<p><em><span style=\"font-weight: 400\">O.Abadias, T.Razoug, O.Rios, D.Vila i\u00a0 N.Ziani<\/span><\/em><\/p>\n<p><span style=\"font-weight: 400\">Fa uns dies, els alumnes de Joves Reporters van enviar u \u00a0 na enquesta a l\u2019alumnat de l\u2019Institut Castell del Quer sobre les seves activitats extraescolars i el temps lliure per con\u00e8ixer millor com ocupen el seu temps fora de l\u2019horari lectiu i quins interessos tenen m\u00e9s enll\u00e0 dels estudis. D\u2019aquesta manera podem saber quines activitats s\u00f3n m\u00e9s populars.\u00a0 A l\u2019enquesta hi havia preguntes sobre els tipus d\u2019activitats que fan, si treballen, quantes hores setmanals hi dediquen, etc\u2026<\/span><\/p>\n<p><span style=\"font-weight: 400\">Hem rebut resposta de 245 alumnes de 331, \u00e9s a dir, un 74% dels alumnes d\u2019aquest institut. Un 24\u20191% de primer d\u2019ESO, un 23\u20193% de segon i tercer, un 15\u20199% de quart, de primer de batxillerat un 7\u20198%, i de segon un 5\u20197% dels alumnes. Vegem els resultats!<\/span><\/p>\n<p><a href=\"https:\/\/agora.xtec.cat\/ies-castelldelquer-prats\/wp-content\/uploads\/usu2163\/2025\/10\/image-7.png\"><img loading=\"lazy\" decoding=\"async\" class=\"alignnone size-large wp-image-5716\" src=\"https:\/\/agora.xtec.cat\/ies-castelldelquer-prats\/wp-content\/uploads\/usu2163\/2025\/10\/image-7-1024x431.png\" alt=\"\" width=\"1024\" height=\"431\" srcset=\"https:\/\/agora.xtec.cat\/ies-castelldelquer-prats\/wp-content\/uploads\/usu2163\/2025\/10\/image-7-1024x431.png 1024w, https:\/\/agora.xtec.cat\/ies-castelldelquer-prats\/wp-content\/uploads\/usu2163\/2025\/10\/image-7-300x126.png 300w, https:\/\/agora.xtec.cat\/ies-castelldelquer-prats\/wp-content\/uploads\/usu2163\/2025\/10\/image-7-768x323.png 768w, https:\/\/agora.xtec.cat\/ies-castelldelquer-prats\/wp-content\/uploads\/usu2163\/2025\/10\/image-7-1536x646.png 1536w, https:\/\/agora.xtec.cat\/ies-castelldelquer-prats\/wp-content\/uploads\/usu2163\/2025\/10\/image-7-2048x862.png 2048w\" sizes=\"auto, (max-width: 1024px) 100vw, 1024px\" \/><\/a><\/p>\n<p><span style=\"font-weight: 400\">La major part de la gent (18,8%) dedica 6 hores setmanals a la pr\u00e0ctica d\u2019aquestes activitats. Un 15,1% hi dedica fa 3 hores, un 11\u20194% hi dediquen entre cinc i set hores, en canvi un 11\u20194% no realitza cap activitat extraescolar i un 10\u20196% hi dedica un total de quatre hores a la setmana.<\/span><\/p>\n<p><a href=\"https:\/\/agora.xtec.cat\/ies-castelldelquer-prats\/wp-content\/uploads\/usu2163\/2025\/10\/image-8.png\"><img loading=\"lazy\" decoding=\"async\" class=\"alignnone size-large wp-image-5715\" src=\"https:\/\/agora.xtec.cat\/ies-castelldelquer-prats\/wp-content\/uploads\/usu2163\/2025\/10\/image-8-1024x464.png\" alt=\"\" width=\"1024\" height=\"464\" srcset=\"https:\/\/agora.xtec.cat\/ies-castelldelquer-prats\/wp-content\/uploads\/usu2163\/2025\/10\/image-8-1024x464.png 1024w, https:\/\/agora.xtec.cat\/ies-castelldelquer-prats\/wp-content\/uploads\/usu2163\/2025\/10\/image-8-300x136.png 300w, https:\/\/agora.xtec.cat\/ies-castelldelquer-prats\/wp-content\/uploads\/usu2163\/2025\/10\/image-8-768x348.png 768w, https:\/\/agora.xtec.cat\/ies-castelldelquer-prats\/wp-content\/uploads\/usu2163\/2025\/10\/image-8-1536x697.png 1536w, https:\/\/agora.xtec.cat\/ies-castelldelquer-prats\/wp-content\/uploads\/usu2163\/2025\/10\/image-8-2048x929.png 2048w\" sizes=\"auto, (max-width: 1024px) 100vw, 1024px\" \/><\/a><\/p>\n<p><span style=\"font-weight: 400\">La major part dels alumnes (un 42.9%) fan futbol, un 8,8% fan patinatge, un 6,5%\u00a0 m\u00fasica, un 6,5% hip-hop, un 4,6% b\u00e0squet, un 4,1% idiomes, 3,2% treballa i un altre 2,8% fan hipica. N\u2019hi ha d\u2019altres amb menor resultat que fan bici, motocross, classes de rep\u00e0s, volei, p\u00e0del, etc\u2026<\/span><\/p>\n<p><a href=\"https:\/\/agora.xtec.cat\/ies-castelldelquer-prats\/wp-content\/uploads\/usu2163\/2025\/10\/image-9.png\"><img loading=\"lazy\" decoding=\"async\" class=\"alignnone size-large wp-image-5714\" src=\"https:\/\/agora.xtec.cat\/ies-castelldelquer-prats\/wp-content\/uploads\/usu2163\/2025\/10\/image-9-1024x431.png\" alt=\"\" width=\"1024\" height=\"431\" srcset=\"https:\/\/agora.xtec.cat\/ies-castelldelquer-prats\/wp-content\/uploads\/usu2163\/2025\/10\/image-9-1024x431.png 1024w, https:\/\/agora.xtec.cat\/ies-castelldelquer-prats\/wp-content\/uploads\/usu2163\/2025\/10\/image-9-300x126.png 300w, https:\/\/agora.xtec.cat\/ies-castelldelquer-prats\/wp-content\/uploads\/usu2163\/2025\/10\/image-9-768x323.png 768w, https:\/\/agora.xtec.cat\/ies-castelldelquer-prats\/wp-content\/uploads\/usu2163\/2025\/10\/image-9-1536x646.png 1536w, https:\/\/agora.xtec.cat\/ies-castelldelquer-prats\/wp-content\/uploads\/usu2163\/2025\/10\/image-9-2048x862.png 2048w\" sizes=\"auto, (max-width: 1024px) 100vw, 1024px\" \/><\/a><\/p>\n<p><span style=\"font-weight: 400\">Tamb\u00e9 vam fer una pregunta oberta per saber si els alumnes treballaven i en qu\u00e8. Un 3\u20197% van dir que treballaven: molts fan d\u2019entrenadors esportius a nens m\u00e9s petits, d\u2019altres fan pr\u00e0ctiques amb un mec\u00e0nic, dependents de diverses botigues del seu poble, cambrers..<\/span><\/p>\n<p>&nbsp;<\/p>\n<p><span style=\"font-weight: 400\">Respecte a la pregunta \u201cFas alguna altra activitat?\u201d, un 67,7% han dit que s\u00ed, mentre un 32,3% ha dit que no en feia cap m\u00e9s. Dels que han dit que s\u00ed, un 38,1% fan idiomes, un 14,3% fan futbol, un 9,5% fa m\u00fasica. Tamb\u00e9 n\u2019hi ha d\u2019altres amb menys resultat que fan bici, patinatge, h\u00edpica, entre d\u2019altres.<\/span><\/p>\n<p><a href=\"https:\/\/agora.xtec.cat\/ies-castelldelquer-prats\/wp-content\/uploads\/usu2163\/2025\/10\/image-10.png\"><img loading=\"lazy\" decoding=\"async\" class=\"alignnone size-large wp-image-5713\" src=\"https:\/\/agora.xtec.cat\/ies-castelldelquer-prats\/wp-content\/uploads\/usu2163\/2025\/10\/image-10-1024x431.png\" alt=\"\" width=\"1024\" height=\"431\" srcset=\"https:\/\/agora.xtec.cat\/ies-castelldelquer-prats\/wp-content\/uploads\/usu2163\/2025\/10\/image-10-1024x431.png 1024w, https:\/\/agora.xtec.cat\/ies-castelldelquer-prats\/wp-content\/uploads\/usu2163\/2025\/10\/image-10-300x126.png 300w, https:\/\/agora.xtec.cat\/ies-castelldelquer-prats\/wp-content\/uploads\/usu2163\/2025\/10\/image-10-768x323.png 768w, https:\/\/agora.xtec.cat\/ies-castelldelquer-prats\/wp-content\/uploads\/usu2163\/2025\/10\/image-10-1536x646.png 1536w, https:\/\/agora.xtec.cat\/ies-castelldelquer-prats\/wp-content\/uploads\/usu2163\/2025\/10\/image-10-2048x862.png 2048w\" sizes=\"auto, (max-width: 1024px) 100vw, 1024px\" \/><\/a><\/p>\n<p><span style=\"font-weight: 400\">En general, els resultats donen a entendre que la majoria d\u2019alumnes tenen gustos similars en vers les extraescolars que realitzen, encara que n\u2019hi ha d\u2019altres que no coincideixen tant; respecte a les hores de dedicaci\u00f3,hem pogut veure que molts alumnes hi dediquen un total de 6h a la setmana i que molts d\u2019ells, la gran majoria en realitzen m\u00e9s d\u2019una.<\/span><\/p>\n<p>&nbsp;<\/p>\n<p><span style=\"font-weight: 400\">Animem els alumnes que formen part del 11,4% que no realitzen cap activitat extraescolar a provar-ne alguna, ja que l\u2019esport i altres activitats s\u00f3n molt importants per mantenir una bona salut, socialitzar-se i desconnectar dels estudis. Tamb\u00e9 \u00e9s essencial dedicar temps a activitats que ajudin a relaxar la ment i millorar el benestar personal.<\/span><\/p>\n","protected":false},"excerpt":{"rendered":"<p>O.Abadias, T.Razoug, O.Rios, D.Vila i\u00a0 N.Ziani<br \/>\nFa uns dies, els alumnes de Joves Reporters van enviar u \u00a0 na enquesta a l\u2019alumnat de l\u2019Institut Castell del Quer sobre les seves activitats extraescolars i el temps lliure per con\u00e8ixer millor com ocupen el seu temps fora de&hellip;  <a href=\"https:\/\/agora.xtec.cat\/ies-castelldelquer-prats\/general\/que-fan-els-alumnes-de-linstitut-durant-el-seu-temps-lliure\/\" title=\"Read QU\u00c8 FAN ELS ALUMNES DE L\u2019INSTITUT DURANT EL SEU TEMPS LLIURE?\">Llegeix m\u00e9s\u00bb<\/a><\/p>\n","protected":false},"author":7,"featured_media":5715,"comment_status":"closed","ping_status":"open","sticky":false,"template":"","format":"standard","meta":{"_bbp_topic_count":0,"_bbp_reply_count":0,"_bbp_total_topic_count":0,"_bbp_total_reply_count":0,"_bbp_voice_count":0,"_bbp_anonymous_reply_count":0,"_bbp_topic_count_hidden":0,"_bbp_reply_count_hidden":0,"_bbp_forum_subforum_count":0,"footnotes":""},"categories":[1,29],"tags":[],"class_list":["post-5712","post","type-post","status-publish","format-standard","has-post-thumbnail","hentry","category-general","category-portada"],"post_mailing_queue_ids":[],"_links":{"self":[{"href":"https:\/\/agora.xtec.cat\/ies-castelldelquer-prats\/wp-json\/wp\/v2\/posts\/5712","targetHints":{"allow":["GET"]}}],"collection":[{"href":"https:\/\/agora.xtec.cat\/ies-castelldelquer-prats\/wp-json\/wp\/v2\/posts"}],"about":[{"href":"https:\/\/agora.xtec.cat\/ies-castelldelquer-prats\/wp-json\/wp\/v2\/types\/post"}],"author":[{"embeddable":true,"href":"https:\/\/agora.xtec.cat\/ies-castelldelquer-prats\/wp-json\/wp\/v2\/users\/7"}],"replies":[{"embeddable":true,"href":"https:\/\/agora.xtec.cat\/ies-castelldelquer-prats\/wp-json\/wp\/v2\/comments?post=5712"}],"version-history":[{"count":1,"href":"https:\/\/agora.xtec.cat\/ies-castelldelquer-prats\/wp-json\/wp\/v2\/posts\/5712\/revisions"}],"predecessor-version":[{"id":5717,"href":"https:\/\/agora.xtec.cat\/ies-castelldelquer-prats\/wp-json\/wp\/v2\/posts\/5712\/revisions\/5717"}],"wp:featuredmedia":[{"embeddable":true,"href":"https:\/\/agora.xtec.cat\/ies-castelldelquer-prats\/wp-json\/wp\/v2\/media\/5715"}],"wp:attachment":[{"href":"https:\/\/agora.xtec.cat\/ies-castelldelquer-prats\/wp-json\/wp\/v2\/media?parent=5712"}],"wp:term":[{"taxonomy":"category","embeddable":true,"href":"https:\/\/agora.xtec.cat\/ies-castelldelquer-prats\/wp-json\/wp\/v2\/categories?post=5712"},{"taxonomy":"post_tag","embeddable":true,"href":"https:\/\/agora.xtec.cat\/ies-castelldelquer-prats\/wp-json\/wp\/v2\/tags?post=5712"}],"curies":[{"name":"wp","href":"https:\/\/api.w.org\/{rel}","templated":true}]}}