{"id":5685,"date":"2025-10-17T08:26:03","date_gmt":"2025-10-17T06:26:03","guid":{"rendered":"https:\/\/agora.xtec.cat\/ies-castelldelquer-prats\/?p=5685"},"modified":"2025-10-17T08:35:23","modified_gmt":"2025-10-17T06:35:23","slug":"queralt-sanas-atleta-pradenca-setena-despanya-2","status":"publish","type":"post","link":"https:\/\/agora.xtec.cat\/ies-castelldelquer-prats\/general\/queralt-sanas-atleta-pradenca-setena-despanya-2\/","title":{"rendered":"Queralt Sa\u00f1as, atleta pradenca, setena d\u2019Espanya"},"content":{"rendered":"<ol>\n<li><em><span style=\"font-weight: 400\"> Banegas, L. Chaves, M. Compte i C. Grifell<\/span><\/em><\/li>\n<\/ol>\n<p><span style=\"font-weight: 400\">El passat 4 d\u2019octubre, Queralt Sa\u00f1as, alumna de 3r d\u2019ESO, va participar en una cursa del Campionat d\u2019Espanya d\u2019atletisme, representant la selecci\u00f3 catalana juntament amb altres esportistes com ella. Sa\u00f1as ens ha explicat que va quedar setena en la classificaci\u00f3 individual i segones per equips, a nom\u00e9s dos punts de la Comunitat de Madrid.<\/span><span style=\"font-weight: 400\">Sa\u00f1as est\u00e0 molt satisfeta amb el seu resultat, ja que va ser una cursa r\u00e0pida, amb molt nivell i a principi de temporada, cosa que va fer que no la pogu\u00e9s preparar del tot.<\/span><\/p>\n<p><span style=\"font-weight: 400\">Al llarg de la seva traject\u00f2ria esportiva, Queralt ens ha explicat que ha aconseguit una vuitena posici\u00f3 al Campionat d\u2019Espanya sub-14, dues medalles per equips al Campionat d\u2019Espanya de cros i marxa, i una desena posici\u00f3 al Campionat d\u2019Espanya individual sub-16.<\/span><\/p>\n<p><span style=\"font-weight: 400\">Queralt Sa\u00f1as diu que la seva germana, N\u00faria Sa\u00f1as, que tamb\u00e9 ha destacat en aquest esport, \u00e9s qui l\u2019ha inspirada a dedicar-s\u2019hi i a esfor\u00e7ar-s\u2019hi tant.\u00a0<\/span><\/p>\n<p><span style=\"font-weight: 400\">Actualment, Queralt\u00a0 dedica entre 6 i 7 hores setmanals a entrenar i fa competicions amb la selecci\u00f3 Catalana d\u2019atletisme.<\/span><\/p>\n<p><span style=\"font-weight: 400\">Des de Joves Reporters, encoratgem la Queralt a seguir en aquesta l\u00ednia d\u2019esfor\u00e7, comprom\u00eds i \u00e8xits!!<\/span><\/p>\n<p><a href=\"https:\/\/agora.xtec.cat\/ies-castelldelquer-prats\/wp-content\/uploads\/usu2163\/2025\/10\/tempFileForShare_20251015-112120-2.jpg\"><img loading=\"lazy\" decoding=\"async\" class=\"size-full wp-image-5686 alignnone\" src=\"https:\/\/agora.xtec.cat\/ies-castelldelquer-prats\/wp-content\/uploads\/usu2163\/2025\/10\/tempFileForShare_20251015-112120-2.jpg\" alt=\"\" width=\"582\" height=\"467\" srcset=\"https:\/\/agora.xtec.cat\/ies-castelldelquer-prats\/wp-content\/uploads\/usu2163\/2025\/10\/tempFileForShare_20251015-112120-2.jpg 582w, https:\/\/agora.xtec.cat\/ies-castelldelquer-prats\/wp-content\/uploads\/usu2163\/2025\/10\/tempFileForShare_20251015-112120-2-300x241.jpg 300w\" sizes=\"auto, (max-width: 582px) 100vw, 582px\" \/><\/a><\/p>\n","protected":false},"excerpt":{"rendered":"<ol>\n<li> Banegas, L. Chaves, M. Compte i C. Grifell<\/li>\n<\/ol>\n<p>El passat 4 d\u2019octubre, Queralt Sa\u00f1as, alumna de 3r d\u2019ESO, va participar en una cursa del Campionat d\u2019Espanya d\u2019atletisme, representant la selecci\u00f3 catalana juntament amb altres esportistes com ella. Sa\u00f1as ens ha explicat que va quedar setena&hellip;  <a href=\"https:\/\/agora.xtec.cat\/ies-castelldelquer-prats\/general\/queralt-sanas-atleta-pradenca-setena-despanya-2\/\" title=\"Read Queralt Sa\u00f1as, atleta pradenca, setena d\u2019Espanya\">Llegeix m\u00e9s\u00bb<\/a><\/p>\n","protected":false},"author":7,"featured_media":5686,"comment_status":"closed","ping_status":"open","sticky":false,"template":"","format":"standard","meta":{"_bbp_topic_count":0,"_bbp_reply_count":0,"_bbp_total_topic_count":0,"_bbp_total_reply_count":0,"_bbp_voice_count":0,"_bbp_anonymous_reply_count":0,"_bbp_topic_count_hidden":0,"_bbp_reply_count_hidden":0,"_bbp_forum_subforum_count":0,"footnotes":""},"categories":[1,29],"tags":[],"class_list":["post-5685","post","type-post","status-publish","format-standard","has-post-thumbnail","hentry","category-general","category-portada"],"post_mailing_queue_ids":[],"_links":{"self":[{"href":"https:\/\/agora.xtec.cat\/ies-castelldelquer-prats\/wp-json\/wp\/v2\/posts\/5685","targetHints":{"allow":["GET"]}}],"collection":[{"href":"https:\/\/agora.xtec.cat\/ies-castelldelquer-prats\/wp-json\/wp\/v2\/posts"}],"about":[{"href":"https:\/\/agora.xtec.cat\/ies-castelldelquer-prats\/wp-json\/wp\/v2\/types\/post"}],"author":[{"embeddable":true,"href":"https:\/\/agora.xtec.cat\/ies-castelldelquer-prats\/wp-json\/wp\/v2\/users\/7"}],"replies":[{"embeddable":true,"href":"https:\/\/agora.xtec.cat\/ies-castelldelquer-prats\/wp-json\/wp\/v2\/comments?post=5685"}],"version-history":[{"count":1,"href":"https:\/\/agora.xtec.cat\/ies-castelldelquer-prats\/wp-json\/wp\/v2\/posts\/5685\/revisions"}],"predecessor-version":[{"id":5687,"href":"https:\/\/agora.xtec.cat\/ies-castelldelquer-prats\/wp-json\/wp\/v2\/posts\/5685\/revisions\/5687"}],"wp:featuredmedia":[{"embeddable":true,"href":"https:\/\/agora.xtec.cat\/ies-castelldelquer-prats\/wp-json\/wp\/v2\/media\/5686"}],"wp:attachment":[{"href":"https:\/\/agora.xtec.cat\/ies-castelldelquer-prats\/wp-json\/wp\/v2\/media?parent=5685"}],"wp:term":[{"taxonomy":"category","embeddable":true,"href":"https:\/\/agora.xtec.cat\/ies-castelldelquer-prats\/wp-json\/wp\/v2\/categories?post=5685"},{"taxonomy":"post_tag","embeddable":true,"href":"https:\/\/agora.xtec.cat\/ies-castelldelquer-prats\/wp-json\/wp\/v2\/tags?post=5685"}],"curies":[{"name":"wp","href":"https:\/\/api.w.org\/{rel}","templated":true}]}}