{"id":5646,"date":"2025-10-08T11:42:09","date_gmt":"2025-10-08T09:42:09","guid":{"rendered":"https:\/\/agora.xtec.cat\/ies-castelldelquer-prats\/?p=5646"},"modified":"2025-10-08T11:42:09","modified_gmt":"2025-10-08T09:42:09","slug":"nou-comencament-escolar-i-nous-alumnes","status":"publish","type":"post","link":"https:\/\/agora.xtec.cat\/ies-castelldelquer-prats\/eso\/eso-1\/nou-comencament-escolar-i-nous-alumnes\/","title":{"rendered":"NOU COMEN\u00c7AMENT ESCOLAR I NOUS ALUMNES"},"content":{"rendered":"<p><em>A.Casanovas, A.Cornellas,J.Garc\u00e9s F.Hayoun i R.Serra<\/em><\/p>\n<p><span style=\"font-weight: 400\">Aquest any, com sempre, els alumnes de 1r d\u2019ESO han comen\u00e7at una nova etapa a l\u2019Institut. Per con\u00e8ixer com s\u2019han sentit, des de Joves Reporters, hem enviat una enquesta, que han respost en total, 41 alumnes que representa el 68% dels alumnes total.\u00a0<\/span><\/p>\n<p><span style=\"font-weight: 400\">Aix\u00ed doncs, sobre els 41 alumnes que han respost el q\u00fcestionari, els alumnes s\u00f3n dels diferents pobles que conformen el territori: Prats de Llu\u00e7an\u00e8s (28,8%), Olost (19,2%), Sant Feliu Sasserra (19,2%), Sant Boi de Llu\u00e7an\u00e8s (9,2%), Perafita (7,2%), Orist\u00e0 (4,8%), Sta Eul\u00e0lia de Puig-Oriol (4,8%), St Mart\u00ed d\u2019Albars (2,4%) i Sta Creu (2,4%).<\/span><\/p>\n<p><a href=\"https:\/\/agora.xtec.cat\/ies-castelldelquer-prats\/wp-content\/uploads\/usu2163\/2025\/10\/image-2.png\"><img loading=\"lazy\" decoding=\"async\" class=\"alignnone size-large wp-image-5648\" src=\"https:\/\/agora.xtec.cat\/ies-castelldelquer-prats\/wp-content\/uploads\/usu2163\/2025\/10\/image-2-1024x487.png\" alt=\"\" width=\"1024\" height=\"487\" srcset=\"https:\/\/agora.xtec.cat\/ies-castelldelquer-prats\/wp-content\/uploads\/usu2163\/2025\/10\/image-2-1024x487.png 1024w, https:\/\/agora.xtec.cat\/ies-castelldelquer-prats\/wp-content\/uploads\/usu2163\/2025\/10\/image-2-300x143.png 300w, https:\/\/agora.xtec.cat\/ies-castelldelquer-prats\/wp-content\/uploads\/usu2163\/2025\/10\/image-2-768x365.png 768w, https:\/\/agora.xtec.cat\/ies-castelldelquer-prats\/wp-content\/uploads\/usu2163\/2025\/10\/image-2-1536x730.png 1536w, https:\/\/agora.xtec.cat\/ies-castelldelquer-prats\/wp-content\/uploads\/usu2163\/2025\/10\/image-2-2048x974.png 2048w\" sizes=\"auto, (max-width: 1024px) 100vw, 1024px\" \/><\/a><\/p>\n<p><span style=\"font-weight: 400\">Respecte a la pregunta \u201cCom t&#8217;has sentit aquesta primera setmana a l&#8217;institut?\u201d, el 40,9% dels alumnes han respost que s&#8217;han sentit b\u00e9, el 31,8% ha respost molt b\u00e9 el 25% normal i l\u20191% molt malament.<\/span><\/p>\n<p><a href=\"https:\/\/agora.xtec.cat\/ies-castelldelquer-prats\/wp-content\/uploads\/usu2163\/2025\/10\/image-1.png\"><img loading=\"lazy\" decoding=\"async\" class=\"alignnone size-large wp-image-5647\" src=\"https:\/\/agora.xtec.cat\/ies-castelldelquer-prats\/wp-content\/uploads\/usu2163\/2025\/10\/image-1-1024x431.png\" alt=\"\" width=\"1024\" height=\"431\" srcset=\"https:\/\/agora.xtec.cat\/ies-castelldelquer-prats\/wp-content\/uploads\/usu2163\/2025\/10\/image-1-1024x431.png 1024w, https:\/\/agora.xtec.cat\/ies-castelldelquer-prats\/wp-content\/uploads\/usu2163\/2025\/10\/image-1-300x126.png 300w, https:\/\/agora.xtec.cat\/ies-castelldelquer-prats\/wp-content\/uploads\/usu2163\/2025\/10\/image-1-768x323.png 768w, https:\/\/agora.xtec.cat\/ies-castelldelquer-prats\/wp-content\/uploads\/usu2163\/2025\/10\/image-1-1536x647.png 1536w, https:\/\/agora.xtec.cat\/ies-castelldelquer-prats\/wp-content\/uploads\/usu2163\/2025\/10\/image-1.png 2048w\" sizes=\"auto, (max-width: 1024px) 100vw, 1024px\" \/><\/a><\/p>\n<p><span style=\"font-weight: 400\">Mostren satisfacci\u00f3 amb la classe que els ha tocat, han establert relacions amb companys nous i, tot i haver notat el canvi respecte a prim\u00e0ria, valoren positivament els professors i l\u2019experi\u00e8ncia d\u2019haver conegut companys nous.<\/span><\/p>\n<p><span style=\"font-weight: 400\">D\u2019altra banda, el 90\u202f% dels alumnes es mostra satisfet amb el grup classe que els ha tocat, tot i que el 10\u202f% restant no est\u00e0 gaire conven\u00e7ut.<\/span><\/p>\n<p><span style=\"font-weight: 400\">Gaireb\u00e9 el 70\u202f% dels alumnes ha percebut un canvi respecte a la prim\u00e0ria mentre que l\u2019altre 30% no l\u2019ha notat gaire , per\u00f2 aix\u00f2 no ha afectat la seva opini\u00f3 sobre els professors, ja que el 95\u202f% afirma que els agraden mentre que l\u2019altre 5% no els hi agraden els professors.<\/span><\/p>\n<p><span style=\"font-weight: 400\">Les assignatures que m\u00e9s han agradat als alumnes han estat Educaci\u00f3 F\u00edsica i VIP, tot i que tamb\u00e9 han valorat positivament Angl\u00e8s, Tecnologia, Matem\u00e0tiques i Catal\u00e0.<\/span><\/p>\n<p><span style=\"font-weight: 400\">En conclusi\u00f3, la gran part d\u2019alumnes s\u2019han sentit b\u00e9 durant les primeres setmanes a l\u2019institut. Estan satisfets amb la classe que els ha tocat, han conegut companys nous i, tot i haver notat el canvi respecte a prim\u00e0ria, valoren positivament els professors. Esperem que, durant la resta del curs, mantingueu aquesta valoraci\u00f3 positiva del centre. Us desitgem el millor en aquest primer nou curs!<\/span><\/p>\n<p>&nbsp;<\/p>\n","protected":false},"excerpt":{"rendered":"<p>A.Casanovas, A.Cornellas,J.Garc\u00e9s F.Hayoun i R.Serra<br \/>\nAquest any, com sempre, els alumnes de 1r d\u2019ESO han comen\u00e7at una nova etapa a l\u2019Institut. Per con\u00e8ixer com s\u2019han sentit, des de Joves Reporters, hem enviat una enquesta, que han respost en total, 41 alumnes que representa el 68% dels&hellip;  <a href=\"https:\/\/agora.xtec.cat\/ies-castelldelquer-prats\/eso\/eso-1\/nou-comencament-escolar-i-nous-alumnes\/\" title=\"Read NOU COMEN\u00c7AMENT ESCOLAR I NOUS ALUMNES\">Llegeix m\u00e9s\u00bb<\/a><\/p>\n","protected":false},"author":7,"featured_media":5651,"comment_status":"closed","ping_status":"open","sticky":false,"template":"","format":"standard","meta":{"_bbp_topic_count":0,"_bbp_reply_count":0,"_bbp_total_topic_count":0,"_bbp_total_reply_count":0,"_bbp_voice_count":0,"_bbp_anonymous_reply_count":0,"_bbp_topic_count_hidden":0,"_bbp_reply_count_hidden":0,"_bbp_forum_subforum_count":0,"footnotes":""},"categories":[4,29],"tags":[],"class_list":["post-5646","post","type-post","status-publish","format-standard","has-post-thumbnail","hentry","category-eso-1","category-portada"],"post_mailing_queue_ids":[],"_links":{"self":[{"href":"https:\/\/agora.xtec.cat\/ies-castelldelquer-prats\/wp-json\/wp\/v2\/posts\/5646","targetHints":{"allow":["GET"]}}],"collection":[{"href":"https:\/\/agora.xtec.cat\/ies-castelldelquer-prats\/wp-json\/wp\/v2\/posts"}],"about":[{"href":"https:\/\/agora.xtec.cat\/ies-castelldelquer-prats\/wp-json\/wp\/v2\/types\/post"}],"author":[{"embeddable":true,"href":"https:\/\/agora.xtec.cat\/ies-castelldelquer-prats\/wp-json\/wp\/v2\/users\/7"}],"replies":[{"embeddable":true,"href":"https:\/\/agora.xtec.cat\/ies-castelldelquer-prats\/wp-json\/wp\/v2\/comments?post=5646"}],"version-history":[{"count":1,"href":"https:\/\/agora.xtec.cat\/ies-castelldelquer-prats\/wp-json\/wp\/v2\/posts\/5646\/revisions"}],"predecessor-version":[{"id":5652,"href":"https:\/\/agora.xtec.cat\/ies-castelldelquer-prats\/wp-json\/wp\/v2\/posts\/5646\/revisions\/5652"}],"wp:featuredmedia":[{"embeddable":true,"href":"https:\/\/agora.xtec.cat\/ies-castelldelquer-prats\/wp-json\/wp\/v2\/media\/5651"}],"wp:attachment":[{"href":"https:\/\/agora.xtec.cat\/ies-castelldelquer-prats\/wp-json\/wp\/v2\/media?parent=5646"}],"wp:term":[{"taxonomy":"category","embeddable":true,"href":"https:\/\/agora.xtec.cat\/ies-castelldelquer-prats\/wp-json\/wp\/v2\/categories?post=5646"},{"taxonomy":"post_tag","embeddable":true,"href":"https:\/\/agora.xtec.cat\/ies-castelldelquer-prats\/wp-json\/wp\/v2\/tags?post=5646"}],"curies":[{"name":"wp","href":"https:\/\/api.w.org\/{rel}","templated":true}]}}