{"id":5461,"date":"2025-06-05T14:18:47","date_gmt":"2025-06-05T12:18:47","guid":{"rendered":"https:\/\/agora.xtec.cat\/ies-castelldelquer-prats\/?p=5461"},"modified":"2025-06-05T14:18:47","modified_gmt":"2025-06-05T12:18:47","slug":"prats-enceta-lestiu-amb-les-festes-dels-barris","status":"publish","type":"post","link":"https:\/\/agora.xtec.cat\/ies-castelldelquer-prats\/general\/prats-enceta-lestiu-amb-les-festes-dels-barris\/","title":{"rendered":"PRATS ENCETA L\u2019ESTIU AMB LES FESTES DELS BARRIS!"},"content":{"rendered":"<p><b>Redacci\u00f3: Aina Bruch<\/b><\/p>\n<p style=\"text-align: justify\"><span style=\"font-weight: 400\">Durant la setmana del 16 al 20 de juny la vila de Prats de Llu\u00e7an\u00e8s celebra les populars Festes dels Barris, en les quals el ve\u00efnat de cada barri del poble es reuneixen: dilluns els dels <\/span><span style=\"font-weight: 400\">Capgrossos, dimarts el de les Sargantanes, dimecres el dels Llangardaixos, dijous el dels Escuraossos i divendres el de les Salamandres.\u00a0<\/span><\/p>\n<p style=\"text-align: justify\"><span style=\"font-weight: 400\">A partir de 2\/4 de 6 de la tarda a la pla\u00e7a principal de cada carrer (Pista del Passeig, pla\u00e7a Nova, pla\u00e7a de l\u2019Onze de Setembre, pla\u00e7a Vella i pla\u00e7a Catalunya) comen\u00e7a el berenar i els jocs de cucanya per la quitxalla. Seguidament, a 2\/4 de 10 del vespre, hi t\u00e9 lloc el ball popular on durant l\u2019actuaci\u00f3 escullen l\u2019hereu i la pubilla de cada barri ja que, el dia 24 de juny (Sant Joan) es fa l\u2019elecci\u00f3 final dels esperats Pubilla i Hereu del poble de l\u2019any 2025-2026.<\/span><\/p>\n<p style=\"text-align: justify\"><span style=\"font-weight: 400\">Enguany, les Festes dels Barris tamb\u00e9 volen comptar amb la pres\u00e8ncia i l\u2019energia dels joves de l\u2019Institut. Us animem a sortir al carrer, viure la festa i fer poble! \u00c9s una gran oportunitat per compartir bons moments amb amb companys i ve\u00efns i participar en les activitats pensades per a totes les edats. Que comenci la festa!\u00a0<\/span><\/p>\n<p>&nbsp;<\/p>\n","protected":false},"excerpt":{"rendered":"<p>Redacci\u00f3: Aina Bruch<br \/>\nDurant la setmana del 16 al 20 de juny la vila de Prats de Llu\u00e7an\u00e8s celebra les populars Festes dels Barris, en les quals el ve\u00efnat de cada barri del poble es reuneixen: dilluns els dels Capgrossos, dimarts el de les Sargantanes, dimecres&hellip;  <a href=\"https:\/\/agora.xtec.cat\/ies-castelldelquer-prats\/general\/prats-enceta-lestiu-amb-les-festes-dels-barris\/\" title=\"Read PRATS ENCETA L\u2019ESTIU AMB LES FESTES DELS BARRIS!\">Llegeix m\u00e9s\u00bb<\/a><\/p>\n","protected":false},"author":7,"featured_media":5464,"comment_status":"closed","ping_status":"closed","sticky":false,"template":"","format":"standard","meta":{"_bbp_topic_count":0,"_bbp_reply_count":0,"_bbp_total_topic_count":0,"_bbp_total_reply_count":0,"_bbp_voice_count":0,"_bbp_anonymous_reply_count":0,"_bbp_topic_count_hidden":0,"_bbp_reply_count_hidden":0,"_bbp_forum_subforum_count":0,"footnotes":""},"categories":[1,29],"tags":[],"class_list":["post-5461","post","type-post","status-publish","format-standard","has-post-thumbnail","hentry","category-general","category-portada"],"post_mailing_queue_ids":[],"_links":{"self":[{"href":"https:\/\/agora.xtec.cat\/ies-castelldelquer-prats\/wp-json\/wp\/v2\/posts\/5461","targetHints":{"allow":["GET"]}}],"collection":[{"href":"https:\/\/agora.xtec.cat\/ies-castelldelquer-prats\/wp-json\/wp\/v2\/posts"}],"about":[{"href":"https:\/\/agora.xtec.cat\/ies-castelldelquer-prats\/wp-json\/wp\/v2\/types\/post"}],"author":[{"embeddable":true,"href":"https:\/\/agora.xtec.cat\/ies-castelldelquer-prats\/wp-json\/wp\/v2\/users\/7"}],"replies":[{"embeddable":true,"href":"https:\/\/agora.xtec.cat\/ies-castelldelquer-prats\/wp-json\/wp\/v2\/comments?post=5461"}],"version-history":[{"count":1,"href":"https:\/\/agora.xtec.cat\/ies-castelldelquer-prats\/wp-json\/wp\/v2\/posts\/5461\/revisions"}],"predecessor-version":[{"id":5465,"href":"https:\/\/agora.xtec.cat\/ies-castelldelquer-prats\/wp-json\/wp\/v2\/posts\/5461\/revisions\/5465"}],"wp:featuredmedia":[{"embeddable":true,"href":"https:\/\/agora.xtec.cat\/ies-castelldelquer-prats\/wp-json\/wp\/v2\/media\/5464"}],"wp:attachment":[{"href":"https:\/\/agora.xtec.cat\/ies-castelldelquer-prats\/wp-json\/wp\/v2\/media?parent=5461"}],"wp:term":[{"taxonomy":"category","embeddable":true,"href":"https:\/\/agora.xtec.cat\/ies-castelldelquer-prats\/wp-json\/wp\/v2\/categories?post=5461"},{"taxonomy":"post_tag","embeddable":true,"href":"https:\/\/agora.xtec.cat\/ies-castelldelquer-prats\/wp-json\/wp\/v2\/tags?post=5461"}],"curies":[{"name":"wp","href":"https:\/\/api.w.org\/{rel}","templated":true}]}}