{"id":5440,"date":"2025-05-28T11:40:45","date_gmt":"2025-05-28T09:40:45","guid":{"rendered":"https:\/\/agora.xtec.cat\/ies-castelldelquer-prats\/?p=5440"},"modified":"2025-05-28T11:45:15","modified_gmt":"2025-05-28T09:45:15","slug":"un-dia-inoblidable-la-festa-dels-30-anys-de-linstitut","status":"publish","type":"post","link":"https:\/\/agora.xtec.cat\/ies-castelldelquer-prats\/general\/un-dia-inoblidable-la-festa-dels-30-anys-de-linstitut\/","title":{"rendered":"UN DIA INOBLIDABLE: LA FESTA DELS 30 ANYS DE L&#8217;INSTITUT"},"content":{"rendered":"<p><b>Redacci\u00f3: <\/b><span style=\"font-weight: 400\">Joves Reporters<\/span><\/p>\n<p><span style=\"font-weight: 400\">El passat dissabte 24 de maig, el nostre institut va obrir les portes per celebrar el seu 30\u00e8 aniversari. Van assistir-hi totes aquelles persones que han deixat petjada o estan implicades al centre, a m\u00e9s dels pradencs i pradenques i altres habitants d\u2019arreu del territori.\u00a0<\/span><\/p>\n<p><span style=\"font-weight: 400\">Durant la tarda, totes les instal\u00b7lacions estaven obertes i es podien visualitzar diferents exposicions i projeccions elaborades per l\u2019AFA, pels diferents alumnes i professors del centre. Als exalumnes els va fer molta il\u00b7lusi\u00f3 presenciar la seva promoci\u00f3 i orla.<\/span><\/p>\n<p><span style=\"font-weight: 400\">Va ser una oportunitat excel\u00b7lent de retrobament i poder reviure records de l&#8217;etapa per l&#8217;institut.\u00a0<\/span><\/p>\n<p><span style=\"font-weight: 400\">A m\u00e9s, els alumnes de 1r de batxillerat de la mat\u00e8ria de Joves Reporters, conjuntament amb actuals periodistes que van estudiar el centre, vam organitzar un programa de r\u00e0dio en directe on hi havia diferents taules rodones amb totes aquelles persones que han estat o estan vinculades a l\u2019institut. Aquesta vetllada la podeu trobar al Youtube: radiocastelldelquer.\u00a0\u00a0<\/span><\/p>\n<p><span style=\"font-weight: 400\">A partir de les 19:00 h, es va fer un berenar-sopar al Pavell\u00f3 Municipal amb diverses tapes de productes de km0 fetes per tots els restaurants de la comarca. En el transcurs de l\u2019\u00e0pat, els discj\u00f2queis Joan Ardid i Vizlaro.Rusi van amenitzar l\u2019acte. Seguidament, van tenir lloc diferents discursos presentats per l\u2019actual director, Ferran Ferrero, l\u2019inspector d&#8217;educaci\u00f3 dels Serveis Territorials de la Catalunya Central, Ramon Sol\u00e0 i finalment un discurs de l\u2019alcalde de Prats de Llu\u00e7an\u00e8s, Jordi Bruch.\u00a0<\/span><\/p>\n<p><span style=\"font-weight: 400\">Per clausurar l\u2019esdeveniment, es va poder gaudir del grup de versions Bum-Bum-Ciao i el discj\u00f2quei local Pontmetralla.<\/span><\/p>\n<p><span style=\"font-weight: 400\">Finalment, nom\u00e9s ens resta dir-vos: gr\u00e0cies per continuar escrivint junts la hist\u00f2ria del nostre institut.\u00a0<\/span><\/p>\n<p><a href=\"https:\/\/agora.xtec.cat\/ies-castelldelquer-prats\/wp-content\/uploads\/usu2163\/2025\/05\/IMG_7586.jpg\"><img loading=\"lazy\" decoding=\"async\" class=\" wp-image-5442\" src=\"https:\/\/agora.xtec.cat\/ies-castelldelquer-prats\/wp-content\/uploads\/usu2163\/2025\/05\/IMG_7586-793x1024.jpg\" alt=\"\" width=\"334\" height=\"432\" srcset=\"https:\/\/agora.xtec.cat\/ies-castelldelquer-prats\/wp-content\/uploads\/usu2163\/2025\/05\/IMG_7586-793x1024.jpg 793w, https:\/\/agora.xtec.cat\/ies-castelldelquer-prats\/wp-content\/uploads\/usu2163\/2025\/05\/IMG_7586-232x300.jpg 232w, https:\/\/agora.xtec.cat\/ies-castelldelquer-prats\/wp-content\/uploads\/usu2163\/2025\/05\/IMG_7586-768x992.jpg 768w, https:\/\/agora.xtec.cat\/ies-castelldelquer-prats\/wp-content\/uploads\/usu2163\/2025\/05\/IMG_7586.jpg 828w\" sizes=\"auto, (max-width: 334px) 100vw, 334px\" \/><\/a><\/p>\n<p><a href=\"https:\/\/agora.xtec.cat\/ies-castelldelquer-prats\/wp-content\/uploads\/usu2163\/2025\/05\/IMG_7585.jpg\"><img loading=\"lazy\" decoding=\"async\" class=\" wp-image-5443\" src=\"https:\/\/agora.xtec.cat\/ies-castelldelquer-prats\/wp-content\/uploads\/usu2163\/2025\/05\/IMG_7585.jpg\" alt=\"\" width=\"379\" height=\"331\" srcset=\"https:\/\/agora.xtec.cat\/ies-castelldelquer-prats\/wp-content\/uploads\/usu2163\/2025\/05\/IMG_7585.jpg 604w, https:\/\/agora.xtec.cat\/ies-castelldelquer-prats\/wp-content\/uploads\/usu2163\/2025\/05\/IMG_7585-300x262.jpg 300w\" sizes=\"auto, (max-width: 379px) 100vw, 379px\" \/><\/a><\/p>\n<p><a href=\"https:\/\/agora.xtec.cat\/ies-castelldelquer-prats\/wp-content\/uploads\/usu2163\/2025\/05\/IMG_7583.jpg\"><img loading=\"lazy\" decoding=\"async\" class=\" wp-image-5444\" src=\"https:\/\/agora.xtec.cat\/ies-castelldelquer-prats\/wp-content\/uploads\/usu2163\/2025\/05\/IMG_7583.jpg\" alt=\"\" width=\"495\" height=\"304\" srcset=\"https:\/\/agora.xtec.cat\/ies-castelldelquer-prats\/wp-content\/uploads\/usu2163\/2025\/05\/IMG_7583.jpg 828w, https:\/\/agora.xtec.cat\/ies-castelldelquer-prats\/wp-content\/uploads\/usu2163\/2025\/05\/IMG_7583-300x184.jpg 300w, https:\/\/agora.xtec.cat\/ies-castelldelquer-prats\/wp-content\/uploads\/usu2163\/2025\/05\/IMG_7583-768x471.jpg 768w\" sizes=\"auto, (max-width: 495px) 100vw, 495px\" \/><\/a><\/p>\n<p><a href=\"https:\/\/agora.xtec.cat\/ies-castelldelquer-prats\/wp-content\/uploads\/usu2163\/2025\/05\/afa29688-a79d-4a4d-836c-4e484785f045.jpg\"><img loading=\"lazy\" decoding=\"async\" class=\"alignnone  wp-image-5445\" src=\"https:\/\/agora.xtec.cat\/ies-castelldelquer-prats\/wp-content\/uploads\/usu2163\/2025\/05\/afa29688-a79d-4a4d-836c-4e484785f045-1024x768.jpg\" alt=\"\" width=\"713\" height=\"534\" srcset=\"https:\/\/agora.xtec.cat\/ies-castelldelquer-prats\/wp-content\/uploads\/usu2163\/2025\/05\/afa29688-a79d-4a4d-836c-4e484785f045-1024x768.jpg 1024w, https:\/\/agora.xtec.cat\/ies-castelldelquer-prats\/wp-content\/uploads\/usu2163\/2025\/05\/afa29688-a79d-4a4d-836c-4e484785f045-300x225.jpg 300w, https:\/\/agora.xtec.cat\/ies-castelldelquer-prats\/wp-content\/uploads\/usu2163\/2025\/05\/afa29688-a79d-4a4d-836c-4e484785f045-768x576.jpg 768w, https:\/\/agora.xtec.cat\/ies-castelldelquer-prats\/wp-content\/uploads\/usu2163\/2025\/05\/afa29688-a79d-4a4d-836c-4e484785f045-1536x1152.jpg 1536w, https:\/\/agora.xtec.cat\/ies-castelldelquer-prats\/wp-content\/uploads\/usu2163\/2025\/05\/afa29688-a79d-4a4d-836c-4e484785f045-200x150.jpg 200w, https:\/\/agora.xtec.cat\/ies-castelldelquer-prats\/wp-content\/uploads\/usu2163\/2025\/05\/afa29688-a79d-4a4d-836c-4e484785f045.jpg 2048w\" sizes=\"auto, (max-width: 713px) 100vw, 713px\" \/><\/a><\/p>\n","protected":false},"excerpt":{"rendered":"<p>Redacci\u00f3: Joves Reporters<br \/>\nEl passat dissabte 24 de maig, el nostre institut va obrir les portes per celebrar el seu 30\u00e8 aniversari. Van assistir-hi totes aquelles persones que han deixat petjada o estan implicades al centre, a m\u00e9s dels pradencs i pradenques i altres habitants d\u2019arreu&hellip;  <a href=\"https:\/\/agora.xtec.cat\/ies-castelldelquer-prats\/general\/un-dia-inoblidable-la-festa-dels-30-anys-de-linstitut\/\" title=\"Read UN DIA INOBLIDABLE: LA FESTA DELS 30 ANYS DE L&#8217;INSTITUT\">Llegeix m\u00e9s\u00bb<\/a><\/p>\n","protected":false},"author":7,"featured_media":5445,"comment_status":"closed","ping_status":"closed","sticky":false,"template":"","format":"standard","meta":{"_bbp_topic_count":0,"_bbp_reply_count":0,"_bbp_total_topic_count":0,"_bbp_total_reply_count":0,"_bbp_voice_count":0,"_bbp_anonymous_reply_count":0,"_bbp_topic_count_hidden":0,"_bbp_reply_count_hidden":0,"_bbp_forum_subforum_count":0,"footnotes":""},"categories":[1,29],"tags":[],"class_list":["post-5440","post","type-post","status-publish","format-standard","has-post-thumbnail","hentry","category-general","category-portada"],"post_mailing_queue_ids":[],"_links":{"self":[{"href":"https:\/\/agora.xtec.cat\/ies-castelldelquer-prats\/wp-json\/wp\/v2\/posts\/5440","targetHints":{"allow":["GET"]}}],"collection":[{"href":"https:\/\/agora.xtec.cat\/ies-castelldelquer-prats\/wp-json\/wp\/v2\/posts"}],"about":[{"href":"https:\/\/agora.xtec.cat\/ies-castelldelquer-prats\/wp-json\/wp\/v2\/types\/post"}],"author":[{"embeddable":true,"href":"https:\/\/agora.xtec.cat\/ies-castelldelquer-prats\/wp-json\/wp\/v2\/users\/7"}],"replies":[{"embeddable":true,"href":"https:\/\/agora.xtec.cat\/ies-castelldelquer-prats\/wp-json\/wp\/v2\/comments?post=5440"}],"version-history":[{"count":2,"href":"https:\/\/agora.xtec.cat\/ies-castelldelquer-prats\/wp-json\/wp\/v2\/posts\/5440\/revisions"}],"predecessor-version":[{"id":5446,"href":"https:\/\/agora.xtec.cat\/ies-castelldelquer-prats\/wp-json\/wp\/v2\/posts\/5440\/revisions\/5446"}],"wp:featuredmedia":[{"embeddable":true,"href":"https:\/\/agora.xtec.cat\/ies-castelldelquer-prats\/wp-json\/wp\/v2\/media\/5445"}],"wp:attachment":[{"href":"https:\/\/agora.xtec.cat\/ies-castelldelquer-prats\/wp-json\/wp\/v2\/media?parent=5440"}],"wp:term":[{"taxonomy":"category","embeddable":true,"href":"https:\/\/agora.xtec.cat\/ies-castelldelquer-prats\/wp-json\/wp\/v2\/categories?post=5440"},{"taxonomy":"post_tag","embeddable":true,"href":"https:\/\/agora.xtec.cat\/ies-castelldelquer-prats\/wp-json\/wp\/v2\/tags?post=5440"}],"curies":[{"name":"wp","href":"https:\/\/api.w.org\/{rel}","templated":true}]}}