{"id":5372,"date":"2025-04-28T11:18:17","date_gmt":"2025-04-28T09:18:17","guid":{"rendered":"https:\/\/agora.xtec.cat\/ies-castelldelquer-prats\/?p=5372"},"modified":"2025-04-28T11:18:34","modified_gmt":"2025-04-28T09:18:34","slug":"celebrem-de-nou-lesperada-diada-de-sant-jordi-a-linstitut","status":"publish","type":"post","link":"https:\/\/agora.xtec.cat\/ies-castelldelquer-prats\/general\/celebrem-de-nou-lesperada-diada-de-sant-jordi-a-linstitut\/","title":{"rendered":"CELEBREM DE NOU L\u2019ESPERADA DIADA DE SANT JORDI A L\u2019INSTITUT."},"content":{"rendered":"<p><span style=\"font-weight: 400\">Redacci\u00f3: D\u00e0lia Barniol, Aina Bruch, David Carrera, Bernat Cirera, Jordi Coromina, Mart\u00ed Mu\u00f1oz, Marcel Puigderrajols, J\u00falia Rico, Guillem Sansalvador, Adara Solanich, Quim Solanich, \u00c8lia Torras i Ona Torrent.<\/span><\/p>\n<p><span style=\"font-weight: 400\">El passat dimecres 23 d\u2019abril l\u2019alumnat de l\u2019institut va celebrar, com \u00e9s de costum, l&#8217;esperada diada de Sant Jordi.\u00a0<\/span><\/p>\n<p><span style=\"font-weight: 400\">Al mat\u00ed els alumnes de 1r d\u2019ESO van organitzar un esmorzar al centre per finan\u00e7ar les col\u00f2nies que m\u00e9s endavant faran. Despr\u00e9s de gaudir d\u2019una estona d\u2019esbarjo al pati, va comen\u00e7ar el Certamen Literari i de Fotografia Isidre Beltr\u00e0. Al llarg d\u2019aquest es van atorgar premis als alumnes guardonats en cada categoria: fotofilosofia, pintura, bookface i poesia. A part es van recon\u00e8ixer els alumnes m\u00e9s ben posicionats en les Proves Cangur d\u2019enguany. Com a cloenda es van llegir les famoses cartes de la B\u00fastia de l\u2019amor. Enmig del lliurament de premis, tamb\u00e9 vam poder gaudir de diferents actuacions musicals.<\/span><\/p>\n<p><span style=\"font-weight: 400\">En acabar, l&#8217;alumnat del centre va disposar de dues hores de tallers organitzats pels companys i companyes de 2n de batxillerat. Aquests van ser: pintura d\u2019un mural al pati, p\u00e0del i tennis, recorregut en bicicleta pels afores del municipi, <\/span><i><span style=\"font-weight: 400\">just dance<\/span><\/i><span style=\"font-weight: 400\"> i <\/span><i><span style=\"font-weight: 400\">karaoke<\/span><\/i><span style=\"font-weight: 400\">, jocs de taula i manualitats, bitlles catalanes i petanca, futbol, b\u00e0squet, volei, ioga i acrob\u00e0cies, cinef\u00f2rum i cuina de creps i roses de sucre.<\/span><\/p>\n<p><span style=\"font-weight: 400\">En definitiva, els alumnes reconeixen que van gaudir d\u2019una gran jornada cultural, social i d\u2019esbarjo.<\/span><\/p>\n<p><span style=\"font-weight: 400\">A continuaci\u00f3 adjuntem un enlla\u00e7 amb fotografies de la jornada:<\/span><\/p>\n<p><a href=\"https:\/\/drive.google.com\/drive\/u\/0\/shared-with-me\"><span style=\"font-weight: 400\">https:\/\/drive.google.com\/drive\/u\/0\/shared-with-me<\/span><\/a><\/p>\n<p>&nbsp;<\/p>\n","protected":false},"excerpt":{"rendered":"<p>Redacci\u00f3: D\u00e0lia Barniol, Aina Bruch, David Carrera, Bernat Cirera, Jordi Coromina, Mart\u00ed Mu\u00f1oz, Marcel Puigderrajols, J\u00falia Rico, Guillem Sansalvador, Adara Solanich, Quim Solanich, \u00c8lia Torras i Ona Torrent.<br \/>\nEl passat dimecres 23 d\u2019abril l\u2019alumnat de l\u2019institut va celebrar, com \u00e9s de costum, l&#8217;esperada diada de Sant&hellip;  <a href=\"https:\/\/agora.xtec.cat\/ies-castelldelquer-prats\/general\/celebrem-de-nou-lesperada-diada-de-sant-jordi-a-linstitut\/\" title=\"Read CELEBREM DE NOU L\u2019ESPERADA DIADA DE SANT JORDI A L\u2019INSTITUT.\">Llegeix m\u00e9s\u00bb<\/a><\/p>\n","protected":false},"author":7,"featured_media":5373,"comment_status":"closed","ping_status":"closed","sticky":false,"template":"","format":"standard","meta":{"_bbp_topic_count":0,"_bbp_reply_count":0,"_bbp_total_topic_count":0,"_bbp_total_reply_count":0,"_bbp_voice_count":0,"_bbp_anonymous_reply_count":0,"_bbp_topic_count_hidden":0,"_bbp_reply_count_hidden":0,"_bbp_forum_subforum_count":0,"footnotes":""},"categories":[1,29],"tags":[],"class_list":["post-5372","post","type-post","status-publish","format-standard","has-post-thumbnail","hentry","category-general","category-portada"],"post_mailing_queue_ids":[],"_links":{"self":[{"href":"https:\/\/agora.xtec.cat\/ies-castelldelquer-prats\/wp-json\/wp\/v2\/posts\/5372","targetHints":{"allow":["GET"]}}],"collection":[{"href":"https:\/\/agora.xtec.cat\/ies-castelldelquer-prats\/wp-json\/wp\/v2\/posts"}],"about":[{"href":"https:\/\/agora.xtec.cat\/ies-castelldelquer-prats\/wp-json\/wp\/v2\/types\/post"}],"author":[{"embeddable":true,"href":"https:\/\/agora.xtec.cat\/ies-castelldelquer-prats\/wp-json\/wp\/v2\/users\/7"}],"replies":[{"embeddable":true,"href":"https:\/\/agora.xtec.cat\/ies-castelldelquer-prats\/wp-json\/wp\/v2\/comments?post=5372"}],"version-history":[{"count":1,"href":"https:\/\/agora.xtec.cat\/ies-castelldelquer-prats\/wp-json\/wp\/v2\/posts\/5372\/revisions"}],"predecessor-version":[{"id":5374,"href":"https:\/\/agora.xtec.cat\/ies-castelldelquer-prats\/wp-json\/wp\/v2\/posts\/5372\/revisions\/5374"}],"wp:featuredmedia":[{"embeddable":true,"href":"https:\/\/agora.xtec.cat\/ies-castelldelquer-prats\/wp-json\/wp\/v2\/media\/5373"}],"wp:attachment":[{"href":"https:\/\/agora.xtec.cat\/ies-castelldelquer-prats\/wp-json\/wp\/v2\/media?parent=5372"}],"wp:term":[{"taxonomy":"category","embeddable":true,"href":"https:\/\/agora.xtec.cat\/ies-castelldelquer-prats\/wp-json\/wp\/v2\/categories?post=5372"},{"taxonomy":"post_tag","embeddable":true,"href":"https:\/\/agora.xtec.cat\/ies-castelldelquer-prats\/wp-json\/wp\/v2\/tags?post=5372"}],"curies":[{"name":"wp","href":"https:\/\/api.w.org\/{rel}","templated":true}]}}