{"id":5332,"date":"2025-04-07T11:29:43","date_gmt":"2025-04-07T09:29:43","guid":{"rendered":"https:\/\/agora.xtec.cat\/ies-castelldelquer-prats\/?p=5332"},"modified":"2025-04-07T11:31:41","modified_gmt":"2025-04-07T09:31:41","slug":"dos-alumnes-de-1r-de-batxillerat-fan-una-estada-a-italia","status":"publish","type":"post","link":"https:\/\/agora.xtec.cat\/ies-castelldelquer-prats\/general\/dos-alumnes-de-1r-de-batxillerat-fan-una-estada-a-italia\/","title":{"rendered":"DOS ALUMNES de 1r de BATXILLERAT FAN UNA ESTADA A IT\u00c0LIA"},"content":{"rendered":"<p><span style=\"font-weight: 400\">David Carrera i \u00c8lia Torras<\/span><\/p>\n<p><span style=\"font-weight: 400\">Durant aquest curs 2024-2025, dos alumnes de 1r de Batxillerat de l\u2019Institut, la Laia Taulats i el Pau M\u00e1rquez, es van traslladar a It\u00e0lia per participar en el projecte Erasmus. Del 13 de gener al 7 de mar\u00e7 van estar-hi\u00a0 aprenent l\u2019itali\u00e0 i descobrint una nova cultura.<\/span><\/p>\n<p><span style=\"font-weight: 400\">En Pau i la Laia van tenir l&#8217;oportunitat de viure una molt bona experi\u00e8ncia a la prov\u00edncia de l&#8217;Abruzzo, concretament a Montesilvano, una ciutat situada al costat de Pescara, que t\u00e9 uns 50.000 habitants. Aquesta experi\u00e8ncia els va permetre con\u00e8ixer tant la muntanya com la platja d&#8217;aquesta regi\u00f3.<\/span><\/p>\n<p><span style=\"font-weight: 400\">Pel que fa a la valoraci\u00f3 d\u2019aquest Erasmus, tots dos la consideren molt positiva. Tot i que hi va haver moments dif\u00edcils, la repetirien sense dubtar-ho. De les coses que els van sorprendre de la cultura italiana, en Pau fa refer\u00e8ncia al respecte que es mostra cap als professors i al fet que la religi\u00f3 tingui un paper important en la vida quotidiana. La Laia, per la seva banda, es va sorprendre de la manera de conduir dels italians, ja que ho fan sense cintur\u00f3 de seguretat, i del fet que va haver d&#8217;assistir diverses vegades a classes de religi\u00f3.<\/span><\/p>\n<p><span style=\"font-weight: 400\">Quant al sistema educatiu, van notar moltes difer\u00e8ncies respecte al sistema de Catalunya. A It\u00e0lia, els professors s\u00f3n tractats amb molt de respecte, els alumnes s&#8217;han d&#8217;aixecar quan els docents entren a l&#8217;aula i se\u2019ls ha de tractar de vost\u00e8. A m\u00e9s, l&#8217;ensenyament \u00e9s m\u00e9s tradicional: el professor explica unes p\u00e0gines i els alumnes han d&#8217;estudiar molt m\u00e9s pel seu compte. Pel que fa als horaris, seguien el mateix que a la seva classe a Catalunya. En Pau feia assignatures com matem\u00e0tiques, f\u00edsica i qu\u00edmica, per\u00f2 sense llat\u00ed. L\u2019horari de la Laia era de 8 h a 14 h. En general, els professors faltaven sovint i, en algunes ocasions, els deixaven marxar abans.<\/span><\/p>\n<p><span style=\"font-weight: 400\">Durant el seu temps lliure, en Pau jugava a voleibol i escacs, mentre que la Laia practicava b\u00e0squet tres cops per setmana. A m\u00e9s, cap al final de l&#8217;estada, va comen\u00e7ar a assistir a classes d&#8217;itali\u00e0. Tamb\u00e9 van aprofitar per fer turisme i visitar llocs com Roma, N\u00e0pols i el Parc Natural de l&#8217;Abruzzo.<\/span><\/p>\n<p><span style=\"font-weight: 400\">Es van allotjar amb fam\u00edlies locals, per\u00f2 cadasc\u00fa vivia en una casa diferent. L&#8217;objectiu principal d&#8217;aquest Erasmus per a tots dos era aprendre itali\u00e0 i fer noves amistats. Al principi, van tenir alguna dificultat amb l&#8217;idioma, per\u00f2 a mesura que passaven les setmanes, van anar millorant la seva forma de comunicar-se. Aix\u00f2 va ser especialment complicat, ja que el nivell d&#8217;angl\u00e8s dels italians era molt baix i hi havia poques persones que sabien espanyol.<\/span><\/p>\n<p><span style=\"font-weight: 400\">Durant els dos mesos d&#8217;estada, van haver de realitzar diversos ex\u00e0mens i treballs, els resultats dels quals van ser bons. Pel que fa a l&#8217;acollida dels companys de classe italians, al principi van ser l&#8217;atracci\u00f3 del grup, per\u00f2 despr\u00e9s van haver de fer m\u00e9s esfor\u00e7 per socialitzar. No obstant aix\u00f2, van aconseguir establir bones relacions. En Pau recorda especialment el dia que van visitar una facultat d&#8217;arquitectura a Pescara, mentre que la Laia destaca les amistats que va fer amb persones d&#8217;altres pa\u00efsos, com Am\u00e8rica i Nova Zelanda.<\/span><\/p>\n<p><span style=\"font-weight: 400\">Recomanen l&#8217;experi\u00e8ncia a altres estudiants perqu\u00e8 creuen que ajuda a cr\u00e9ixer personalment, fomenta independ\u00e8ncia i permet veure el m\u00f3n amb una mentalitat m\u00e9s oberta. Com a consell, recomanen aprendre una mica l&#8217;idioma del pa\u00eds abans de marxar. Tot i les dificultats inicials, tots dos tornarien a fer un Erasmus, ja sigui al mateix lloc o en un altre pa\u00eds amb una llengua que ja coneguin una mica.<\/span><\/p>\n<p>&nbsp;<\/p>\n","protected":false},"excerpt":{"rendered":"<p>David Carrera i \u00c8lia Torras<br \/>\nDurant aquest curs 2024-2025, dos alumnes de 1r de Batxillerat de l\u2019Institut, la Laia Taulats i el Pau M\u00e1rquez, es van traslladar a It\u00e0lia per participar en el projecte Erasmus. Del 13 de gener al 7 de mar\u00e7 van estar-hi\u00a0 aprenent&hellip;  <a href=\"https:\/\/agora.xtec.cat\/ies-castelldelquer-prats\/general\/dos-alumnes-de-1r-de-batxillerat-fan-una-estada-a-italia\/\" title=\"Read DOS ALUMNES de 1r de BATXILLERAT FAN UNA ESTADA A IT\u00c0LIA\">Llegeix m\u00e9s\u00bb<\/a><\/p>\n","protected":false},"author":7,"featured_media":0,"comment_status":"open","ping_status":"closed","sticky":false,"template":"","format":"standard","meta":{"_bbp_topic_count":0,"_bbp_reply_count":0,"_bbp_total_topic_count":0,"_bbp_total_reply_count":0,"_bbp_voice_count":0,"_bbp_anonymous_reply_count":0,"_bbp_topic_count_hidden":0,"_bbp_reply_count_hidden":0,"_bbp_forum_subforum_count":0,"footnotes":""},"categories":[126,1,212,29],"tags":[],"class_list":["post-5332","post","type-post","status-publish","format-standard","hentry","category-1r-bat","category-general","category-long-term-montesilvano-italy","category-portada"],"post_mailing_queue_ids":[],"_links":{"self":[{"href":"https:\/\/agora.xtec.cat\/ies-castelldelquer-prats\/wp-json\/wp\/v2\/posts\/5332","targetHints":{"allow":["GET"]}}],"collection":[{"href":"https:\/\/agora.xtec.cat\/ies-castelldelquer-prats\/wp-json\/wp\/v2\/posts"}],"about":[{"href":"https:\/\/agora.xtec.cat\/ies-castelldelquer-prats\/wp-json\/wp\/v2\/types\/post"}],"author":[{"embeddable":true,"href":"https:\/\/agora.xtec.cat\/ies-castelldelquer-prats\/wp-json\/wp\/v2\/users\/7"}],"replies":[{"embeddable":true,"href":"https:\/\/agora.xtec.cat\/ies-castelldelquer-prats\/wp-json\/wp\/v2\/comments?post=5332"}],"version-history":[{"count":2,"href":"https:\/\/agora.xtec.cat\/ies-castelldelquer-prats\/wp-json\/wp\/v2\/posts\/5332\/revisions"}],"predecessor-version":[{"id":5334,"href":"https:\/\/agora.xtec.cat\/ies-castelldelquer-prats\/wp-json\/wp\/v2\/posts\/5332\/revisions\/5334"}],"wp:attachment":[{"href":"https:\/\/agora.xtec.cat\/ies-castelldelquer-prats\/wp-json\/wp\/v2\/media?parent=5332"}],"wp:term":[{"taxonomy":"category","embeddable":true,"href":"https:\/\/agora.xtec.cat\/ies-castelldelquer-prats\/wp-json\/wp\/v2\/categories?post=5332"},{"taxonomy":"post_tag","embeddable":true,"href":"https:\/\/agora.xtec.cat\/ies-castelldelquer-prats\/wp-json\/wp\/v2\/tags?post=5332"}],"curies":[{"name":"wp","href":"https:\/\/api.w.org\/{rel}","templated":true}]}}