{"id":5239,"date":"2025-03-20T14:27:22","date_gmt":"2025-03-20T13:27:22","guid":{"rendered":"https:\/\/agora.xtec.cat\/ies-castelldelquer-prats\/?p=5239"},"modified":"2025-03-20T14:27:22","modified_gmt":"2025-03-20T13:27:22","slug":"grans-esportistes-dins-el-nostre-institut","status":"publish","type":"post","link":"https:\/\/agora.xtec.cat\/ies-castelldelquer-prats\/portada\/grans-esportistes-dins-el-nostre-institut\/","title":{"rendered":"GRANS ESPORTISTES DINS EL NOSTRE INSTITUT!"},"content":{"rendered":"<p><b>Redacci\u00f3: D\u00e0lia Barniol, Aina Bruch, J\u00falia Rico i Ona Torrent.<\/b><\/p>\n<p><span style=\"font-weight: 400\">Us heu preguntat mai si hi ha alumnes a l\u2019institut que destaquen molt en algun esport?\u00a0 Doncs la resposta \u00e9s s\u00ed. Alguns alumnes del nostre institut, s\u00f3n o han estat esportistes bastant qualificats i per aquest motiu els hem entrevistat, per saber una mica m\u00e9s sobre ells i sobre l\u2019esport que practiquen.<\/span><\/p>\n<p><span style=\"font-weight: 400\">Hem entrevistat\u00a0 dues gimnastes, dos futbolistes, dos motoristes, dos atletes, un nedador\u2026\u00a0<\/span><\/p>\n<p><span style=\"font-weight: 400\">Comencem amb les gimnastes.Clara Mill Codina i J\u00falia Florit Cid practiquen\/aven gimn\u00e0stica art\u00edstica al club Gimn\u00e0stic OSONA. La Clara va fer aquest esport durant 9 anys per\u00f2 ho va haver de deixar ara en far\u00e0 3 per una lesi\u00f3 greu al genoll. I la J\u00falia far\u00e0 10 anys que en practica, tot i que no ho va tenir tot tan f\u00e0cil ja que va tenir dues lesions al peu i va fer que ho deix\u00e9s durant alguna temporada. Ens han explicat que han competit a quatre campionats nacionals, i en tots ells han tingut molt \u00e8xit. La Clara va quedar 4a d\u2019Espanya i la J\u00falia 1a de Catalunya. La gimn\u00e0stica art\u00edstica \u00e9s un esport que requereix molta const\u00e0ncia i,per tant, han de dedicar-hi\u00a0 20 hores setmanals.\u00a0<\/span><\/p>\n<p><span style=\"font-weight: 400\">Respecte al futbol, hem entrevistat tamb\u00e9 dos futbolistes de preferent: Hug Peraire Puig i Joan Gorchs Rocadembosch. Aquests practiquen des de ben petits el futbol, ara far\u00e0 12 anys. Actualment, l\u2019Hug juga al CE Berga i el Joan al Vic Riuprimer (REFO). Entrenen unes 9 hores setmanals aproximadament. El Joan ha jugat contra el N\u00e0stic de Manresa i la DAMM i l\u2019Hug contra l\u2019Espanyol i el N\u00e0stic de Manresa.<\/span><\/p>\n<p><span style=\"font-weight: 400\">Ens han dit, per tots aquells que es volen animar a comen\u00e7ar aquest esport, que per arribar lluny s&#8217;esforcin, perqu\u00e8 els resultats no s\u00f3n instantanis ni et regalen res, amb l\u2019esfor\u00e7 i la disciplina arribes tu al lloc on vols!<\/span><\/p>\n<p><span style=\"font-weight: 400\">La seg\u00fcent entrevista que hem fet ha estat a un nedador: Jan D\u00edez Roset. Ens explica que hi dedica un total de 14 hores setmanals. <\/span><span style=\"font-weight: 400\">\u00a0<\/span><span style=\"font-weight: 400\">Actualment est\u00e0 al club de nataci\u00f3 de Nav\u00e0s. Dels 3 als 8 anys va estar a aquest club per\u00f2 per motius personals es va canviar al Vic. All\u00e0 hi va estar estar fins ara als 15 que ha tornat a anar al club on tot va comen\u00e7ar. En total far\u00e0 12 anys que practica aquest esport.\u00a0<\/span><\/p>\n<p><span style=\"font-weight: 400\">Va comen\u00e7ar a nedar perqu\u00e8 la seva mare volia que n\u2019aprengu\u00e9s i s\u2019hi va acabar aficionant. Ha participat en 4 campionats d\u2019Espanya. En un va quedar 10\u00e8 de 300\/400 participants. Pels que es volen animar a fer aquest esport diu: \u201cSi vols comen\u00e7ar, has de ser conscient que far\u00e0s moltes hores entrenant i haur\u00e0s de deixar de fer moltes coses nom\u00e9s per anar a entrenament\u201d. Tot i que tamb\u00e9 vol aclarir de que li encanta aquest esport i que si realment t\u2019agrada es gaudeix molt!<\/span><\/p>\n<p><span style=\"font-weight: 400\">Tamb\u00e9 hem entrevistat l\u2019Oleguer Riba L\u00e1zaro i\u00a0 la Carla Grifell Riera. Ells dos, a part d\u2019estudiar al nostre institut, a les seves hores lliures practiquen <\/span><i><span style=\"font-weight: 400\">Motocross<\/span><\/i><span style=\"font-weight: 400\">. Hi dediquen un total de 12 hores setmanals. L\u2019Oleguer des dels 2 anys que entrena i des dels 6 que competeix, i la Carla des dels 2 que entrena i des dels 8 que fa competici\u00f3. Entrenen al Moto Club la Torre d\u2019Orist\u00e0 amb l\u2019equip Yamaha Ausi\u00f3 que els han portat a diferents campionats, tant a nivell d\u2019Espanya i d\u2019Europa com mundial. L\u2019Oleguer, en un d\u2019ells va quedar 10\u00e8 d\u2019Europa i 2n d\u2019Espanya. I la Carla va participar en el campionat d\u2019Espanya d&#8217;Enduro Infantil i va quedar primera, i en dos de Catalunya que tamb\u00e9 va aconseguir pujar a podi.<\/span><\/p>\n<p><span style=\"font-weight: 400\">I l\u2019\u00faltima entrevista ha estat a dos atletes: la Queralt Sa\u00f1as Capdevila i el Marc Boix Pons. Ells practiquen atletisme 6 hores i mitja a la setmana al Club Atl\u00e8tic Vic. I si aix\u00f2 ja no fos suficient, han participat a diversos campionats importants. La Queralt ha pres part en 2 campionats d\u2019Espanya de triatl\u00f3, el Marc va participar en un Campionat d\u2019Espanya i va acabar amb un molt bon resultat. Actualment el Marc amb molt esfor\u00e7 i dedicaci\u00f3 s\u2019est\u00e0 preparant per una final de 3000 metres llisos a Sabadell. Li desitgem molta sort!<\/span><\/p>\n<p><span style=\"font-weight: 400\">Amb tots aquests brillants exemples, volem incentivar\u00a0 tots els altres alumnes que vulguin arribar lluny en algun esport, que no es rendeixin mai i segueixin lluitant pels seus somnis! Perqu\u00e8, igual que ells, podeu arribar on us proposeu!!!<a href=\"https:\/\/agora.xtec.cat\/ies-castelldelquer-prats\/wp-content\/uploads\/usu2163\/2025\/03\/IMG_0302.jpeg\"><img loading=\"lazy\" decoding=\"async\" class=\"wp-image-5240 aligncenter\" src=\"https:\/\/agora.xtec.cat\/ies-castelldelquer-prats\/wp-content\/uploads\/usu2163\/2025\/03\/IMG_0302-1024x768.jpeg\" alt=\"\" width=\"435\" height=\"326\" srcset=\"https:\/\/agora.xtec.cat\/ies-castelldelquer-prats\/wp-content\/uploads\/usu2163\/2025\/03\/IMG_0302-1024x768.jpeg 1024w, https:\/\/agora.xtec.cat\/ies-castelldelquer-prats\/wp-content\/uploads\/usu2163\/2025\/03\/IMG_0302-300x225.jpeg 300w, https:\/\/agora.xtec.cat\/ies-castelldelquer-prats\/wp-content\/uploads\/usu2163\/2025\/03\/IMG_0302-768x576.jpeg 768w, https:\/\/agora.xtec.cat\/ies-castelldelquer-prats\/wp-content\/uploads\/usu2163\/2025\/03\/IMG_0302-1536x1153.jpeg 1536w, https:\/\/agora.xtec.cat\/ies-castelldelquer-prats\/wp-content\/uploads\/usu2163\/2025\/03\/IMG_0302-2048x1537.jpeg 2048w, https:\/\/agora.xtec.cat\/ies-castelldelquer-prats\/wp-content\/uploads\/usu2163\/2025\/03\/IMG_0302-200x150.jpeg 200w\" sizes=\"auto, (max-width: 435px) 100vw, 435px\" \/><\/a><\/span><\/p>\n","protected":false},"excerpt":{"rendered":"<p>Redacci\u00f3: D\u00e0lia Barniol, Aina Bruch, J\u00falia Rico i Ona Torrent.<br \/>\nUs heu preguntat mai si hi ha alumnes a l\u2019institut que destaquen molt en algun esport?\u00a0 Doncs la resposta \u00e9s s\u00ed. Alguns alumnes del nostre institut, s\u00f3n o han estat esportistes bastant qualificats i per aquest&hellip;  <a href=\"https:\/\/agora.xtec.cat\/ies-castelldelquer-prats\/portada\/grans-esportistes-dins-el-nostre-institut\/\" title=\"Read GRANS ESPORTISTES DINS EL NOSTRE INSTITUT!\">Llegeix m\u00e9s\u00bb<\/a><\/p>\n","protected":false},"author":7,"featured_media":5240,"comment_status":"closed","ping_status":"closed","sticky":false,"template":"","format":"standard","meta":{"_bbp_topic_count":0,"_bbp_reply_count":0,"_bbp_total_topic_count":0,"_bbp_total_reply_count":0,"_bbp_voice_count":0,"_bbp_anonymous_reply_count":0,"_bbp_topic_count_hidden":0,"_bbp_reply_count_hidden":0,"_bbp_forum_subforum_count":0,"footnotes":""},"categories":[29],"tags":[],"class_list":["post-5239","post","type-post","status-publish","format-standard","has-post-thumbnail","hentry","category-portada"],"post_mailing_queue_ids":[],"_links":{"self":[{"href":"https:\/\/agora.xtec.cat\/ies-castelldelquer-prats\/wp-json\/wp\/v2\/posts\/5239","targetHints":{"allow":["GET"]}}],"collection":[{"href":"https:\/\/agora.xtec.cat\/ies-castelldelquer-prats\/wp-json\/wp\/v2\/posts"}],"about":[{"href":"https:\/\/agora.xtec.cat\/ies-castelldelquer-prats\/wp-json\/wp\/v2\/types\/post"}],"author":[{"embeddable":true,"href":"https:\/\/agora.xtec.cat\/ies-castelldelquer-prats\/wp-json\/wp\/v2\/users\/7"}],"replies":[{"embeddable":true,"href":"https:\/\/agora.xtec.cat\/ies-castelldelquer-prats\/wp-json\/wp\/v2\/comments?post=5239"}],"version-history":[{"count":1,"href":"https:\/\/agora.xtec.cat\/ies-castelldelquer-prats\/wp-json\/wp\/v2\/posts\/5239\/revisions"}],"predecessor-version":[{"id":5241,"href":"https:\/\/agora.xtec.cat\/ies-castelldelquer-prats\/wp-json\/wp\/v2\/posts\/5239\/revisions\/5241"}],"wp:featuredmedia":[{"embeddable":true,"href":"https:\/\/agora.xtec.cat\/ies-castelldelquer-prats\/wp-json\/wp\/v2\/media\/5240"}],"wp:attachment":[{"href":"https:\/\/agora.xtec.cat\/ies-castelldelquer-prats\/wp-json\/wp\/v2\/media?parent=5239"}],"wp:term":[{"taxonomy":"category","embeddable":true,"href":"https:\/\/agora.xtec.cat\/ies-castelldelquer-prats\/wp-json\/wp\/v2\/categories?post=5239"},{"taxonomy":"post_tag","embeddable":true,"href":"https:\/\/agora.xtec.cat\/ies-castelldelquer-prats\/wp-json\/wp\/v2\/tags?post=5239"}],"curies":[{"name":"wp","href":"https:\/\/api.w.org\/{rel}","templated":true}]}}