{"id":5232,"date":"2025-03-20T14:28:39","date_gmt":"2025-03-20T13:28:39","guid":{"rendered":"https:\/\/agora.xtec.cat\/ies-castelldelquer-prats\/?p=5232"},"modified":"2025-03-20T14:28:57","modified_gmt":"2025-03-20T13:28:57","slug":"jornada-de-portes-obertes-a-linstitut","status":"publish","type":"post","link":"https:\/\/agora.xtec.cat\/ies-castelldelquer-prats\/eso\/eso-1\/jornada-de-portes-obertes-a-linstitut\/","title":{"rendered":"JORNADA DE PORTES OBERTES A L\u2019INSTITUT"},"content":{"rendered":"<p><b>Redacci\u00f3: Astrid Arroyo, D\u00e0lia Barniol, Bernat Cirera, J\u00falia Rico, Guillem Sucarrat<\/b><\/p>\n<p><span style=\"font-weight: 400\">El darrer 14 de mar\u00e7, els alumnes de 6\u00e8 de prim\u00e0ria de les diferents escoles del Llu\u00e7an\u00e8s van visitar l\u2019Institut Castell del Quer de Prats de Llu\u00e7an\u00e8s en una jornada especial per con\u00e8ixer el centre i facilitar el seu pas a l\u2019educaci\u00f3 secund\u00e0ria.<\/span><\/p>\n<p><span style=\"font-weight: 400\">Durant el mat\u00ed, a partir de les 9 h, els alumnes van participar en diverses activitats l\u00fadiques i esportives al pavell\u00f3, al camp de futbol i en una cursa d\u2019orientaci\u00f3. A m\u00e9s, els estudiants de 1r d\u2019ESO\u00a0 van ser els encarregats de guiar els de sis\u00e8 en una visita per les instal\u00b7lacions del centre.<\/span><\/p>\n<p><span style=\"font-weight: 400\">El dinar tamb\u00e9 va ser un moment de trobada entre els futurs companys d\u2019institut, i a la tarda, fins a les 16 h, van seguir gaudint de m\u00e9s jocs cooperatius i esportius. Entre les activitats programades hi havia una cursa d\u2019orientaci\u00f3, jocs cooperatius, el joc del pitxi i diferents proves esportives.<\/span><\/p>\n<p><span style=\"font-weight: 400\">Cada alumne va haver de portar una samarreta del color del seu grup, segons les indicacions dels seus tutors\/es. Per facilitar el transport fins a l\u2019institut, el Consorci d\u2019Educaci\u00f3 es va encarregar de la coordinaci\u00f3 dels despla\u00e7aments.<\/span><\/p>\n<p><span style=\"font-weight: 400\">Aquesta jornada t\u00e9 com a objectiu ajudar els alumnes a con\u00e8ixer el seu futur centre educatiu, fomentar la conviv\u00e8ncia i facilitar el seu pas a l\u2019ESO d\u2019una manera din\u00e0mica i participativa.<\/span><\/p>\n<p><a href=\"https:\/\/agora.xtec.cat\/ies-castelldelquer-prats\/wp-content\/uploads\/usu2163\/2025\/03\/IMG_0533.jpeg\"><img loading=\"lazy\" decoding=\"async\" class=\"wp-image-5243 aligncenter\" src=\"https:\/\/agora.xtec.cat\/ies-castelldelquer-prats\/wp-content\/uploads\/usu2163\/2025\/03\/IMG_0533-1024x638.jpeg\" alt=\"\" width=\"400\" height=\"249\" srcset=\"https:\/\/agora.xtec.cat\/ies-castelldelquer-prats\/wp-content\/uploads\/usu2163\/2025\/03\/IMG_0533-1024x638.jpeg 1024w, https:\/\/agora.xtec.cat\/ies-castelldelquer-prats\/wp-content\/uploads\/usu2163\/2025\/03\/IMG_0533-300x187.jpeg 300w, https:\/\/agora.xtec.cat\/ies-castelldelquer-prats\/wp-content\/uploads\/usu2163\/2025\/03\/IMG_0533-768x479.jpeg 768w, https:\/\/agora.xtec.cat\/ies-castelldelquer-prats\/wp-content\/uploads\/usu2163\/2025\/03\/IMG_0533.jpeg 1284w\" sizes=\"auto, (max-width: 400px) 100vw, 400px\" \/><\/a><\/p>\n<p>&nbsp;<\/p>\n","protected":false},"excerpt":{"rendered":"<p>Redacci\u00f3: Astrid Arroyo, D\u00e0lia Barniol, Bernat Cirera, J\u00falia Rico, Guillem Sucarrat<br \/>\nEl darrer 14 de mar\u00e7, els alumnes de 6\u00e8 de prim\u00e0ria de les diferents escoles del Llu\u00e7an\u00e8s van visitar l\u2019Institut Castell del Quer de Prats de Llu\u00e7an\u00e8s en una jornada especial per con\u00e8ixer el centre&hellip;  <a href=\"https:\/\/agora.xtec.cat\/ies-castelldelquer-prats\/eso\/eso-1\/jornada-de-portes-obertes-a-linstitut\/\" title=\"Read JORNADA DE PORTES OBERTES A L\u2019INSTITUT\">Llegeix m\u00e9s\u00bb<\/a><\/p>\n","protected":false},"author":7,"featured_media":5243,"comment_status":"open","ping_status":"closed","sticky":false,"template":"","format":"standard","meta":{"_bbp_topic_count":0,"_bbp_reply_count":0,"_bbp_total_topic_count":0,"_bbp_total_reply_count":0,"_bbp_voice_count":0,"_bbp_anonymous_reply_count":0,"_bbp_topic_count_hidden":0,"_bbp_reply_count_hidden":0,"_bbp_forum_subforum_count":0,"footnotes":""},"categories":[4,29],"tags":[],"class_list":["post-5232","post","type-post","status-publish","format-standard","has-post-thumbnail","hentry","category-eso-1","category-portada"],"post_mailing_queue_ids":[],"_links":{"self":[{"href":"https:\/\/agora.xtec.cat\/ies-castelldelquer-prats\/wp-json\/wp\/v2\/posts\/5232","targetHints":{"allow":["GET"]}}],"collection":[{"href":"https:\/\/agora.xtec.cat\/ies-castelldelquer-prats\/wp-json\/wp\/v2\/posts"}],"about":[{"href":"https:\/\/agora.xtec.cat\/ies-castelldelquer-prats\/wp-json\/wp\/v2\/types\/post"}],"author":[{"embeddable":true,"href":"https:\/\/agora.xtec.cat\/ies-castelldelquer-prats\/wp-json\/wp\/v2\/users\/7"}],"replies":[{"embeddable":true,"href":"https:\/\/agora.xtec.cat\/ies-castelldelquer-prats\/wp-json\/wp\/v2\/comments?post=5232"}],"version-history":[{"count":2,"href":"https:\/\/agora.xtec.cat\/ies-castelldelquer-prats\/wp-json\/wp\/v2\/posts\/5232\/revisions"}],"predecessor-version":[{"id":5245,"href":"https:\/\/agora.xtec.cat\/ies-castelldelquer-prats\/wp-json\/wp\/v2\/posts\/5232\/revisions\/5245"}],"wp:featuredmedia":[{"embeddable":true,"href":"https:\/\/agora.xtec.cat\/ies-castelldelquer-prats\/wp-json\/wp\/v2\/media\/5243"}],"wp:attachment":[{"href":"https:\/\/agora.xtec.cat\/ies-castelldelquer-prats\/wp-json\/wp\/v2\/media?parent=5232"}],"wp:term":[{"taxonomy":"category","embeddable":true,"href":"https:\/\/agora.xtec.cat\/ies-castelldelquer-prats\/wp-json\/wp\/v2\/categories?post=5232"},{"taxonomy":"post_tag","embeddable":true,"href":"https:\/\/agora.xtec.cat\/ies-castelldelquer-prats\/wp-json\/wp\/v2\/tags?post=5232"}],"curies":[{"name":"wp","href":"https:\/\/api.w.org\/{rel}","templated":true}]}}