{"id":5186,"date":"2025-03-06T14:30:42","date_gmt":"2025-03-06T13:30:42","guid":{"rendered":"https:\/\/agora.xtec.cat\/ies-castelldelquer-prats\/?p=5186"},"modified":"2025-03-06T14:30:42","modified_gmt":"2025-03-06T13:30:42","slug":"isaac-peraire-visita-2n-deso","status":"publish","type":"post","link":"https:\/\/agora.xtec.cat\/ies-castelldelquer-prats\/eso\/eso-2\/isaac-peraire-visita-2n-deso\/","title":{"rendered":"ISAAC PERAIRE VISITA 2N D&#8217;ESO"},"content":{"rendered":"<p><em><b>Redacci\u00f3: C. Cruells, J. Ferrer, A. Gorchs, C. Grifell, O. Herrera, M. Mu\u00f1oz, J. Rico, Q. Sa\u00f1as<\/b><\/em><\/p>\n<p><span style=\"font-weight: 400\">El passat divendres 14 de febrer, Isaac Peraire l\u2019ex director d\u2019Ag\u00e8ncia de residus de Catalunya, va venir a parlar als alumnes de 2n d\u2019ESO sobre la gesti\u00f3 de residus i com podem millorar el canvi clim\u00e0tic des del punt de vista hum\u00e0.<\/span><\/p>\n<p><span style=\"font-weight: 400\">Primer de tot, els va fer una breu introducci\u00f3 sobre el tema i seguidament els va passar una presentaci\u00f3 amb exemples molt clars de com podem millorar la nostra gesti\u00f3 de residus i els va mostrar dades aproximades de quan arribem a contaminar els humans perqu\u00e8 es fessin una idea de les conseq\u00fc\u00e8ncies que t\u00e9.\u00a0<\/span><\/p>\n<p><span style=\"font-weight: 400\">Un cop acabada l\u2019explicaci\u00f3, els alumnes van concloure la xerrada ressolvent tots els dubtes que tenien.<\/span><\/p>\n<p><span style=\"font-weight: 400\">Els alumnes valoren aquesta activitat positivament, ja que ara tenen molts m\u00e9s coneixements sobre la gesti\u00f3 de residus i van poder aclarir molt dubtes. <\/span><\/p>\n","protected":false},"excerpt":{"rendered":"<p>Redacci\u00f3: C. Cruells, J. Ferrer, A. Gorchs, C. Grifell, O. Herrera, M. Mu\u00f1oz, J. Rico, Q. Sa\u00f1as<br \/>\nEl passat divendres 14 de febrer, Isaac Peraire l\u2019ex director d\u2019Ag\u00e8ncia de residus de Catalunya, va venir a parlar als alumnes de 2n d\u2019ESO sobre la gesti\u00f3 de residus&hellip;  <a href=\"https:\/\/agora.xtec.cat\/ies-castelldelquer-prats\/eso\/eso-2\/isaac-peraire-visita-2n-deso\/\" title=\"Read ISAAC PERAIRE VISITA 2N D&#8217;ESO\">Llegeix m\u00e9s\u00bb<\/a><\/p>\n","protected":false},"author":7,"featured_media":5187,"comment_status":"closed","ping_status":"closed","sticky":false,"template":"","format":"standard","meta":{"_bbp_topic_count":0,"_bbp_reply_count":0,"_bbp_total_topic_count":0,"_bbp_total_reply_count":0,"_bbp_voice_count":0,"_bbp_anonymous_reply_count":0,"_bbp_topic_count_hidden":0,"_bbp_reply_count_hidden":0,"_bbp_forum_subforum_count":0,"footnotes":""},"categories":[5,29],"tags":[],"class_list":["post-5186","post","type-post","status-publish","format-standard","has-post-thumbnail","hentry","category-eso-2","category-portada"],"post_mailing_queue_ids":[],"_links":{"self":[{"href":"https:\/\/agora.xtec.cat\/ies-castelldelquer-prats\/wp-json\/wp\/v2\/posts\/5186","targetHints":{"allow":["GET"]}}],"collection":[{"href":"https:\/\/agora.xtec.cat\/ies-castelldelquer-prats\/wp-json\/wp\/v2\/posts"}],"about":[{"href":"https:\/\/agora.xtec.cat\/ies-castelldelquer-prats\/wp-json\/wp\/v2\/types\/post"}],"author":[{"embeddable":true,"href":"https:\/\/agora.xtec.cat\/ies-castelldelquer-prats\/wp-json\/wp\/v2\/users\/7"}],"replies":[{"embeddable":true,"href":"https:\/\/agora.xtec.cat\/ies-castelldelquer-prats\/wp-json\/wp\/v2\/comments?post=5186"}],"version-history":[{"count":1,"href":"https:\/\/agora.xtec.cat\/ies-castelldelquer-prats\/wp-json\/wp\/v2\/posts\/5186\/revisions"}],"predecessor-version":[{"id":5188,"href":"https:\/\/agora.xtec.cat\/ies-castelldelquer-prats\/wp-json\/wp\/v2\/posts\/5186\/revisions\/5188"}],"wp:featuredmedia":[{"embeddable":true,"href":"https:\/\/agora.xtec.cat\/ies-castelldelquer-prats\/wp-json\/wp\/v2\/media\/5187"}],"wp:attachment":[{"href":"https:\/\/agora.xtec.cat\/ies-castelldelquer-prats\/wp-json\/wp\/v2\/media?parent=5186"}],"wp:term":[{"taxonomy":"category","embeddable":true,"href":"https:\/\/agora.xtec.cat\/ies-castelldelquer-prats\/wp-json\/wp\/v2\/categories?post=5186"},{"taxonomy":"post_tag","embeddable":true,"href":"https:\/\/agora.xtec.cat\/ies-castelldelquer-prats\/wp-json\/wp\/v2\/tags?post=5186"}],"curies":[{"name":"wp","href":"https:\/\/api.w.org\/{rel}","templated":true}]}}