{"id":5129,"date":"2025-02-13T14:18:47","date_gmt":"2025-02-13T13:18:47","guid":{"rendered":"https:\/\/agora.xtec.cat\/ies-castelldelquer-prats\/?p=5129"},"modified":"2025-02-13T14:38:13","modified_gmt":"2025-02-13T13:38:13","slug":"nou-funcionament-del-projecte-del-camino-de-santiago","status":"publish","type":"post","link":"https:\/\/agora.xtec.cat\/ies-castelldelquer-prats\/eso\/eso-3\/nou-funcionament-del-projecte-del-camino-de-santiago\/","title":{"rendered":"NOU FUNCIONAMENT DEL PROJECTE DEL CAMINO DE SANTIAGO"},"content":{"rendered":"<p style=\"text-align: justify\"><b>Redacci\u00f3: Adara Solanich i Mariona Torras<\/b><\/p>\n<p style=\"text-align: justify\"><span style=\"font-weight: 400\">El Cam\u00ed de sant Jaume \u00e9s una xarxa de rutes peregrines que porten a Santiago de Compostel\u00b7la, (Gal\u00edcia, Espanya), on hi ha les restes de l&#8217;ap\u00f2stol Santiago. \u00c9s una tradici\u00f3 que es fa des de l&#8217;Edat Mitjana, i es feia per motius religiosos, per\u00f2 ara es fa tamb\u00e9 per raons culturals, tur\u00edstiques i esportives. Les principals rutes s\u00f3n: El cam\u00ed Franc\u00e8s, el cam\u00ed Portugu\u00e8s, el cam\u00ed del Nord i la Via de la Plata. El pelegr\u00ed camina seguint un itinerari que est\u00e0 marcat per una petxina, s\u00edmbol del cam\u00ed.<\/span><\/p>\n<p style=\"text-align: justify\"><span style=\"font-weight: 400\">Com tots els anys, els alumnes de 3r d\u2019ESO, cap a final de curs realitzen un viatge per poder fer una part del cam\u00ed de sant Jaume. Durant els altres anys, els professors triaven tots els camins, hotels, entre d\u2019altres. En canvi, aquest any els alumnes decideixen el rumb del seu viatge.<\/span><\/p>\n<p style=\"text-align: justify\"><span style=\"font-weight: 400\">Just al comen\u00e7ament del projecte, van comen\u00e7ar a fer una l\u00ednia del temps per poder con\u00e8ixer la hist\u00f2ria del Camino i poder-se endinsar en el tema.\u00a0 Seguidament, es van dividir per grups per poder triar el seu cam\u00ed ideal.\u00a0<\/span><\/p>\n<p style=\"text-align: justify\"><span style=\"font-weight: 400\">Per fer-ho, van haver de buscar un tros del Camino i un cop aix\u00f2, trobar hotels i activitats per fer a la tarda. Van fer les presentacions sobre els possibles camins i van votar sobre quin els hi agradava m\u00e9s. Finalment, van triar el que preferien, el grup 5, format per l\u2019Arnau Plans, el Guiu Rovira, la Selva Gutierrez i la D\u00e0lia Barniol.<\/span><\/p>\n<p style=\"text-align: justify\"><span style=\"font-weight: 400\">Amb aquest guanyador, els alumnes de 3r, en van fer millores per arribar a fer el seu \u201ccamino\u201d ideal. Van canviar alguns allotjaments, trams a caminar i activitats a fer a la tarda, ja que una del grup guanyador, no era del tot adequada.<\/span><\/p>\n<p style=\"text-align: justify\"><span style=\"font-weight: 400\">Finalment, han hagut de fer una not\u00edcia explicant com ser un bon pelegr\u00ed, per quan sigui el seu torn, puguin gaudir-ho de la millor manera possible!<\/span><\/p>\n<p>&nbsp;<\/p>\n","protected":false},"excerpt":{"rendered":"<p>Redacci\u00f3: Adara Solanich i Mariona Torras<br \/>\nEl Cam\u00ed de sant Jaume \u00e9s una xarxa de rutes peregrines que porten a Santiago de Compostel\u00b7la, (Gal\u00edcia, Espanya), on hi ha les restes de l&#8217;ap\u00f2stol Santiago. \u00c9s una tradici\u00f3 que es fa des de l&#8217;Edat Mitjana, i es feia&hellip;  <a href=\"https:\/\/agora.xtec.cat\/ies-castelldelquer-prats\/eso\/eso-3\/nou-funcionament-del-projecte-del-camino-de-santiago\/\" title=\"Read NOU FUNCIONAMENT DEL PROJECTE DEL CAMINO DE SANTIAGO\">Llegeix m\u00e9s\u00bb<\/a><\/p>\n","protected":false},"author":7,"featured_media":5144,"comment_status":"closed","ping_status":"closed","sticky":false,"template":"","format":"standard","meta":{"_bbp_topic_count":0,"_bbp_reply_count":0,"_bbp_total_topic_count":0,"_bbp_total_reply_count":0,"_bbp_voice_count":0,"_bbp_anonymous_reply_count":0,"_bbp_topic_count_hidden":0,"_bbp_reply_count_hidden":0,"_bbp_forum_subforum_count":0,"footnotes":""},"categories":[6,29],"tags":[],"class_list":["post-5129","post","type-post","status-publish","format-standard","has-post-thumbnail","hentry","category-eso-3","category-portada"],"post_mailing_queue_ids":[],"_links":{"self":[{"href":"https:\/\/agora.xtec.cat\/ies-castelldelquer-prats\/wp-json\/wp\/v2\/posts\/5129","targetHints":{"allow":["GET"]}}],"collection":[{"href":"https:\/\/agora.xtec.cat\/ies-castelldelquer-prats\/wp-json\/wp\/v2\/posts"}],"about":[{"href":"https:\/\/agora.xtec.cat\/ies-castelldelquer-prats\/wp-json\/wp\/v2\/types\/post"}],"author":[{"embeddable":true,"href":"https:\/\/agora.xtec.cat\/ies-castelldelquer-prats\/wp-json\/wp\/v2\/users\/7"}],"replies":[{"embeddable":true,"href":"https:\/\/agora.xtec.cat\/ies-castelldelquer-prats\/wp-json\/wp\/v2\/comments?post=5129"}],"version-history":[{"count":1,"href":"https:\/\/agora.xtec.cat\/ies-castelldelquer-prats\/wp-json\/wp\/v2\/posts\/5129\/revisions"}],"predecessor-version":[{"id":5140,"href":"https:\/\/agora.xtec.cat\/ies-castelldelquer-prats\/wp-json\/wp\/v2\/posts\/5129\/revisions\/5140"}],"wp:featuredmedia":[{"embeddable":true,"href":"https:\/\/agora.xtec.cat\/ies-castelldelquer-prats\/wp-json\/wp\/v2\/media\/5144"}],"wp:attachment":[{"href":"https:\/\/agora.xtec.cat\/ies-castelldelquer-prats\/wp-json\/wp\/v2\/media?parent=5129"}],"wp:term":[{"taxonomy":"category","embeddable":true,"href":"https:\/\/agora.xtec.cat\/ies-castelldelquer-prats\/wp-json\/wp\/v2\/categories?post=5129"},{"taxonomy":"post_tag","embeddable":true,"href":"https:\/\/agora.xtec.cat\/ies-castelldelquer-prats\/wp-json\/wp\/v2\/tags?post=5129"}],"curies":[{"name":"wp","href":"https:\/\/api.w.org\/{rel}","templated":true}]}}