{"id":5127,"date":"2025-02-13T14:13:32","date_gmt":"2025-02-13T13:13:32","guid":{"rendered":"https:\/\/agora.xtec.cat\/ies-castelldelquer-prats\/?p=5127"},"modified":"2025-02-13T14:41:31","modified_gmt":"2025-02-13T13:41:31","slug":"2n-deso-visita-el-monestir-de-ripoll","status":"publish","type":"post","link":"https:\/\/agora.xtec.cat\/ies-castelldelquer-prats\/eso\/eso-2\/2n-deso-visita-el-monestir-de-ripoll\/","title":{"rendered":"2N D&#8217;ESO VISITA EL MONESTIR DE RIPOLL"},"content":{"rendered":"<p style=\"text-align: justify\"><b>Redacci\u00f3: C. Cruells, J. Ferrer, A. Gorchs, C. Grifell, O. Her<span style=\"color: #000000\">rera,<\/span><\/b><span style=\"color: #000000\"><a style=\"color: #000000\" href=\"http:\/\/m.mu\"><b> M. Mu\u00f1oz<\/b><\/a><b>, J. Rico i Q. Sa\u00f1as<\/b><\/span><\/p>\n<p style=\"text-align: justify\"><span style=\"font-weight: 400\">El passat dia 4 de febrer, els i les alumnes de 2n d\u2019ESO van visitar el monestir de Ripoll.\u00a0<\/span><\/p>\n<p style=\"text-align: justify\"><span style=\"font-weight: 400\">La sortida consistia a con\u00e8ixer i visitar les parts m\u00e9s importants del monestir, la seva hist\u00f2ria, quin paper tenien els monjos i com escrivien antigament.<\/span><\/p>\n<p style=\"text-align: justify\"><span style=\"font-weight: 400\">El primer que van fer, va ser visitar la portalada on els van respondre tots els dubtes que tenien sobre les escultures. Llavors, tamb\u00e9 van interpretar passatges de la b\u00edblia, on es podia deduir el que posava, com per exemple el que es feia a l&#8217;antiguitat a l&#8217;agricultura <\/span><span style=\"font-weight: 400\">cada mes de l\u2019any.<\/span><\/p>\n<p style=\"text-align: justify\"><span style=\"font-weight: 400\">Seguidament, van anar al claustre on simb\u00f2licament representa \u201canar al cel\u201d, on els van explicar qu\u00e8 feien els monjos all\u00e0 i els van deixar visitar-ho.\u00a0<\/span><\/p>\n<p style=\"text-align: justify\"><span style=\"font-weight: 400\">Finalment, van fer un taller d\u2019escriptura que consistia a escriure el\u00a0 seu nom en llat\u00ed a trav\u00e9s d\u2019una ploma.<\/span><\/p>\n<p style=\"text-align: justify\"><span style=\"font-weight: 400\">Els alumnes valoren l\u2019activitat for\u00e7a positivament, ja que han apr\u00e8s moltes coses i el taller d\u2019escriptura els va semblar molt interessant, tot i que algunes activitats podrien haver estat m\u00e9s din\u00e0miques, per tal de gaudir-les m\u00e9s.<\/span><\/p>\n<p>&nbsp;<\/p>\n","protected":false},"excerpt":{"rendered":"<p>Redacci\u00f3: C. Cruells, J. Ferrer, A. Gorchs, C. Grifell, O. Herrera,<a style=\"color: #000000\" href=\"http:\/\/m.mu\"> M. Mu\u00f1oz<\/a>, J. Rico i Q. Sa\u00f1as<br \/>\nEl passat dia 4 de febrer, els i les alumnes de 2n d\u2019ESO van visitar el monestir de Ripoll.\u00a0<br \/>\nLa sortida consistia a con\u00e8ixer i visitar&hellip;  <a href=\"https:\/\/agora.xtec.cat\/ies-castelldelquer-prats\/eso\/eso-2\/2n-deso-visita-el-monestir-de-ripoll\/\" title=\"Read 2N D&#8217;ESO VISITA EL MONESTIR DE RIPOLL\">Llegeix m\u00e9s\u00bb<\/a><\/p>\n","protected":false},"author":7,"featured_media":5146,"comment_status":"closed","ping_status":"closed","sticky":false,"template":"","format":"standard","meta":{"_bbp_topic_count":0,"_bbp_reply_count":0,"_bbp_total_topic_count":0,"_bbp_total_reply_count":0,"_bbp_voice_count":0,"_bbp_anonymous_reply_count":0,"_bbp_topic_count_hidden":0,"_bbp_reply_count_hidden":0,"_bbp_forum_subforum_count":0,"footnotes":""},"categories":[5,29],"tags":[],"class_list":["post-5127","post","type-post","status-publish","format-standard","has-post-thumbnail","hentry","category-eso-2","category-portada"],"post_mailing_queue_ids":[],"_links":{"self":[{"href":"https:\/\/agora.xtec.cat\/ies-castelldelquer-prats\/wp-json\/wp\/v2\/posts\/5127","targetHints":{"allow":["GET"]}}],"collection":[{"href":"https:\/\/agora.xtec.cat\/ies-castelldelquer-prats\/wp-json\/wp\/v2\/posts"}],"about":[{"href":"https:\/\/agora.xtec.cat\/ies-castelldelquer-prats\/wp-json\/wp\/v2\/types\/post"}],"author":[{"embeddable":true,"href":"https:\/\/agora.xtec.cat\/ies-castelldelquer-prats\/wp-json\/wp\/v2\/users\/7"}],"replies":[{"embeddable":true,"href":"https:\/\/agora.xtec.cat\/ies-castelldelquer-prats\/wp-json\/wp\/v2\/comments?post=5127"}],"version-history":[{"count":1,"href":"https:\/\/agora.xtec.cat\/ies-castelldelquer-prats\/wp-json\/wp\/v2\/posts\/5127\/revisions"}],"predecessor-version":[{"id":5137,"href":"https:\/\/agora.xtec.cat\/ies-castelldelquer-prats\/wp-json\/wp\/v2\/posts\/5127\/revisions\/5137"}],"wp:featuredmedia":[{"embeddable":true,"href":"https:\/\/agora.xtec.cat\/ies-castelldelquer-prats\/wp-json\/wp\/v2\/media\/5146"}],"wp:attachment":[{"href":"https:\/\/agora.xtec.cat\/ies-castelldelquer-prats\/wp-json\/wp\/v2\/media?parent=5127"}],"wp:term":[{"taxonomy":"category","embeddable":true,"href":"https:\/\/agora.xtec.cat\/ies-castelldelquer-prats\/wp-json\/wp\/v2\/categories?post=5127"},{"taxonomy":"post_tag","embeddable":true,"href":"https:\/\/agora.xtec.cat\/ies-castelldelquer-prats\/wp-json\/wp\/v2\/tags?post=5127"}],"curies":[{"name":"wp","href":"https:\/\/api.w.org\/{rel}","templated":true}]}}