{"id":5097,"date":"2025-02-05T11:53:05","date_gmt":"2025-02-05T10:53:05","guid":{"rendered":"https:\/\/agora.xtec.cat\/ies-castelldelquer-prats\/?p=5097"},"modified":"2025-02-05T11:55:19","modified_gmt":"2025-02-05T10:55:19","slug":"ariadna-cabiscol-sen-va-4-dies-a-italia-a-fer-un-erasmus","status":"publish","type":"post","link":"https:\/\/agora.xtec.cat\/ies-castelldelquer-prats\/general\/ariadna-cabiscol-sen-va-4-dies-a-italia-a-fer-un-erasmus\/","title":{"rendered":"Ariadna Cabiscol se\u2019n va 4 dies a It\u00e0lia a fer un Erasmus"},"content":{"rendered":"<p><b>Redacci\u00f3: Quim Solanich, Adara Solanich, \u00c8lia Torras i Mariona Torras<\/b><\/p>\n<p><span style=\"font-weight: 400;\">Fa uns mesos, uns professors francesos van venir al nostre institut per participar en una activitat coneguda com <\/span><i><span style=\"font-weight: 400;\">Job Shadowing<\/span><\/i><span style=\"font-weight: 400;\">. Aquesta consisteix a visitar un altre centre educatiu per observar-ne el funcionament: com s\u00f3n les classes, com treballen professors i alumnes, quins projectes duen a terme i com s\u2019organitzen. L\u2019objectiu principal \u00e9s con\u00e8ixer noves idees i maneres de treballar que despr\u00e9s es puguin aplicar al propi institut.<\/span><\/p>\n<p><span style=\"font-weight: 400;\"><a href=\"https:\/\/agora.xtec.cat\/ies-castelldelquer-prats\/wp-content\/uploads\/usu2163\/2025\/02\/IMG-20250205-WA0000.jpg\"><img loading=\"lazy\" decoding=\"async\" class=\"alignleft wp-image-5116 size-medium\" src=\"https:\/\/agora.xtec.cat\/ies-castelldelquer-prats\/wp-content\/uploads\/usu2163\/2025\/02\/IMG-20250205-WA0000-193x300.jpg\" alt=\"\" width=\"193\" height=\"300\" srcset=\"https:\/\/agora.xtec.cat\/ies-castelldelquer-prats\/wp-content\/uploads\/usu2163\/2025\/02\/IMG-20250205-WA0000-193x300.jpg 193w, https:\/\/agora.xtec.cat\/ies-castelldelquer-prats\/wp-content\/uploads\/usu2163\/2025\/02\/IMG-20250205-WA0000-660x1024.jpg 660w, https:\/\/agora.xtec.cat\/ies-castelldelquer-prats\/wp-content\/uploads\/usu2163\/2025\/02\/IMG-20250205-WA0000-768x1192.jpg 768w, https:\/\/agora.xtec.cat\/ies-castelldelquer-prats\/wp-content\/uploads\/usu2163\/2025\/02\/IMG-20250205-WA0000-990x1536.jpg 990w, https:\/\/agora.xtec.cat\/ies-castelldelquer-prats\/wp-content\/uploads\/usu2163\/2025\/02\/IMG-20250205-WA0000.jpg 1320w\" sizes=\"auto, (max-width: 193px) 100vw, 193px\" \/><\/a>L\u2019Ariadna, una de les nostres professores, sempre havia estat interessada en participar en una activitat com aquesta. Quan va sorgir l\u2019oportunitat, va decidir aprofitar-la. Va poder escollir el pa\u00eds i va triar It\u00e0lia, ja que fa dos anys que estudia itali\u00e0 per inter\u00e8s personal i tenia moltes ganes de practicar la llengua i viure de prop el sistema educatiu d\u2019all\u00e0.<\/span><\/p>\n<p><span style=\"font-weight: 400;\">L\u2019Ariadna passar\u00e0 quatre dies en un petit poble al nord d\u2019It\u00e0lia que es diu Albo i s\u2019\u2019allotjar\u00e0 en un hotel situat al centre. Encara que viatjar\u00e0 sola, quan arribi es trobar\u00e0 amb altres professors que l\u2019acompanyaran durant la seva estada i l\u2019ajudaran a con\u00e8ixer com funciona el centre educatiu.<\/span><\/p>\n<p><span style=\"font-weight: 400;\">Encara no t\u00e9 un horari definit, per\u00f2 t\u00e9 clar que el seu principal objectiu \u00e9s assistir a les classes per veure com es fan. Tamb\u00e9 li interessa molt saber com treballen les tutories, com organitzen les reunions i, especialment, com enfoquen l\u2019ensenyament de l\u2019art i altres disciplines creatives.<\/span><\/p>\n<p><span style=\"font-weight: 400;\">Aquest ser\u00e0 el primer <\/span><i><span style=\"font-weight: 400;\">Job Shadowing<\/span><\/i><span style=\"font-weight: 400;\"> que far\u00e0 l\u2019Ariadna. Tot i que ning\u00fa m\u00e9s del nostre institut n\u2019ha fet cap, altres professors han vingut al centre a fer-ne. Tot aquest projecte ha estat possible gr\u00e0cies a l\u2019organitzaci\u00f3 de l\u2019Alba i la Ruth, que es van adherir a un programa Erasmus a escala europea. Aquest programa permet sol\u00b7licitar activitats i rebre una subvenci\u00f3 per dur-les a terme.<\/span><\/p>\n<p><span style=\"font-weight: 400;\">Els objectius principals de l\u2019Ariadna s\u00f3n con\u00e8ixer com funcionen els instituts italians, observar com treballen la llengua pr\u00f2pia i altres lleng\u00fces, i descobrir com es desenvolupen les compet\u00e8ncies personals, socials i emprenedores. Tamb\u00e9 vol veure com gestionen les adaptacions per als alumnes i quines estrat\u00e8gies fan servir per mantenir-los motivats. Per preparar-se per a aquesta experi\u00e8ncia, l\u2019Ariadna ha dedicat gaireb\u00e9 dos anys a estudiar l\u2019itali\u00e0 i s\u2019ha posat en contacte amb la professora que l\u2019acollir\u00e0 al centre.<\/span><\/p>\n<p>&nbsp;<\/p>\n","protected":false},"excerpt":{"rendered":"<p>Redacci\u00f3: Quim Solanich, Adara Solanich, \u00c8lia Torras i Mariona Torras<br \/>\nFa uns mesos, uns professors francesos van venir al nostre institut per participar en una activitat coneguda com Job Shadowing. Aquesta consisteix a visitar un altre centre educatiu per observar-ne el funcionament: com s\u00f3n les classes,&hellip;  <a href=\"https:\/\/agora.xtec.cat\/ies-castelldelquer-prats\/general\/ariadna-cabiscol-sen-va-4-dies-a-italia-a-fer-un-erasmus\/\" title=\"Read Ariadna Cabiscol se\u2019n va 4 dies a It\u00e0lia a fer un Erasmus\">Llegeix m\u00e9s\u00bb<\/a><\/p>\n","protected":false},"author":1,"featured_media":5116,"comment_status":"open","ping_status":"closed","sticky":false,"template":"","format":"standard","meta":{"_bbp_topic_count":0,"_bbp_reply_count":0,"_bbp_total_topic_count":0,"_bbp_total_reply_count":0,"_bbp_voice_count":0,"_bbp_anonymous_reply_count":0,"_bbp_topic_count_hidden":0,"_bbp_reply_count_hidden":0,"_bbp_forum_subforum_count":0,"footnotes":""},"categories":[204,1,208,29],"tags":[],"class_list":["post-5097","post","type-post","status-publish","format-standard","has-post-thumbnail","hentry","category-erasmus-2023-2027","category-general","category-job-shadowing-alba","category-portada"],"post_mailing_queue_ids":[],"_links":{"self":[{"href":"https:\/\/agora.xtec.cat\/ies-castelldelquer-prats\/wp-json\/wp\/v2\/posts\/5097","targetHints":{"allow":["GET"]}}],"collection":[{"href":"https:\/\/agora.xtec.cat\/ies-castelldelquer-prats\/wp-json\/wp\/v2\/posts"}],"about":[{"href":"https:\/\/agora.xtec.cat\/ies-castelldelquer-prats\/wp-json\/wp\/v2\/types\/post"}],"author":[{"embeddable":true,"href":"https:\/\/agora.xtec.cat\/ies-castelldelquer-prats\/wp-json\/wp\/v2\/users\/1"}],"replies":[{"embeddable":true,"href":"https:\/\/agora.xtec.cat\/ies-castelldelquer-prats\/wp-json\/wp\/v2\/comments?post=5097"}],"version-history":[{"count":4,"href":"https:\/\/agora.xtec.cat\/ies-castelldelquer-prats\/wp-json\/wp\/v2\/posts\/5097\/revisions"}],"predecessor-version":[{"id":5119,"href":"https:\/\/agora.xtec.cat\/ies-castelldelquer-prats\/wp-json\/wp\/v2\/posts\/5097\/revisions\/5119"}],"wp:featuredmedia":[{"embeddable":true,"href":"https:\/\/agora.xtec.cat\/ies-castelldelquer-prats\/wp-json\/wp\/v2\/media\/5116"}],"wp:attachment":[{"href":"https:\/\/agora.xtec.cat\/ies-castelldelquer-prats\/wp-json\/wp\/v2\/media?parent=5097"}],"wp:term":[{"taxonomy":"category","embeddable":true,"href":"https:\/\/agora.xtec.cat\/ies-castelldelquer-prats\/wp-json\/wp\/v2\/categories?post=5097"},{"taxonomy":"post_tag","embeddable":true,"href":"https:\/\/agora.xtec.cat\/ies-castelldelquer-prats\/wp-json\/wp\/v2\/tags?post=5097"}],"curies":[{"name":"wp","href":"https:\/\/api.w.org\/{rel}","templated":true}]}}