{"id":5064,"date":"2025-01-23T14:07:47","date_gmt":"2025-01-23T13:07:47","guid":{"rendered":"https:\/\/agora.xtec.cat\/ies-castelldelquer-prats\/?p=5064"},"modified":"2025-01-24T12:01:28","modified_gmt":"2025-01-24T11:01:28","slug":"som-escola-verda-quins-tipus-dembolcalls-sutilitzen-a-linstitut","status":"publish","type":"post","link":"https:\/\/agora.xtec.cat\/ies-castelldelquer-prats\/general\/som-escola-verda-quins-tipus-dembolcalls-sutilitzen-a-linstitut\/","title":{"rendered":"SOM ESCOLA VERDA! QUINS TIPUS D\u2019EMBOLCALLS S\u2019UTILITZEN A L\u2019INSTITUT?"},"content":{"rendered":"<p><b>Redacci\u00f3: D\u00e0lia Barniol, Aina Bruch, J\u00falia Rico i Jordi Coromina.\u00a0<\/b><\/p>\n<p><span style=\"font-weight: 400\">Des d\u2019aquest any, a l\u2019institut Castell del Quer ja som oficialment escola verda. Sota aquest segell es treballa perqu\u00e8 escoles, instituts i altres institucions de Catalunya vetllin per un m\u00f3n m\u00e9s sostenible i organitzin tamb\u00e9 diverses activitats relacionades amb l\u2019objectiu de sensibilitzar-nos des de ben petits sobre la import\u00e0ncia de tenir un m\u00f3n saludable.\u00a0<\/span><\/p>\n<p><span style=\"font-weight: 400\">Durant el mes de novembre, l\u2019alumnat de l\u2019institut que forma part de la comissi\u00f3 d\u2019escoles verdes, ha recollit una s\u00e8rie de dades per calcular com de respectuosos amb el medi ambient \u00e9s la comunitat educativa de l&#8217;institut en l\u2019\u00fas de l\u2019embolcall de l\u2019esmorzar.\u00a0<\/span><\/p>\n<p><span style=\"font-weight: 400\">A l\u2019hora de fer l\u2019estudi, s\u2019han considerat com a embolcalls sostenibles: el \u201cBock &amp; Roll\u201d (tant si contenia paper de cuina a dins com si no) i la carmanyola.\u00a0<\/span><\/p>\n<p><span style=\"font-weight: 400\">I com a NO sostenibles entra: el paper d\u2019alumini i el paper film.<\/span><\/p>\n<p>&nbsp;<\/p>\n<p><span style=\"font-weight: 400\">L\u2019embolcall m\u00e9s utilitzat a l\u2019institut \u00e9s el \u201cBock &amp; Roll\u201d i el segon m\u00e9s portat \u00e9s el paper d\u2019alumini.<\/span><\/p>\n<p><span style=\"font-weight: 400\">Tamb\u00e9 podem veure que el curs m\u00e9s sostenible \u00e9s 1r d\u2019ESO amb un tant per cent del 82,6, el segon el professorat i el PAS amb un percentatge d\u2019un 80% i el tercer curs m\u00e9s sostenible \u00e9s 2n de batxillerat amb un 73,7%.\u00a0<\/span><\/p>\n<p><span style=\"font-weight: 400\">Des de la comissi\u00f3 de delegats verds es vol incentivar a continuar aix\u00ed<\/span><span style=\"font-weight: 400\">, <\/span><span style=\"font-weight: 400\">ja que s\u2019ha pogut observar que som un institut bastant sostenible, i a ser possible, a partir d\u2019ara intentar millorar els resultats.<\/span><\/p>\n<p>Aquests s\u00f3n els resultats:<\/p>\n<p><a href=\"https:\/\/agora.xtec.cat\/ies-castelldelquer-prats\/wp-content\/uploads\/usu2163\/2025\/01\/Captura-de-pantalla-2025-01-24-115738.png\"><img loading=\"lazy\" decoding=\"async\" class=\"alignnone size-full wp-image-5081\" src=\"https:\/\/agora.xtec.cat\/ies-castelldelquer-prats\/wp-content\/uploads\/usu2163\/2025\/01\/Captura-de-pantalla-2025-01-24-115738.png\" alt=\"\" width=\"794\" height=\"293\" srcset=\"https:\/\/agora.xtec.cat\/ies-castelldelquer-prats\/wp-content\/uploads\/usu2163\/2025\/01\/Captura-de-pantalla-2025-01-24-115738.png 794w, https:\/\/agora.xtec.cat\/ies-castelldelquer-prats\/wp-content\/uploads\/usu2163\/2025\/01\/Captura-de-pantalla-2025-01-24-115738-300x111.png 300w, https:\/\/agora.xtec.cat\/ies-castelldelquer-prats\/wp-content\/uploads\/usu2163\/2025\/01\/Captura-de-pantalla-2025-01-24-115738-768x283.png 768w\" sizes=\"auto, (max-width: 794px) 100vw, 794px\" \/><\/a> <a href=\"https:\/\/agora.xtec.cat\/ies-castelldelquer-prats\/wp-content\/uploads\/usu2163\/2025\/01\/Captura-de-pantalla-2025-01-24-115836.png\"><img loading=\"lazy\" decoding=\"async\" class=\"alignnone size-large wp-image-5082\" src=\"https:\/\/agora.xtec.cat\/ies-castelldelquer-prats\/wp-content\/uploads\/usu2163\/2025\/01\/Captura-de-pantalla-2025-01-24-115836.png\" alt=\"\" width=\"753\" height=\"275\" srcset=\"https:\/\/agora.xtec.cat\/ies-castelldelquer-prats\/wp-content\/uploads\/usu2163\/2025\/01\/Captura-de-pantalla-2025-01-24-115836.png 753w, https:\/\/agora.xtec.cat\/ies-castelldelquer-prats\/wp-content\/uploads\/usu2163\/2025\/01\/Captura-de-pantalla-2025-01-24-115836-300x110.png 300w\" sizes=\"auto, (max-width: 753px) 100vw, 753px\" \/><\/a> <a href=\"https:\/\/agora.xtec.cat\/ies-castelldelquer-prats\/wp-content\/uploads\/usu2163\/2025\/01\/Captura-de-pantalla-2025-01-24-120025.png\"><img loading=\"lazy\" decoding=\"async\" class=\"alignnone size-large wp-image-5083\" src=\"https:\/\/agora.xtec.cat\/ies-castelldelquer-prats\/wp-content\/uploads\/usu2163\/2025\/01\/Captura-de-pantalla-2025-01-24-120025.png\" alt=\"\" width=\"941\" height=\"291\" srcset=\"https:\/\/agora.xtec.cat\/ies-castelldelquer-prats\/wp-content\/uploads\/usu2163\/2025\/01\/Captura-de-pantalla-2025-01-24-120025.png 941w, https:\/\/agora.xtec.cat\/ies-castelldelquer-prats\/wp-content\/uploads\/usu2163\/2025\/01\/Captura-de-pantalla-2025-01-24-120025-300x93.png 300w, https:\/\/agora.xtec.cat\/ies-castelldelquer-prats\/wp-content\/uploads\/usu2163\/2025\/01\/Captura-de-pantalla-2025-01-24-120025-768x238.png 768w\" sizes=\"auto, (max-width: 941px) 100vw, 941px\" \/><\/a><\/p>\n<p>&nbsp;<\/p>\n","protected":false},"excerpt":{"rendered":"<p>Redacci\u00f3: D\u00e0lia Barniol, Aina Bruch, J\u00falia Rico i Jordi Coromina.\u00a0<br \/>\nDes d\u2019aquest any, a l\u2019institut Castell del Quer ja som oficialment escola verda. Sota aquest segell es treballa perqu\u00e8 escoles, instituts i altres institucions de Catalunya vetllin per un m\u00f3n m\u00e9s sostenible i organitzin tamb\u00e9 diverses&hellip;  <a href=\"https:\/\/agora.xtec.cat\/ies-castelldelquer-prats\/general\/som-escola-verda-quins-tipus-dembolcalls-sutilitzen-a-linstitut\/\" title=\"Read SOM ESCOLA VERDA! QUINS TIPUS D\u2019EMBOLCALLS S\u2019UTILITZEN A L\u2019INSTITUT?\">Llegeix m\u00e9s\u00bb<\/a><\/p>\n","protected":false},"author":7,"featured_media":0,"comment_status":"closed","ping_status":"closed","sticky":false,"template":"","format":"standard","meta":{"_bbp_topic_count":0,"_bbp_reply_count":0,"_bbp_total_topic_count":0,"_bbp_total_reply_count":0,"_bbp_voice_count":0,"_bbp_anonymous_reply_count":0,"_bbp_topic_count_hidden":0,"_bbp_reply_count_hidden":0,"_bbp_forum_subforum_count":0,"footnotes":""},"categories":[1,29],"tags":[],"class_list":["post-5064","post","type-post","status-publish","format-standard","hentry","category-general","category-portada"],"post_mailing_queue_ids":[],"_links":{"self":[{"href":"https:\/\/agora.xtec.cat\/ies-castelldelquer-prats\/wp-json\/wp\/v2\/posts\/5064","targetHints":{"allow":["GET"]}}],"collection":[{"href":"https:\/\/agora.xtec.cat\/ies-castelldelquer-prats\/wp-json\/wp\/v2\/posts"}],"about":[{"href":"https:\/\/agora.xtec.cat\/ies-castelldelquer-prats\/wp-json\/wp\/v2\/types\/post"}],"author":[{"embeddable":true,"href":"https:\/\/agora.xtec.cat\/ies-castelldelquer-prats\/wp-json\/wp\/v2\/users\/7"}],"replies":[{"embeddable":true,"href":"https:\/\/agora.xtec.cat\/ies-castelldelquer-prats\/wp-json\/wp\/v2\/comments?post=5064"}],"version-history":[{"count":4,"href":"https:\/\/agora.xtec.cat\/ies-castelldelquer-prats\/wp-json\/wp\/v2\/posts\/5064\/revisions"}],"predecessor-version":[{"id":5084,"href":"https:\/\/agora.xtec.cat\/ies-castelldelquer-prats\/wp-json\/wp\/v2\/posts\/5064\/revisions\/5084"}],"wp:attachment":[{"href":"https:\/\/agora.xtec.cat\/ies-castelldelquer-prats\/wp-json\/wp\/v2\/media?parent=5064"}],"wp:term":[{"taxonomy":"category","embeddable":true,"href":"https:\/\/agora.xtec.cat\/ies-castelldelquer-prats\/wp-json\/wp\/v2\/categories?post=5064"},{"taxonomy":"post_tag","embeddable":true,"href":"https:\/\/agora.xtec.cat\/ies-castelldelquer-prats\/wp-json\/wp\/v2\/tags?post=5064"}],"curies":[{"name":"wp","href":"https:\/\/api.w.org\/{rel}","templated":true}]}}