{"id":5041,"date":"2025-01-17T12:04:13","date_gmt":"2025-01-17T11:04:13","guid":{"rendered":"https:\/\/agora.xtec.cat\/ies-castelldelquer-prats\/?p=5041"},"modified":"2025-01-17T12:35:41","modified_gmt":"2025-01-17T11:35:41","slug":"tanquem-el-2024-fent-lamic-invisible","status":"publish","type":"post","link":"https:\/\/agora.xtec.cat\/ies-castelldelquer-prats\/eso\/eso-1\/tanquem-el-2024-fent-lamic-invisible\/","title":{"rendered":"TANQUEM EL 2024 FENT L\u2019AMIC INVISIBLE"},"content":{"rendered":"<p><b>Redacci\u00f3:<\/b> <i>Aina Bruch, Jordi Coromina, Su Costa, Oriol Mu\u00f1oz, Pol Sch\u00fcler i Laia Subirana<\/i><\/p>\n<p><span style=\"font-weight: 400\">El passat 20 de desembre de 2024, els alumnes i alguns professors de l\u2019institut, van tancar el 2024 d\u2019una manera ben especial, fent l\u2019amic invisible. Aquesta activitat es tracta del fet que uns dies abans de les vacances de Nadal es reparteixen uns papers que hi ha el nom d\u2019una persona de la classe, i aquesta persona \u00e9s a la que li has de fer un regal el dia acordat, en el nostre cas va ser el dia 20.\u00a0<\/span><\/p>\n<p><span style=\"font-weight: 400\">L\u2019amic invisible es va dur a terme des de 1r fins a 4t d\u2019ESO, els alumnes de batxillerat no van participar.<\/span><\/p>\n<p><span style=\"font-weight: 400\">Els regals podien ser el que volguessin, per\u00f2 anteriorment els i les alumnes de l\u2019institut varen dir qu\u00e8 els agradaria que els regalessin. Un cop fet, els alumnes ja podien tenir una mica d\u2019idea per fer el regal a aquella persona assignada.<\/span><\/p>\n<p><span style=\"font-weight: 400\">Els i les alumnes del centre creuen que \u00e9s una bona manera d\u2019acomiadar-se del primer trimestre i marxar a les vacances de Nadal d\u2019una manera una mica diferent, i valoren molt positivament l\u2019activitat que es fa cada any.<\/span><\/p>\n<p><a href=\"https:\/\/agora.xtec.cat\/ies-castelldelquer-prats\/wp-content\/uploads\/usu2163\/2025\/01\/IMG_20241220_084045-1-scaled.jpg\"><img loading=\"lazy\" decoding=\"async\" class=\"wp-image-5042 aligncenter\" src=\"https:\/\/agora.xtec.cat\/ies-castelldelquer-prats\/wp-content\/uploads\/usu2163\/2025\/01\/IMG_20241220_084045-1-758x1024.jpg\" alt=\"\" width=\"651\" height=\"879\" srcset=\"https:\/\/agora.xtec.cat\/ies-castelldelquer-prats\/wp-content\/uploads\/usu2163\/2025\/01\/IMG_20241220_084045-1-758x1024.jpg 758w, https:\/\/agora.xtec.cat\/ies-castelldelquer-prats\/wp-content\/uploads\/usu2163\/2025\/01\/IMG_20241220_084045-1-222x300.jpg 222w, https:\/\/agora.xtec.cat\/ies-castelldelquer-prats\/wp-content\/uploads\/usu2163\/2025\/01\/IMG_20241220_084045-1-768x1037.jpg 768w, https:\/\/agora.xtec.cat\/ies-castelldelquer-prats\/wp-content\/uploads\/usu2163\/2025\/01\/IMG_20241220_084045-1-1137x1536.jpg 1137w, https:\/\/agora.xtec.cat\/ies-castelldelquer-prats\/wp-content\/uploads\/usu2163\/2025\/01\/IMG_20241220_084045-1-1516x2048.jpg 1516w, https:\/\/agora.xtec.cat\/ies-castelldelquer-prats\/wp-content\/uploads\/usu2163\/2025\/01\/IMG_20241220_084045-1-scaled.jpg 1895w\" sizes=\"auto, (max-width: 651px) 100vw, 651px\" \/><\/a><\/p>\n","protected":false},"excerpt":{"rendered":"<p>Redacci\u00f3: Aina Bruch, Jordi Coromina, Su Costa, Oriol Mu\u00f1oz, Pol Sch\u00fcler i Laia Subirana<br \/>\nEl passat 20 de desembre de 2024, els alumnes i alguns professors de l\u2019institut, van tancar el 2024 d\u2019una manera ben especial, fent l\u2019amic invisible. Aquesta activitat es tracta del fet que&hellip;  <a href=\"https:\/\/agora.xtec.cat\/ies-castelldelquer-prats\/eso\/eso-1\/tanquem-el-2024-fent-lamic-invisible\/\" title=\"Read TANQUEM EL 2024 FENT L\u2019AMIC INVISIBLE\">Llegeix m\u00e9s\u00bb<\/a><\/p>\n","protected":false},"author":7,"featured_media":5061,"comment_status":"closed","ping_status":"closed","sticky":false,"template":"","format":"standard","meta":{"_bbp_topic_count":0,"_bbp_reply_count":0,"_bbp_total_topic_count":0,"_bbp_total_reply_count":0,"_bbp_voice_count":0,"_bbp_anonymous_reply_count":0,"_bbp_topic_count_hidden":0,"_bbp_reply_count_hidden":0,"_bbp_forum_subforum_count":0,"footnotes":""},"categories":[4,29],"tags":[],"class_list":["post-5041","post","type-post","status-publish","format-standard","has-post-thumbnail","hentry","category-eso-1","category-portada"],"post_mailing_queue_ids":[],"_links":{"self":[{"href":"https:\/\/agora.xtec.cat\/ies-castelldelquer-prats\/wp-json\/wp\/v2\/posts\/5041","targetHints":{"allow":["GET"]}}],"collection":[{"href":"https:\/\/agora.xtec.cat\/ies-castelldelquer-prats\/wp-json\/wp\/v2\/posts"}],"about":[{"href":"https:\/\/agora.xtec.cat\/ies-castelldelquer-prats\/wp-json\/wp\/v2\/types\/post"}],"author":[{"embeddable":true,"href":"https:\/\/agora.xtec.cat\/ies-castelldelquer-prats\/wp-json\/wp\/v2\/users\/7"}],"replies":[{"embeddable":true,"href":"https:\/\/agora.xtec.cat\/ies-castelldelquer-prats\/wp-json\/wp\/v2\/comments?post=5041"}],"version-history":[{"count":1,"href":"https:\/\/agora.xtec.cat\/ies-castelldelquer-prats\/wp-json\/wp\/v2\/posts\/5041\/revisions"}],"predecessor-version":[{"id":5043,"href":"https:\/\/agora.xtec.cat\/ies-castelldelquer-prats\/wp-json\/wp\/v2\/posts\/5041\/revisions\/5043"}],"wp:featuredmedia":[{"embeddable":true,"href":"https:\/\/agora.xtec.cat\/ies-castelldelquer-prats\/wp-json\/wp\/v2\/media\/5061"}],"wp:attachment":[{"href":"https:\/\/agora.xtec.cat\/ies-castelldelquer-prats\/wp-json\/wp\/v2\/media?parent=5041"}],"wp:term":[{"taxonomy":"category","embeddable":true,"href":"https:\/\/agora.xtec.cat\/ies-castelldelquer-prats\/wp-json\/wp\/v2\/categories?post=5041"},{"taxonomy":"post_tag","embeddable":true,"href":"https:\/\/agora.xtec.cat\/ies-castelldelquer-prats\/wp-json\/wp\/v2\/tags?post=5041"}],"curies":[{"name":"wp","href":"https:\/\/api.w.org\/{rel}","templated":true}]}}