{"id":5008,"date":"2024-12-02T11:24:16","date_gmt":"2024-12-02T10:24:16","guid":{"rendered":"https:\/\/agora.xtec.cat\/ies-castelldelquer-prats\/?p=5008"},"modified":"2024-12-02T11:24:16","modified_gmt":"2024-12-02T10:24:16","slug":"com-ha-celebrat-linstitut-el-25-de-novembre","status":"publish","type":"post","link":"https:\/\/agora.xtec.cat\/ies-castelldelquer-prats\/general\/com-ha-celebrat-linstitut-el-25-de-novembre\/","title":{"rendered":"COM HA CELEBRAT L\u2019INSTITUT EL 25 DE NOVEMBRE?"},"content":{"rendered":"<p><b><i>Redacci\u00f3: Aina Bruch i Jordi Coromina<\/i><\/b><\/p>\n<p><span style=\"font-weight: 400\">El dia 25 de novembre \u00e9s el dia contra la VIOL\u00c8NCIA MASCLISTA, un fet que malauradament, ha afectat i encara ara, afecta a moltes joves dels nostres municipis.<\/span><\/p>\n<p><span style=\"font-weight: 400\">Des de l\u2019institut hem assistit i organitzat diverses activitats per portar a con\u00e8ixer aquest gran conflicte, tan important de posar-hi fi.<\/span><\/p>\n<p><span style=\"font-weight: 400\">Primer de tot, dilluns a les 9 del mat\u00ed ens v\u00e0rem trobar davant de l\u2019ajuntament de Prats de Llu\u00e7an\u00e8s per escoltar i participar en un manifest, fet pel consell d\u2019infants i l\u2019ajuntament, on alguns alumnes van poder llegir-ho davant de tot l\u2019institut i les escoles del poble.<\/span><\/p>\n<p><span style=\"font-weight: 400\">En aquest text ens hem pogut assabentar de la quantitat de dones que han patit aquest fet, els tipus de viol\u00e8ncia que existeixen (ja que no nom\u00e9s l&#8217;agressi\u00f3 o la violaci\u00f3 \u00e9s viol\u00e8ncia), i els llocs on s\u2019han patit.<\/span><\/p>\n<p><span style=\"font-weight: 400\">Seguidament, des de la comissi\u00f3 de conviv\u00e8ncia, s\u2019ha organitzat un \u201cjoc\u201d. S\u2019ha elaborat un cartell d\u2019un iceberg. Aquest, t\u2019ajuda a saber la quantitat de viol\u00e8ncies masclistes que hi ha\u00a0 ja que a vegades ens costa molt d\u2019identificar-les perqu\u00e8 no totes les veiem a simple vista. Ens vam ajudar d\u2019uns cartells amb frases m\u00e9s \u201ct\u00edpiques\u201d com: \u201cLes dones no poden ser futbolistes\u201d o \u201cneteja-ho tu, que ets dona\u201d. Despr\u00e9s, a l\u2019hora de tutoria parlarem sobre aquestes frases i farem un q\u00fcestionari.<\/span><\/p>\n<p><span style=\"font-weight: 400\">Treballant-ho des de situacions m\u00e9s quotidianes, podem arribar a canviar-les, ja que a vegades no ens hi parem a pensar, per\u00f2 aix\u00f2, tamb\u00e9 \u00e9s viol\u00e8ncia.<\/span><\/p>\n","protected":false},"excerpt":{"rendered":"<p>Redacci\u00f3: Aina Bruch i Jordi Coromina<br \/>\nEl dia 25 de novembre \u00e9s el dia contra la VIOL\u00c8NCIA MASCLISTA, un fet que malauradament, ha afectat i encara ara, afecta a moltes joves dels nostres municipis.<br \/>\nDes de l\u2019institut hem assistit i organitzat diverses activitats per portar a con\u00e8ixer&hellip;  <a href=\"https:\/\/agora.xtec.cat\/ies-castelldelquer-prats\/general\/com-ha-celebrat-linstitut-el-25-de-novembre\/\" title=\"Read COM HA CELEBRAT L\u2019INSTITUT EL 25 DE NOVEMBRE?\">Llegeix m\u00e9s\u00bb<\/a><\/p>\n","protected":false},"author":7,"featured_media":0,"comment_status":"closed","ping_status":"closed","sticky":false,"template":"","format":"standard","meta":{"_bbp_topic_count":0,"_bbp_reply_count":0,"_bbp_total_topic_count":0,"_bbp_total_reply_count":0,"_bbp_voice_count":0,"_bbp_anonymous_reply_count":0,"_bbp_topic_count_hidden":0,"_bbp_reply_count_hidden":0,"_bbp_forum_subforum_count":0,"footnotes":""},"categories":[1,29],"tags":[],"class_list":["post-5008","post","type-post","status-publish","format-standard","hentry","category-general","category-portada"],"post_mailing_queue_ids":[],"_links":{"self":[{"href":"https:\/\/agora.xtec.cat\/ies-castelldelquer-prats\/wp-json\/wp\/v2\/posts\/5008","targetHints":{"allow":["GET"]}}],"collection":[{"href":"https:\/\/agora.xtec.cat\/ies-castelldelquer-prats\/wp-json\/wp\/v2\/posts"}],"about":[{"href":"https:\/\/agora.xtec.cat\/ies-castelldelquer-prats\/wp-json\/wp\/v2\/types\/post"}],"author":[{"embeddable":true,"href":"https:\/\/agora.xtec.cat\/ies-castelldelquer-prats\/wp-json\/wp\/v2\/users\/7"}],"replies":[{"embeddable":true,"href":"https:\/\/agora.xtec.cat\/ies-castelldelquer-prats\/wp-json\/wp\/v2\/comments?post=5008"}],"version-history":[{"count":1,"href":"https:\/\/agora.xtec.cat\/ies-castelldelquer-prats\/wp-json\/wp\/v2\/posts\/5008\/revisions"}],"predecessor-version":[{"id":5009,"href":"https:\/\/agora.xtec.cat\/ies-castelldelquer-prats\/wp-json\/wp\/v2\/posts\/5008\/revisions\/5009"}],"wp:attachment":[{"href":"https:\/\/agora.xtec.cat\/ies-castelldelquer-prats\/wp-json\/wp\/v2\/media?parent=5008"}],"wp:term":[{"taxonomy":"category","embeddable":true,"href":"https:\/\/agora.xtec.cat\/ies-castelldelquer-prats\/wp-json\/wp\/v2\/categories?post=5008"},{"taxonomy":"post_tag","embeddable":true,"href":"https:\/\/agora.xtec.cat\/ies-castelldelquer-prats\/wp-json\/wp\/v2\/tags?post=5008"}],"curies":[{"name":"wp","href":"https:\/\/api.w.org\/{rel}","templated":true}]}}