{"id":4981,"date":"2024-11-18T09:17:30","date_gmt":"2024-11-18T08:17:30","guid":{"rendered":"https:\/\/agora.xtec.cat\/ies-castelldelquer-prats\/?p=4981"},"modified":"2024-11-18T09:17:30","modified_gmt":"2024-11-18T08:17:30","slug":"arriba-el-joc-de-clown-a-2n-eso","status":"publish","type":"post","link":"https:\/\/agora.xtec.cat\/ies-castelldelquer-prats\/eso\/eso-2\/arriba-el-joc-de-clown-a-2n-eso\/","title":{"rendered":"ARRIBA EL JOC DE CLOWN A 2N ESO"},"content":{"rendered":"<p><b>Redacci\u00f3: C.Cruells, J.Ferrer, A.Gorchs, C.Grifell, O.Herrera, M.Mu\u00f1oz, J.Rico, Q.Sa\u00f1as<\/b><\/p>\n<p><span style=\"font-weight: 400\">Els alumnes de 2n d\u2019ESO durant aquesta setmana han fet el joc de clown, dirigit per en Ra\u00fcl.<\/span><\/p>\n<p><span style=\"font-weight: 400\">Per comen\u00e7ar la sessi\u00f3 en Ra\u00fcl els va fer una introducci\u00f3, on els va explicar quantes sessions farien al llarg del trimestre.<\/span><\/p>\n<p><span style=\"font-weight: 400\">La primera activitat que van fer va ser una de caminar per la sala, sense mirar, ni tocar a ning\u00fa.<\/span><\/p>\n<p><span style=\"font-weight: 400\">La seg\u00fcent va ser caminar per la sala, i quan parava la m\u00fasica havien de mirar-se fixament amb una altra persona.\u00a0<\/span><\/p>\n<p><span style=\"font-weight: 400\">La pen\u00faltima activitat va consistir en que tothom tancava els ulls i una persona passava entremig d\u2019elles i havien de saber quan passava pel costat seu.\u00a0<\/span><\/p>\n<p><span style=\"font-weight: 400\">Per acabar, van fer una posada en com\u00fa, en qu\u00e8 havien d\u2019esmentar una paraula que defin\u00eds la sessi\u00f3.\u00a0<\/span><\/p>\n<p><span style=\"font-weight: 400\">Els alumnes valoren aquesta activitat molt positivament, ja que han millorat la cohesi\u00f3 de grup.<\/span><\/p>\n","protected":false},"excerpt":{"rendered":"<p>Redacci\u00f3: C.Cruells, J.Ferrer, A.Gorchs, C.Grifell, O.Herrera, M.Mu\u00f1oz, J.Rico, Q.Sa\u00f1as<br \/>\nEls alumnes de 2n d\u2019ESO durant aquesta setmana han fet el joc de clown, dirigit per en Ra\u00fcl.<br \/>\nPer comen\u00e7ar la sessi\u00f3 en Ra\u00fcl els va fer una introducci\u00f3, on els va explicar quantes sessions farien al llarg&hellip;  <a href=\"https:\/\/agora.xtec.cat\/ies-castelldelquer-prats\/eso\/eso-2\/arriba-el-joc-de-clown-a-2n-eso\/\" title=\"Read ARRIBA EL JOC DE CLOWN A 2N ESO\">Llegeix m\u00e9s\u00bb<\/a><\/p>\n","protected":false},"author":7,"featured_media":0,"comment_status":"closed","ping_status":"closed","sticky":false,"template":"","format":"standard","meta":{"_bbp_topic_count":0,"_bbp_reply_count":0,"_bbp_total_topic_count":0,"_bbp_total_reply_count":0,"_bbp_voice_count":0,"_bbp_anonymous_reply_count":0,"_bbp_topic_count_hidden":0,"_bbp_reply_count_hidden":0,"_bbp_forum_subforum_count":0,"footnotes":""},"categories":[5,14,15,16,29],"tags":[],"class_list":["post-4981","post","type-post","status-publish","format-standard","hentry","category-eso-2","category-eso-2a","category-eso-2b","category-eso-2c","category-portada"],"post_mailing_queue_ids":[],"_links":{"self":[{"href":"https:\/\/agora.xtec.cat\/ies-castelldelquer-prats\/wp-json\/wp\/v2\/posts\/4981","targetHints":{"allow":["GET"]}}],"collection":[{"href":"https:\/\/agora.xtec.cat\/ies-castelldelquer-prats\/wp-json\/wp\/v2\/posts"}],"about":[{"href":"https:\/\/agora.xtec.cat\/ies-castelldelquer-prats\/wp-json\/wp\/v2\/types\/post"}],"author":[{"embeddable":true,"href":"https:\/\/agora.xtec.cat\/ies-castelldelquer-prats\/wp-json\/wp\/v2\/users\/7"}],"replies":[{"embeddable":true,"href":"https:\/\/agora.xtec.cat\/ies-castelldelquer-prats\/wp-json\/wp\/v2\/comments?post=4981"}],"version-history":[{"count":1,"href":"https:\/\/agora.xtec.cat\/ies-castelldelquer-prats\/wp-json\/wp\/v2\/posts\/4981\/revisions"}],"predecessor-version":[{"id":4982,"href":"https:\/\/agora.xtec.cat\/ies-castelldelquer-prats\/wp-json\/wp\/v2\/posts\/4981\/revisions\/4982"}],"wp:attachment":[{"href":"https:\/\/agora.xtec.cat\/ies-castelldelquer-prats\/wp-json\/wp\/v2\/media?parent=4981"}],"wp:term":[{"taxonomy":"category","embeddable":true,"href":"https:\/\/agora.xtec.cat\/ies-castelldelquer-prats\/wp-json\/wp\/v2\/categories?post=4981"},{"taxonomy":"post_tag","embeddable":true,"href":"https:\/\/agora.xtec.cat\/ies-castelldelquer-prats\/wp-json\/wp\/v2\/tags?post=4981"}],"curies":[{"name":"wp","href":"https:\/\/api.w.org\/{rel}","templated":true}]}}