{"id":4956,"date":"2024-11-07T14:32:31","date_gmt":"2024-11-07T13:32:31","guid":{"rendered":"https:\/\/agora.xtec.cat\/ies-castelldelquer-prats\/?p=4956"},"modified":"2024-11-08T21:06:02","modified_gmt":"2024-11-08T20:06:02","slug":"com-celebren-la-tardor-els-alumnes-de-linstitut","status":"publish","type":"post","link":"https:\/\/agora.xtec.cat\/ies-castelldelquer-prats\/general\/com-celebren-la-tardor-els-alumnes-de-linstitut\/","title":{"rendered":"COM CELEBREN LA TARDOR ELS ALUMNES DE L\u2019INSTITUT?"},"content":{"rendered":"<p><b><i>Autors: A. Arroyo, D. Barniol, B. Cirera, J. Rico, G. Sucarrat<\/i><\/b><\/p>\n<p><span style=\"font-weight: 400\">Tot i que la tardor ja ha comen\u00e7at i la temporada de celebracions com la castanyada i el Halloween ja han passat, \u00e9s el moment perfecte per demanar qu\u00e8 celebren els alumnes de l\u2019institut i de quina manera ho fan.\u00a0<\/span><\/p>\n<p><span style=\"font-weight: 400\">Gr\u00e0cies a una enquesta que van respondre m\u00e9s de 200 alumnes de tots els cursos, hem pogut veure les activitats que fan per festejar la tardor. La majoria d\u2019estudiants celebren tant la castanyada com el Halloween. Com \u00e9s tradici\u00f3, els alumnes mengen castanyes i panellets per aquestes festes i la majoria ho fan acompanyats de familiars. A m\u00e9s a m\u00e9s, alguns surten al carrer amb disfresses i demanar llaminadures o simplement passar l\u2019estona amb els amics. Cal destacar que alguns alumnes tamb\u00e9 participen en la fira de les Bruixes de Sant Feliu. Molts dels alumnes gaudeixen de la castanyada i creuen que haur\u00edem de fer alguna activitat a l\u2019institut relacionada amb la celebraci\u00f3, per exemple, menjar castanyes tots junts, un taller per fer panellets\u2026\u00a0<\/span><\/p>\n<p><span style=\"font-weight: 400\">Malgrat ser una festa que tots i totes celebrem, gaireb\u00e9 ning\u00fa no sap quins s\u00f3n els seus or\u00edgens. Al principi, la castanyada era una festivitat relacionada amb el dia de Tots Sants. Durant aquestes dates, les fam\u00edlies es reunien per recordar els difunts i feien un banquet per honrar-los. La nit de Tots Sants, era tradici\u00f3 que els campaners toquessin les campanes i es diu que la feina era pesada, i per aix\u00f2 despr\u00e9s de fer sonar les campanes reposaven i agafaven forces menjant castanyes i bevent una mica de vi.<\/span><\/p>\n<p><span style=\"font-weight: 400\">Ara que ja sabeu d\u2019on ve la castanyada i com veuen aquesta festivitat molts dels alumnes de l\u2019institut, nom\u00e9s ens queda dir que acabeu de passar una bona tardor!<\/span><\/p>\n<p><a href=\"https:\/\/agora.xtec.cat\/ies-castelldelquer-prats\/wp-content\/uploads\/usu2163\/2024\/11\/casatanyada.jpg\"><img loading=\"lazy\" decoding=\"async\" class=\"wp-image-4957 aligncenter\" src=\"https:\/\/agora.xtec.cat\/ies-castelldelquer-prats\/wp-content\/uploads\/usu2163\/2024\/11\/casatanyada.jpg\" alt=\"\" width=\"631\" height=\"419\" srcset=\"https:\/\/agora.xtec.cat\/ies-castelldelquer-prats\/wp-content\/uploads\/usu2163\/2024\/11\/casatanyada.jpg 858w, https:\/\/agora.xtec.cat\/ies-castelldelquer-prats\/wp-content\/uploads\/usu2163\/2024\/11\/casatanyada-300x199.jpg 300w, https:\/\/agora.xtec.cat\/ies-castelldelquer-prats\/wp-content\/uploads\/usu2163\/2024\/11\/casatanyada-768x510.jpg 768w\" sizes=\"auto, (max-width: 631px) 100vw, 631px\" \/><\/a><\/p>\n","protected":false},"excerpt":{"rendered":"<p>Autors: A. Arroyo, D. Barniol, B. Cirera, J. Rico, G. Sucarrat<br \/>\nTot i que la tardor ja ha comen\u00e7at i la temporada de celebracions com la castanyada i el Halloween ja han passat, \u00e9s el moment perfecte per demanar qu\u00e8 celebren els alumnes de l\u2019institut i&hellip;  <a href=\"https:\/\/agora.xtec.cat\/ies-castelldelquer-prats\/general\/com-celebren-la-tardor-els-alumnes-de-linstitut\/\" title=\"Read COM CELEBREN LA TARDOR ELS ALUMNES DE L\u2019INSTITUT?\">Llegeix m\u00e9s\u00bb<\/a><\/p>\n","protected":false},"author":7,"featured_media":4957,"comment_status":"closed","ping_status":"closed","sticky":false,"template":"","format":"standard","meta":{"_bbp_topic_count":0,"_bbp_reply_count":0,"_bbp_total_topic_count":0,"_bbp_total_reply_count":0,"_bbp_voice_count":0,"_bbp_anonymous_reply_count":0,"_bbp_topic_count_hidden":0,"_bbp_reply_count_hidden":0,"_bbp_forum_subforum_count":0,"footnotes":""},"categories":[1,201,203,29],"tags":[],"class_list":["post-4956","post","type-post","status-publish","format-standard","has-post-thumbnail","hentry","category-general","category-joves-reporters","category-la-finestra","category-portada"],"post_mailing_queue_ids":[],"_links":{"self":[{"href":"https:\/\/agora.xtec.cat\/ies-castelldelquer-prats\/wp-json\/wp\/v2\/posts\/4956","targetHints":{"allow":["GET"]}}],"collection":[{"href":"https:\/\/agora.xtec.cat\/ies-castelldelquer-prats\/wp-json\/wp\/v2\/posts"}],"about":[{"href":"https:\/\/agora.xtec.cat\/ies-castelldelquer-prats\/wp-json\/wp\/v2\/types\/post"}],"author":[{"embeddable":true,"href":"https:\/\/agora.xtec.cat\/ies-castelldelquer-prats\/wp-json\/wp\/v2\/users\/7"}],"replies":[{"embeddable":true,"href":"https:\/\/agora.xtec.cat\/ies-castelldelquer-prats\/wp-json\/wp\/v2\/comments?post=4956"}],"version-history":[{"count":1,"href":"https:\/\/agora.xtec.cat\/ies-castelldelquer-prats\/wp-json\/wp\/v2\/posts\/4956\/revisions"}],"predecessor-version":[{"id":4958,"href":"https:\/\/agora.xtec.cat\/ies-castelldelquer-prats\/wp-json\/wp\/v2\/posts\/4956\/revisions\/4958"}],"wp:featuredmedia":[{"embeddable":true,"href":"https:\/\/agora.xtec.cat\/ies-castelldelquer-prats\/wp-json\/wp\/v2\/media\/4957"}],"wp:attachment":[{"href":"https:\/\/agora.xtec.cat\/ies-castelldelquer-prats\/wp-json\/wp\/v2\/media?parent=4956"}],"wp:term":[{"taxonomy":"category","embeddable":true,"href":"https:\/\/agora.xtec.cat\/ies-castelldelquer-prats\/wp-json\/wp\/v2\/categories?post=4956"},{"taxonomy":"post_tag","embeddable":true,"href":"https:\/\/agora.xtec.cat\/ies-castelldelquer-prats\/wp-json\/wp\/v2\/tags?post=4956"}],"curies":[{"name":"wp","href":"https:\/\/api.w.org\/{rel}","templated":true}]}}