{"id":4895,"date":"2024-10-21T11:42:33","date_gmt":"2024-10-21T09:42:33","guid":{"rendered":"https:\/\/agora.xtec.cat\/ies-castelldelquer-prats\/?p=4895"},"modified":"2024-11-08T21:09:25","modified_gmt":"2024-11-08T20:09:25","slug":"fira-de-les-bruixes-a-sant-feliu-sasserra","status":"publish","type":"post","link":"https:\/\/agora.xtec.cat\/ies-castelldelquer-prats\/general\/fira-de-les-bruixes-a-sant-feliu-sasserra\/","title":{"rendered":"FIRA DE LES BRUIXES A SANT FELIU SASSERRA"},"content":{"rendered":"<p style=\"text-align: justify\"><span style=\"font-weight: 400\"><a href=\"https:\/\/agora.xtec.cat\/ies-castelldelquer-prats\/wp-content\/uploads\/usu2163\/2024\/10\/1729503514175.jpg\"><img loading=\"lazy\" decoding=\"async\" class=\"wp-image-4896 aligncenter\" src=\"https:\/\/agora.xtec.cat\/ies-castelldelquer-prats\/wp-content\/uploads\/usu2163\/2024\/10\/1729503514175-812x1024.jpg\" alt=\"\" width=\"346\" height=\"437\" srcset=\"https:\/\/agora.xtec.cat\/ies-castelldelquer-prats\/wp-content\/uploads\/usu2163\/2024\/10\/1729503514175-812x1024.jpg 812w, https:\/\/agora.xtec.cat\/ies-castelldelquer-prats\/wp-content\/uploads\/usu2163\/2024\/10\/1729503514175-238x300.jpg 238w, https:\/\/agora.xtec.cat\/ies-castelldelquer-prats\/wp-content\/uploads\/usu2163\/2024\/10\/1729503514175-768x968.jpg 768w, https:\/\/agora.xtec.cat\/ies-castelldelquer-prats\/wp-content\/uploads\/usu2163\/2024\/10\/1729503514175.jpg 1070w\" sizes=\"auto, (max-width: 346px) 100vw, 346px\" \/><\/a><\/span><\/p>\n<p><span style=\"font-weight: 400\">Judit Casals i Mariona Torras<\/span><\/p>\n<p style=\"text-align: justify\"><span style=\"font-weight: 400\">Com cada any, a Sant Feliu Sasserra, es celebra la Fira de les Bruixes. Durant aquests dies\u00a0 el poble es converteix en un escenari m\u00e0gic amb diferents actuacions, que a part de promoure, dona veu a les diferents llegendes al voltant de les bruixes. Aquesta fira tamb\u00e9 dona la benvinguda a milers persones d\u2019arreu de Catalunya que s\u2019arriben a Sant Feliu Sasserra a gaudir d\u2019aquesta festa i a enriquir-se amb la cultura local, l&#8217;artesania i la comunitat.<\/span><\/p>\n<p style=\"text-align: justify\"><span style=\"font-weight: 400\">Enguany, la fira celebra els seus 25 anys i per aquest motiu, <\/span><span style=\"font-weight: 400\">a part dels actes que estan lligats tradicionalment a la festa, tamb\u00e9 se&#8217;n celebren altres per commemorar aquesta data assenyalada.\u00a0<\/span><\/p>\n<p style=\"text-align: justify\"><span style=\"font-weight: 400\">Aix\u00ed doncs, com ja es tradici\u00f3 el dia 31 d\u2019octubre es representa un espectacle titulat \u00c8ter(n) que va ser creat i est\u00e0 dirigit per l&#8217;associaci\u00f3 cultural de Q-Fois, per\u00f2 la gent del poble tamb\u00e9 hi participa de diferents maneres. Al vespre tamb\u00e9 hi ha concert familiar.\u00a0<\/span><\/p>\n<p style=\"text-align: justify\"><span style=\"font-weight: 400\">El dia 1 de novembre es realitzen diferents actes durant el mat\u00ed. Alguns d\u2019aquests son: cercaviles, espellofadores, taverna i balls, tamb\u00e9 hi han espais i exposicions inspirats en les bruixes que habitaven al poble. A la tarda es tornen a realitzar els mateixos actes, per\u00f2 aquest cop tamb\u00e9 s\u2019hi afegeixen les remeieres, el poder del poble, diferents balls, la captura, el judici i la forca.<\/span><\/p>\n<p style=\"text-align: justify\"><span style=\"font-weight: 400\">Finalment, el dia 2 de novembre es realitzar\u00e0 un acte institucional i la inauguraci\u00f3 de l&#8217;est\u00e0tua commemorativa per celebrar els 25 anys de la fira. Seguidament es far\u00e0 la interpretaci\u00f3 dels balls Sardana i Samaniat amb el concert de Marcel Casellas, el creador de la m\u00fasica d\u2019aquests balls. Tamb\u00e9 es far\u00e0 un sopar popular amb un joc de la Fira especial 25 anys.<\/span><\/p>\n<p style=\"text-align: justify\"><span style=\"font-weight: 400\">Per acabar, cal ressaltar que diferents alumnes d\u2019aquest centre participen des de fa anys en les representacions i balls realitzats durant la fira.\u00a0<\/span><\/p>\n","protected":false},"excerpt":{"rendered":"<p><a href=\"https:\/\/agora.xtec.cat\/ies-castelldelquer-prats\/wp-content\/uploads\/usu2163\/2024\/10\/1729503514175.jpg\"><\/a><br \/>\nJudit Casals i Mariona Torras<br \/>\nCom cada any, a Sant Feliu Sasserra, es celebra la Fira de les Bruixes. Durant aquests dies\u00a0 el poble es converteix en un escenari m\u00e0gic amb diferents actuacions, que a part de promoure, dona veu a les diferents llegendes al&hellip;  <a href=\"https:\/\/agora.xtec.cat\/ies-castelldelquer-prats\/general\/fira-de-les-bruixes-a-sant-feliu-sasserra\/\" title=\"Read FIRA DE LES BRUIXES A SANT FELIU SASSERRA\">Llegeix m\u00e9s\u00bb<\/a><\/p>\n","protected":false},"author":7,"featured_media":4896,"comment_status":"closed","ping_status":"closed","sticky":false,"template":"","format":"standard","meta":{"_bbp_topic_count":0,"_bbp_reply_count":0,"_bbp_total_topic_count":0,"_bbp_total_reply_count":0,"_bbp_voice_count":0,"_bbp_anonymous_reply_count":0,"_bbp_topic_count_hidden":0,"_bbp_reply_count_hidden":0,"_bbp_forum_subforum_count":0,"footnotes":""},"categories":[1,201,203,29],"tags":[],"class_list":["post-4895","post","type-post","status-publish","format-standard","has-post-thumbnail","hentry","category-general","category-joves-reporters","category-la-finestra","category-portada"],"post_mailing_queue_ids":[],"_links":{"self":[{"href":"https:\/\/agora.xtec.cat\/ies-castelldelquer-prats\/wp-json\/wp\/v2\/posts\/4895","targetHints":{"allow":["GET"]}}],"collection":[{"href":"https:\/\/agora.xtec.cat\/ies-castelldelquer-prats\/wp-json\/wp\/v2\/posts"}],"about":[{"href":"https:\/\/agora.xtec.cat\/ies-castelldelquer-prats\/wp-json\/wp\/v2\/types\/post"}],"author":[{"embeddable":true,"href":"https:\/\/agora.xtec.cat\/ies-castelldelquer-prats\/wp-json\/wp\/v2\/users\/7"}],"replies":[{"embeddable":true,"href":"https:\/\/agora.xtec.cat\/ies-castelldelquer-prats\/wp-json\/wp\/v2\/comments?post=4895"}],"version-history":[{"count":1,"href":"https:\/\/agora.xtec.cat\/ies-castelldelquer-prats\/wp-json\/wp\/v2\/posts\/4895\/revisions"}],"predecessor-version":[{"id":4897,"href":"https:\/\/agora.xtec.cat\/ies-castelldelquer-prats\/wp-json\/wp\/v2\/posts\/4895\/revisions\/4897"}],"wp:featuredmedia":[{"embeddable":true,"href":"https:\/\/agora.xtec.cat\/ies-castelldelquer-prats\/wp-json\/wp\/v2\/media\/4896"}],"wp:attachment":[{"href":"https:\/\/agora.xtec.cat\/ies-castelldelquer-prats\/wp-json\/wp\/v2\/media?parent=4895"}],"wp:term":[{"taxonomy":"category","embeddable":true,"href":"https:\/\/agora.xtec.cat\/ies-castelldelquer-prats\/wp-json\/wp\/v2\/categories?post=4895"},{"taxonomy":"post_tag","embeddable":true,"href":"https:\/\/agora.xtec.cat\/ies-castelldelquer-prats\/wp-json\/wp\/v2\/tags?post=4895"}],"curies":[{"name":"wp","href":"https:\/\/api.w.org\/{rel}","templated":true}]}}