{"id":4885,"date":"2024-10-17T14:41:49","date_gmt":"2024-10-17T12:41:49","guid":{"rendered":"https:\/\/agora.xtec.cat\/ies-castelldelquer-prats\/?p=4885"},"modified":"2024-10-17T14:41:49","modified_gmt":"2024-10-17T12:41:49","slug":"com-valoren-els-alumnes-el-punt-lila","status":"publish","type":"post","link":"https:\/\/agora.xtec.cat\/ies-castelldelquer-prats\/general\/com-valoren-els-alumnes-el-punt-lila\/","title":{"rendered":"COM VALOREN ELS ALUMNES EL PUNT LILA"},"content":{"rendered":"<p><span style=\"font-weight: 400\">Queralt Aranda, Bruna Cruells i Ona Torrent<\/span><\/p>\n<p><span style=\"font-weight: 400\">Tal com vam anunciar, ha comen\u00e7at el nou projecte del punt lila al pati de l\u2019Institut. El projecte, que inclou activitats com el parx\u00eds i la ruleta per incentivar la participaci\u00f3, t\u00e9 com a objectiu oferir informaci\u00f3 i sensibilitzar sobre q\u00fcestions relacionades amb el cos, la salut i el benestar emocional.<\/span><\/p>\n<p><span style=\"font-weight: 400\">Segons els estudiants, hi ha una \u00e0mplia varietat d\u2019opinions sobre aquesta iniciativa, destinada a promoure la salut i el benestar entre els joves. La majoria dels alumnes consideren que la iniciativa \u00e9s interessant i \u00fatil, especialment per aquells que poden tenir dubtes sobre el seu cos o necessiten informaci\u00f3 relacionada amb la seva salut. Alguns destaquen que la idea d\u2019oferir un espai segur i dedicat a tractar aquests temes \u00e9s positiva, ja que proporciona recursos que, sovint, no es troben f\u00e0cilment a altres llocs de l\u2019escola. Tanmateix, alguns comenten que no han pogut participar activament en les activitats proposades, com ara els jocs de parx\u00eds o la ruleta, ja que durant els patis preferien esmorzar tranquils.<\/span><\/p>\n<p><span style=\"font-weight: 400\">Pel que fa a la durada del projecte, les opinions estan dividides. Molts estudiants\u00a0 manifesten que el projecte no hauria de durar gaire m\u00e9s temps, ja que perceben un inter\u00e8s limitat entre els seus companys. Alguns expressen que si dur\u00e9s gaire\u00a0 al final s\u2019acabaria fent pesat. No obstant aix\u00f2, altres van considerar que els dies previstos per a l&#8217;activitat eren adequats i que la continu\u00eftat del punt lila podria ser beneficiosa per mantenir viva la sensibilitzaci\u00f3 sobre aquests temes.<\/span><\/p>\n<p><span style=\"font-weight: 400\">Quant a l\u2019inter\u00e8s per la informaci\u00f3 que s\u2019ofereix, \u00e9s molt important per a aquells que la requereixen. En aquest sentit, el projecte aporta un valor afegit, especialment per als estudiants que tenen m\u00e9s inquietuds sobre la salut f\u00edsica i emocional.<\/span><\/p>\n<p><span style=\"font-weight: 400\">Un del suggeriments m\u00e9s destacats ha estat la necessitat d\u2019incloure m\u00e9s jocs i activitats din\u00e0miques, que podrien atraure un p\u00fablic m\u00e9s ampli. Tamb\u00e9 es va comentar que seria interessant que el projecte fos m\u00e9s rellevant en temes per a nois i noies, per tal de crear un espai m\u00e9s equilibrat i participatiu per a tothom.<\/span><\/p>\n","protected":false},"excerpt":{"rendered":"<p>Queralt Aranda, Bruna Cruells i Ona Torrent<br \/>\nTal com vam anunciar, ha comen\u00e7at el nou projecte del punt lila al pati de l\u2019Institut. El projecte, que inclou activitats com el parx\u00eds i la ruleta per incentivar la participaci\u00f3, t\u00e9 com a objectiu oferir informaci\u00f3 i sensibilitzar&hellip;  <a href=\"https:\/\/agora.xtec.cat\/ies-castelldelquer-prats\/general\/com-valoren-els-alumnes-el-punt-lila\/\" title=\"Read COM VALOREN ELS ALUMNES EL PUNT LILA\">Llegeix m\u00e9s\u00bb<\/a><\/p>\n","protected":false},"author":7,"featured_media":0,"comment_status":"closed","ping_status":"closed","sticky":false,"template":"","format":"standard","meta":{"_bbp_topic_count":0,"_bbp_reply_count":0,"_bbp_total_topic_count":0,"_bbp_total_reply_count":0,"_bbp_voice_count":0,"_bbp_anonymous_reply_count":0,"_bbp_topic_count_hidden":0,"_bbp_reply_count_hidden":0,"_bbp_forum_subforum_count":0,"footnotes":""},"categories":[128,1,29],"tags":[],"class_list":["post-4885","post","type-post","status-publish","format-standard","hentry","category-comunicats_i_circulars","category-general","category-portada"],"post_mailing_queue_ids":[],"_links":{"self":[{"href":"https:\/\/agora.xtec.cat\/ies-castelldelquer-prats\/wp-json\/wp\/v2\/posts\/4885","targetHints":{"allow":["GET"]}}],"collection":[{"href":"https:\/\/agora.xtec.cat\/ies-castelldelquer-prats\/wp-json\/wp\/v2\/posts"}],"about":[{"href":"https:\/\/agora.xtec.cat\/ies-castelldelquer-prats\/wp-json\/wp\/v2\/types\/post"}],"author":[{"embeddable":true,"href":"https:\/\/agora.xtec.cat\/ies-castelldelquer-prats\/wp-json\/wp\/v2\/users\/7"}],"replies":[{"embeddable":true,"href":"https:\/\/agora.xtec.cat\/ies-castelldelquer-prats\/wp-json\/wp\/v2\/comments?post=4885"}],"version-history":[{"count":1,"href":"https:\/\/agora.xtec.cat\/ies-castelldelquer-prats\/wp-json\/wp\/v2\/posts\/4885\/revisions"}],"predecessor-version":[{"id":4887,"href":"https:\/\/agora.xtec.cat\/ies-castelldelquer-prats\/wp-json\/wp\/v2\/posts\/4885\/revisions\/4887"}],"wp:attachment":[{"href":"https:\/\/agora.xtec.cat\/ies-castelldelquer-prats\/wp-json\/wp\/v2\/media?parent=4885"}],"wp:term":[{"taxonomy":"category","embeddable":true,"href":"https:\/\/agora.xtec.cat\/ies-castelldelquer-prats\/wp-json\/wp\/v2\/categories?post=4885"},{"taxonomy":"post_tag","embeddable":true,"href":"https:\/\/agora.xtec.cat\/ies-castelldelquer-prats\/wp-json\/wp\/v2\/tags?post=4885"}],"curies":[{"name":"wp","href":"https:\/\/api.w.org\/{rel}","templated":true}]}}