{"id":4881,"date":"2024-10-17T14:24:09","date_gmt":"2024-10-17T12:24:09","guid":{"rendered":"https:\/\/agora.xtec.cat\/ies-castelldelquer-prats\/?p=4881"},"modified":"2024-10-17T14:24:09","modified_gmt":"2024-10-17T12:24:09","slug":"entrevistes-als-alumnes-nous","status":"publish","type":"post","link":"https:\/\/agora.xtec.cat\/ies-castelldelquer-prats\/eso\/eso-1\/entrevistes-als-alumnes-nous\/","title":{"rendered":"ENTREVISTES ALS ALUMNES NOUS"},"content":{"rendered":"<p><span style=\"font-weight: 400\">A. Arroyo, D. Barniol, B. Cirera, J. Rico, G. Sucarrat<\/span><\/p>\n<p>&nbsp;<\/p>\n<p><span style=\"font-weight: 400\">Aquest curs 2024-2025 hi ha hagut un total de 6 alumnes nous, 3 a l\u2019ESO i 3 m\u00e9s a 1r de batxillerat. Per aquesta ra\u00f3, hem decidit entrevistar-los per saber com va ser el primer dia de curs i la seva opini\u00f3 sobre l\u2019institut. Aquestes s\u00f3n les seves respostes.<\/span><\/p>\n<p>&nbsp;<\/p>\n<p><span style=\"font-weight: 400\">AINHOA\u00a0 (2 ESO)<\/span><\/p>\n<p><b>Com va anar el vostre primer dia a l\u2019institut\/quins van ser els vostres sentiments?<\/b><\/p>\n<p><span style=\"font-weight: 400\">El meu primer dia va ser normal, em sentia molt nerviosa, per\u00f2 a l&#8217;hora estava feli\u00e7 de comen\u00e7ar.<\/span><\/p>\n<p><b>Com ha estat la vostra adaptaci\u00f3 al centre i amb els companys?<\/b><\/p>\n<p><span style=\"font-weight: 400\">La meva adaptaci\u00f3 va ser bona, ja que ja coneixia algun company de classe.<\/span><\/p>\n<p><b>Qu\u00e8 us ha semblat el professorat del centre?<\/b><\/p>\n<p><span style=\"font-weight: 400\">El professorat \u00e9s diferent. A nivell de car\u00e0cter el valoro positivament.<\/span><\/p>\n<p><b>Heu trobat algun gran canvi del centre d\u2019on ven\u00edeu?<\/b><\/p>\n<p><span style=\"font-weight: 400\">Abans a la meva classe \u00e9rem menys alumnes, els alumnes de diferents cursos no tenien tan bona relaci\u00f3 entre ells<\/span><\/p>\n<p><b>Qu\u00e8 us han semblat les instal\u00b7lacions del centre?<\/b><\/p>\n<p><span style=\"font-weight: 400\">Les instal\u00b7lacions de l\u2019insti estan prou b\u00e9<\/span><\/p>\n<p>&nbsp;<\/p>\n<p><span style=\"font-weight: 400\">VINYET (1 ESO)<\/span><\/p>\n<p><b>Com va anar el vostre primer dia a l\u2019institut\/quins van ser els vostres sentiments?<\/b><\/p>\n<p><span style=\"font-weight: 400\">El primer dia estava nerviosa, com que coneixia algun company del meu poble em vaig sentir molt millor.<\/span><\/p>\n<p><b>Com ha estat la vostra adaptaci\u00f3 al centre i amb els companys?<\/b><\/p>\n<p><span style=\"font-weight: 400\">Em vaig sentir bastant acceptada i acollida entre tots.<\/span><\/p>\n<p><b>Qu\u00e8 us ha semblat el professorat del centre?<\/b><\/p>\n<p><span style=\"font-weight: 400\">Els professors del centre s\u00f3n molt amables i si necessites qualsevol\u00a0 cosa hi s\u00f3n per ajudar-te.<\/span><\/p>\n<p><b>Heu trobat algun gran canvi del centre d\u2019on ven\u00edeu?<\/b><\/p>\n<p><span style=\"font-weight: 400\">No he trobat gaires canvis, per\u00f2 pel que he pogut observar aqu\u00ed la gent \u00e9s m\u00e9s curosa.<\/span><\/p>\n<p><b>Qu\u00e8 us han semblat les instal\u00b7lacions del centre?<\/b><\/p>\n<p><span style=\"font-weight: 400\">Les aules s\u00f3n ordenades i m\u00e9s grans que les del meu centre anterior.<\/span><\/p>\n<p>&nbsp;<\/p>\n<p><span style=\"font-weight: 400\">LEIRE (4 ESO)<\/span><\/p>\n<p><b>Com va anar el vostre primer dia a l\u2019institut\/quins van ser els vostres sentiments?<\/b><\/p>\n<p><span style=\"font-weight: 400\">Just el primer dia estava nerviosa molt, ja que no coneixia\u00a0 ning\u00fa del centre.<\/span><\/p>\n<p><b>Com ha estat la vostra adaptaci\u00f3 el centre i amb els companys?<\/b><\/p>\n<p><span style=\"font-weight: 400\">Els companys m\u2019han acollit molt b\u00e9 i el primer dia unes nenes ja em van parlar, tothom molt \u00e9s molt simp\u00e0tic.\u00a0<\/span><\/p>\n<p><b>Qu\u00e8 us ha semblat el professorat del centre?<\/b><\/p>\n<p><span style=\"font-weight: 400\">El professorat molt b\u00e9; en qualsevol cosa m\u2019han ajudat<\/span><\/p>\n<p><b>Heu trobat algun gran canvi del centre d\u2019on ven\u00edeu?<\/b><\/p>\n<p><span style=\"font-weight: 400\">A nivell acad\u00e8mic m\u2019ha semblat m\u00e9s baixet.<\/span><\/p>\n<p><b>Qu\u00e8 us han semblat les instal\u00b7lacions del centre?<\/b><\/p>\n<p><span style=\"font-weight: 400\">Les classes s\u00f3n de molt bona mida, trobo a faltar m\u00e9s escales, ja que es col\u00b7lapsen pujant del pati, entrant o sortint de l\u2019institut.<\/span><\/p>\n<p>&nbsp;<\/p>\n<p><span style=\"font-weight: 400\">PEP\u00a0 (1 BATX)<\/span><\/p>\n<p><b>Com va anar el vostre primer dia a l\u2019institut\/quins van ser els vostres sentiments?<\/b><\/p>\n<p><span style=\"font-weight: 400\">El meu primer dia molt b\u00e9 per\u00f2 em sentia una mica estrany ja que no estava acostumat a l&#8217;institut ni al professors i a sobre comen\u00e7ant el batxillerat<\/span><\/p>\n<p><b>Com ha estat la vostra adaptaci\u00f3 el centre i amb els companys?<\/b><\/p>\n<p><span style=\"font-weight: 400\">Encara m\u2019estic adaptant, per\u00f2 d\u2019una forma positiva, tot i que els companys ajuden molt<\/span><\/p>\n<p><b>Qu\u00e8 us ha semblat el professorat del centre?<\/b><\/p>\n<p><span style=\"font-weight: 400\">Hi ha alguns professors que fan una mica avorrida la mat\u00e8ria i es nota molt els deures que posen a batxillerat comparat a l\u2019ESO.<\/span><\/p>\n<p><b>Heu trobat algun gran canvi del centre d\u2019on ven\u00edeu?<\/b><\/p>\n<p><span style=\"font-weight: 400\">Molts, jo vinc de l\u2019Escola Pia Nostra Senyora, que era un institut amb 7 plantes i molts alumnes, i sobretot l&#8217;ambient rural que es respira en aquest institut.<\/span><\/p>\n<p><b>Qu\u00e8 us han semblat les instal\u00b7lacions del centre?<\/b><\/p>\n<p><span style=\"font-weight: 400\">Estem en un lloc que comparat amb l\u2019altre institut \u00e9s un p\u00e8l xic, per\u00f2 em sembla molt bon lloc per practicar l\u2019estudi<\/span><\/p>\n<p>&nbsp;<\/p>\n<p><span style=\"font-weight: 400\">MARTINA\u00a0 (1 BATX)<\/span><\/p>\n<p><b>Com va anar el vostre primer dia a l\u2019institut\/quins van ser els vostres sentiments?<\/b><\/p>\n<p><span style=\"font-weight: 400\">El primer dia em vaig sentir abromada, no coneixia a ning\u00fa. Van ser moltes emocions de cop, per\u00f2 m\u2019hi he anat acostumant.<\/span><\/p>\n<p><b>Com ha estat la vostra adaptaci\u00f3 el centre i amb els companys?<\/b><\/p>\n<p><span style=\"font-weight: 400\">He vist que els companys s\u2019han obert molt amb mi, han sigut molt macos. M\u2019he sentit acceptada<\/span><\/p>\n<p><b>Qu\u00e8 us ha semblat el professorat del centre?<\/b><\/p>\n<p><span style=\"font-weight: 400\">Hi ha alguns professors que no m\u2019han agradat, per\u00f2 en general tots b\u00e9.<\/span><\/p>\n<p><b>Heu trobat algun gran canvi del centre d\u2019on ven\u00edeu?<\/b><\/p>\n<p><span style=\"font-weight: 400\">Les classes s\u00f3n molt redu\u00efdes. Hi ha poc nombre d\u2019alumnes per classe. Tamb\u00e9 m\u2019ha sorpr\u00e8s que no hi ha setmana d\u2019ex\u00e0mens.<\/span><\/p>\n<p><b>Qu\u00e8 us han semblat les instal\u00b7lacions del centre?<\/b><\/p>\n<p><span style=\"font-weight: 400\">M\u2019han agradat les instal\u00b7lacions. Pensava que les classes i el centre seria m\u00e9s petit. Tamb\u00e9 he vist que hi havia diferents instal\u00b7lacions per fer classe.<\/span><\/p>\n<p>&nbsp;<\/p>\n<p><span style=\"font-weight: 400\">ASTRID\u00a0 (1 BATX)<\/span><\/p>\n<p><b>Com va anar el vostre primer dia a l\u2019institut\/quins van ser els vostres sentiments?<\/b><\/p>\n<p><span style=\"font-weight: 400\">Al principi estava bastant nerviosa, perqu\u00e8 estava en un lloc nou, per\u00f2 va anar m\u00e9s b\u00e9 del que esperava i vaig con\u00e8ixer gent nova.<\/span><\/p>\n<p><b>Com ha estat la vostra adaptaci\u00f3 el centre i amb els companys?<\/b><\/p>\n<p><span style=\"font-weight: 400\">Crec que m\u2019he adaptat bastant b\u00e9 i tots els companys s\u00f3n bastant oberts<\/span><\/p>\n<p><b>Qu\u00e8 us ha semblat el professorat del centre?<\/b><\/p>\n<p><span style=\"font-weight: 400\">En general, els professors m\u2019han semblat simp\u00e0tics, per\u00f2 tamb\u00e9 n&#8217;hi ha alguns que no em cauen tan b\u00e9.<\/span><\/p>\n<p><b>Heu trobat algun gran canvi del centre d\u2019on ven\u00edeu?<\/b><\/p>\n<p><span style=\"font-weight: 400\">He trobat molts canvis amb el centre d\u2019on venia. Per exemple, aqu\u00ed els estudiants s\u00f3n d\u2019una altra manera, no \u00e9s un centre tan problem\u00e0tic.<\/span><\/p>\n<p><b>Qu\u00e8 us han semblat les instal\u00b7lacions del centre?<\/b><\/p>\n<p><span style=\"font-weight: 400\">Les instal\u00b7lacions m\u2019han semblat m\u00e9s grans del que em pensava i m\u2019ha sorpr\u00e8s que a l\u2019hora d&#8217;educaci\u00f3 f\u00edsica anem al pavell\u00f3 i fem activitats a fora.<\/span><\/p>\n<p><span style=\"font-weight: 400\">Tal com podeu veure, tots els alumnes estan contents tant amb els professors com amb les instal\u00b7lacions del centre. A m\u00e9s a m\u00e9s, s\u2019estan adaptant for\u00e7a b\u00e9 al nou curs tot i les difer\u00e8ncies amb les seves antigues escoles.\u00a0\u00a0<\/span><\/p>\n<p><span style=\"font-weight: 400\">Des de l\u2019Institut us desitgem un meravell\u00f3s curs.\u00a0<\/span><\/p>\n<p>&nbsp;<\/p>\n","protected":false},"excerpt":{"rendered":"<p>A. Arroyo, D. Barniol, B. Cirera, J. Rico, G. Sucarrat<br \/>\n&nbsp;<br \/>\nAquest curs 2024-2025 hi ha hagut un total de 6 alumnes nous, 3 a l\u2019ESO i 3 m\u00e9s a 1r de batxillerat. Per aquesta ra\u00f3, hem decidit entrevistar-los per saber com va ser el primer dia&hellip;  <a href=\"https:\/\/agora.xtec.cat\/ies-castelldelquer-prats\/eso\/eso-1\/entrevistes-als-alumnes-nous\/\" title=\"Read ENTREVISTES ALS ALUMNES NOUS\">Llegeix m\u00e9s\u00bb<\/a><\/p>\n","protected":false},"author":7,"featured_media":0,"comment_status":"closed","ping_status":"closed","sticky":false,"template":"","format":"standard","meta":{"_bbp_topic_count":0,"_bbp_reply_count":0,"_bbp_total_topic_count":0,"_bbp_total_reply_count":0,"_bbp_voice_count":0,"_bbp_anonymous_reply_count":0,"_bbp_topic_count_hidden":0,"_bbp_reply_count_hidden":0,"_bbp_forum_subforum_count":0,"footnotes":""},"categories":[4,29],"tags":[],"class_list":["post-4881","post","type-post","status-publish","format-standard","hentry","category-eso-1","category-portada"],"post_mailing_queue_ids":[],"_links":{"self":[{"href":"https:\/\/agora.xtec.cat\/ies-castelldelquer-prats\/wp-json\/wp\/v2\/posts\/4881","targetHints":{"allow":["GET"]}}],"collection":[{"href":"https:\/\/agora.xtec.cat\/ies-castelldelquer-prats\/wp-json\/wp\/v2\/posts"}],"about":[{"href":"https:\/\/agora.xtec.cat\/ies-castelldelquer-prats\/wp-json\/wp\/v2\/types\/post"}],"author":[{"embeddable":true,"href":"https:\/\/agora.xtec.cat\/ies-castelldelquer-prats\/wp-json\/wp\/v2\/users\/7"}],"replies":[{"embeddable":true,"href":"https:\/\/agora.xtec.cat\/ies-castelldelquer-prats\/wp-json\/wp\/v2\/comments?post=4881"}],"version-history":[{"count":1,"href":"https:\/\/agora.xtec.cat\/ies-castelldelquer-prats\/wp-json\/wp\/v2\/posts\/4881\/revisions"}],"predecessor-version":[{"id":4882,"href":"https:\/\/agora.xtec.cat\/ies-castelldelquer-prats\/wp-json\/wp\/v2\/posts\/4881\/revisions\/4882"}],"wp:attachment":[{"href":"https:\/\/agora.xtec.cat\/ies-castelldelquer-prats\/wp-json\/wp\/v2\/media?parent=4881"}],"wp:term":[{"taxonomy":"category","embeddable":true,"href":"https:\/\/agora.xtec.cat\/ies-castelldelquer-prats\/wp-json\/wp\/v2\/categories?post=4881"},{"taxonomy":"post_tag","embeddable":true,"href":"https:\/\/agora.xtec.cat\/ies-castelldelquer-prats\/wp-json\/wp\/v2\/tags?post=4881"}],"curies":[{"name":"wp","href":"https:\/\/api.w.org\/{rel}","templated":true}]}}