{"id":4856,"date":"2024-10-07T11:43:37","date_gmt":"2024-10-07T09:43:37","guid":{"rendered":"https:\/\/agora.xtec.cat\/ies-castelldelquer-prats\/?p=4856"},"modified":"2024-10-07T11:43:37","modified_gmt":"2024-10-07T09:43:37","slug":"els-corresponsals-web-tornen-a-comencar-amb-la-seva-feina","status":"publish","type":"post","link":"https:\/\/agora.xtec.cat\/ies-castelldelquer-prats\/general\/els-corresponsals-web-tornen-a-comencar-amb-la-seva-feina\/","title":{"rendered":"\u201cELS CORRESPONSALS WEB TORNEN A COMEN\u00c7AR AMB LA SEVA FEINA\u201d"},"content":{"rendered":"<p><span style=\"font-weight: 400\">J. Casals, A. Solanich, Q. Solanich, E. Torras i M. Torras<\/span><\/p>\n<p><span style=\"font-weight: 400\">Com cada any, els corresponsals web tornen a comen\u00e7ar amb la seva feina. Durant el curs seran els encarregats de redactar les diverses activitats i tallers dels diferents cursos d\u2019ESO i Batxillerat.<\/span><\/p>\n<p><span style=\"font-weight: 400\">A trav\u00e9s de l\u2019optativa de Joves Reporters s\u2019ha assignat un responsable per ajudar a cada curs de l\u2019ESO, a desenvolupar i escriure les seves not\u00edcies. Les not\u00edcies tenen relaci\u00f3 amb les sortides, tallers, xerrades \u2026que realitza cada nivell.<\/span><\/p>\n<p><span style=\"font-weight: 400\">Us presentem, doncs, els corresponsals de cada grup!<\/span><\/p>\n<p><span style=\"font-weight: 400\">1r ESO: Arlet Sala, Lluna Berenguera, Laia Subirana, Oriol Mu\u00f1oz, Pol Sch\u00fcler i Su Costa<\/span><\/p>\n<p><span style=\"font-weight: 400\">2n ESO: Carla Grifell, Queralt Sa\u00f1as, Cora Cruells, Anna Gorchs, Olalla Herrera i J\u00falia Ferrer<\/span><\/p>\n<p><span style=\"font-weight: 400\">3r ESO: Adara Solanich, \u00c8lia Torras, D\u00e0lia Barniol<\/span><\/p>\n<p><span style=\"font-weight: 400\">4t ESO: Hug Peraire, Isa\u00ed Torres i Odette Rios<\/span><\/p>\n<p><a href=\"https:\/\/agora.xtec.cat\/ies-castelldelquer-prats\/wp-content\/uploads\/usu2163\/2024\/10\/20241002_082240-1.jpg\"><img loading=\"lazy\" decoding=\"async\" class=\"wp-image-4857 aligncenter\" src=\"https:\/\/agora.xtec.cat\/ies-castelldelquer-prats\/wp-content\/uploads\/usu2163\/2024\/10\/20241002_082240-1-1024x704.jpg\" alt=\"\" width=\"508\" height=\"349\" srcset=\"https:\/\/agora.xtec.cat\/ies-castelldelquer-prats\/wp-content\/uploads\/usu2163\/2024\/10\/20241002_082240-1-1024x704.jpg 1024w, https:\/\/agora.xtec.cat\/ies-castelldelquer-prats\/wp-content\/uploads\/usu2163\/2024\/10\/20241002_082240-1-300x206.jpg 300w, https:\/\/agora.xtec.cat\/ies-castelldelquer-prats\/wp-content\/uploads\/usu2163\/2024\/10\/20241002_082240-1-768x528.jpg 768w, https:\/\/agora.xtec.cat\/ies-castelldelquer-prats\/wp-content\/uploads\/usu2163\/2024\/10\/20241002_082240-1-1536x1056.jpg 1536w, https:\/\/agora.xtec.cat\/ies-castelldelquer-prats\/wp-content\/uploads\/usu2163\/2024\/10\/20241002_082240-1.jpg 1868w\" sizes=\"auto, (max-width: 508px) 100vw, 508px\" \/><\/a><\/p>\n","protected":false},"excerpt":{"rendered":"<p>J. Casals, A. Solanich, Q. Solanich, E. Torras i M. Torras<br \/>\nCom cada any, els corresponsals web tornen a comen\u00e7ar amb la seva feina. Durant el curs seran els encarregats de redactar les diverses activitats i tallers dels diferents cursos d\u2019ESO i Batxillerat.<br \/>\nA trav\u00e9s de l\u2019optativa&hellip;  <a href=\"https:\/\/agora.xtec.cat\/ies-castelldelquer-prats\/general\/els-corresponsals-web-tornen-a-comencar-amb-la-seva-feina\/\" title=\"Read \u201cELS CORRESPONSALS WEB TORNEN A COMEN\u00c7AR AMB LA SEVA FEINA\u201d\">Llegeix m\u00e9s\u00bb<\/a><\/p>\n","protected":false},"author":7,"featured_media":4857,"comment_status":"closed","ping_status":"closed","sticky":false,"template":"","format":"standard","meta":{"_bbp_topic_count":0,"_bbp_reply_count":0,"_bbp_total_topic_count":0,"_bbp_total_reply_count":0,"_bbp_voice_count":0,"_bbp_anonymous_reply_count":0,"_bbp_topic_count_hidden":0,"_bbp_reply_count_hidden":0,"_bbp_forum_subforum_count":0,"footnotes":""},"categories":[1,29],"tags":[],"class_list":["post-4856","post","type-post","status-publish","format-standard","has-post-thumbnail","hentry","category-general","category-portada"],"post_mailing_queue_ids":[],"_links":{"self":[{"href":"https:\/\/agora.xtec.cat\/ies-castelldelquer-prats\/wp-json\/wp\/v2\/posts\/4856","targetHints":{"allow":["GET"]}}],"collection":[{"href":"https:\/\/agora.xtec.cat\/ies-castelldelquer-prats\/wp-json\/wp\/v2\/posts"}],"about":[{"href":"https:\/\/agora.xtec.cat\/ies-castelldelquer-prats\/wp-json\/wp\/v2\/types\/post"}],"author":[{"embeddable":true,"href":"https:\/\/agora.xtec.cat\/ies-castelldelquer-prats\/wp-json\/wp\/v2\/users\/7"}],"replies":[{"embeddable":true,"href":"https:\/\/agora.xtec.cat\/ies-castelldelquer-prats\/wp-json\/wp\/v2\/comments?post=4856"}],"version-history":[{"count":2,"href":"https:\/\/agora.xtec.cat\/ies-castelldelquer-prats\/wp-json\/wp\/v2\/posts\/4856\/revisions"}],"predecessor-version":[{"id":4859,"href":"https:\/\/agora.xtec.cat\/ies-castelldelquer-prats\/wp-json\/wp\/v2\/posts\/4856\/revisions\/4859"}],"wp:featuredmedia":[{"embeddable":true,"href":"https:\/\/agora.xtec.cat\/ies-castelldelquer-prats\/wp-json\/wp\/v2\/media\/4857"}],"wp:attachment":[{"href":"https:\/\/agora.xtec.cat\/ies-castelldelquer-prats\/wp-json\/wp\/v2\/media?parent=4856"}],"wp:term":[{"taxonomy":"category","embeddable":true,"href":"https:\/\/agora.xtec.cat\/ies-castelldelquer-prats\/wp-json\/wp\/v2\/categories?post=4856"},{"taxonomy":"post_tag","embeddable":true,"href":"https:\/\/agora.xtec.cat\/ies-castelldelquer-prats\/wp-json\/wp\/v2\/tags?post=4856"}],"curies":[{"name":"wp","href":"https:\/\/api.w.org\/{rel}","templated":true}]}}