{"id":4721,"date":"2024-06-03T11:33:40","date_gmt":"2024-06-03T09:33:40","guid":{"rendered":"https:\/\/agora.xtec.cat\/ies-castelldelquer-prats\/?p=4721"},"modified":"2024-06-03T11:33:40","modified_gmt":"2024-06-03T09:33:40","slug":"els-alumnes-de-linstitut-son-adictes-a-les-pantalles","status":"publish","type":"post","link":"https:\/\/agora.xtec.cat\/ies-castelldelquer-prats\/general\/els-alumnes-de-linstitut-son-adictes-a-les-pantalles\/","title":{"rendered":"ELS ALUMNES DE L\u2019INSTITUT S\u00d3N ADICTES A LES PANTALLES?"},"content":{"rendered":"<p style=\"text-align: center\"><i><span style=\"font-weight: 400\">Investiguem-ho en aquest reportatge<\/span><\/i><\/p>\n<p><span style=\"font-weight: 400\">J\u00falia Florit, Martina Pla i Odette Rios<\/span><\/p>\n<p><span style=\"font-weight: 400\">A les portes de l\u2019acabament del curs, vam passar unes enquestes a tots els alumnes de l\u2019Institut on els vam demanar quantes hores al dia estaven amb el m\u00f2bil i amb la televisi\u00f3, si tenien family link i els seus pares els posaven un l\u00edmit d\u2019hores i quina era l\u2019aplicaci\u00f3 que m\u00e9s utilitzaven.<\/span><\/p>\n<p><span style=\"font-weight: 400\">A continuaci\u00f3, us mostrem les dades sobre 197 respostes obtingudes.<\/span><\/p>\n<p><span style=\"font-weight: 400\">Parlant de quantes hores miren el m\u00f2bil i la televisi\u00f3, un gran nombre d\u2019alumnes dediquen una mitjana de dues hores di\u00e0ries al m\u00f2bil (29,2%); un 19,3% hi dedica 3 hores, seguit del 16,1% amb una hora di\u00e0ria; cal destacar que nom\u00e9s un 4,7% dels joves de l\u2019Institut no t\u00e9 m\u00f2bil. Respecte a la televisi\u00f3, la gran majoria la miren durant mitja hora (62,5%).<\/span><\/p>\n<p><a href=\"https:\/\/agora.xtec.cat\/ies-castelldelquer-prats\/wp-content\/uploads\/usu2163\/2024\/06\/Hores-mirant-el-mobil.png\"><img loading=\"lazy\" decoding=\"async\" class=\"alignnone size-full wp-image-4726\" src=\"https:\/\/agora.xtec.cat\/ies-castelldelquer-prats\/wp-content\/uploads\/usu2163\/2024\/06\/Hores-mirant-el-mobil.png\" alt=\"\" width=\"380\" height=\"204\" srcset=\"https:\/\/agora.xtec.cat\/ies-castelldelquer-prats\/wp-content\/uploads\/usu2163\/2024\/06\/Hores-mirant-el-mobil.png 380w, https:\/\/agora.xtec.cat\/ies-castelldelquer-prats\/wp-content\/uploads\/usu2163\/2024\/06\/Hores-mirant-el-mobil-300x161.png 300w\" sizes=\"auto, (max-width: 380px) 100vw, 380px\" \/><\/a><a href=\"https:\/\/agora.xtec.cat\/ies-castelldelquer-prats\/wp-content\/uploads\/usu2163\/2024\/06\/Hores-mirant-la-televisio.png\"><img loading=\"lazy\" decoding=\"async\" class=\"alignnone size-full wp-image-4725\" src=\"https:\/\/agora.xtec.cat\/ies-castelldelquer-prats\/wp-content\/uploads\/usu2163\/2024\/06\/Hores-mirant-la-televisio.png\" alt=\"\" width=\"348\" height=\"204\" srcset=\"https:\/\/agora.xtec.cat\/ies-castelldelquer-prats\/wp-content\/uploads\/usu2163\/2024\/06\/Hores-mirant-la-televisio.png 348w, https:\/\/agora.xtec.cat\/ies-castelldelquer-prats\/wp-content\/uploads\/usu2163\/2024\/06\/Hores-mirant-la-televisio-300x176.png 300w\" sizes=\"auto, (max-width: 348px) 100vw, 348px\" \/><\/a><\/p>\n<p><span style=\"font-weight: 400\">Respecte a l\u2019aplicaci\u00f3 <\/span><i><span style=\"font-weight: 400\">Family link<\/span><\/i><span style=\"font-weight: 400\"> i el l\u00edmit d\u2019hores\u00a0 imposades pels pares per mirar el m\u00f2bil, podem veure que la majoria dels alumnes, amb un 80,2% no tenen <\/span><i><span style=\"font-weight: 400\">Family link<\/span><\/i><span style=\"font-weight: 400\">, i un 59,9% no tenen l\u00edmit d\u2019hores per mirar el m\u00f2bil. En canvi, un 19,8% s\u00ed que tenen <\/span><i><span style=\"font-weight: 400\">Family link<\/span><\/i><span style=\"font-weight: 400\"> i un 40,1% tenen l\u00edmit d\u2019hores per mirar-lo.<\/span><\/p>\n<p><a href=\"https:\/\/agora.xtec.cat\/ies-castelldelquer-prats\/wp-content\/uploads\/usu2163\/2024\/06\/Tenen-family-link_-_.png\"><img loading=\"lazy\" decoding=\"async\" class=\"alignnone size-full wp-image-4724\" src=\"https:\/\/agora.xtec.cat\/ies-castelldelquer-prats\/wp-content\/uploads\/usu2163\/2024\/06\/Tenen-family-link_-_.png\" alt=\"\" width=\"275\" height=\"215\" \/><\/a><a href=\"https:\/\/agora.xtec.cat\/ies-castelldelquer-prats\/wp-content\/uploads\/usu2163\/2024\/06\/Els-pares-els-posen-limit-dhores-per-utilitzar-lo_.png\"><img loading=\"lazy\" decoding=\"async\" class=\"alignnone size-full wp-image-4723\" src=\"https:\/\/agora.xtec.cat\/ies-castelldelquer-prats\/wp-content\/uploads\/usu2163\/2024\/06\/Els-pares-els-posen-limit-dhores-per-utilitzar-lo_.png\" alt=\"\" width=\"452\" height=\"204\" srcset=\"https:\/\/agora.xtec.cat\/ies-castelldelquer-prats\/wp-content\/uploads\/usu2163\/2024\/06\/Els-pares-els-posen-limit-dhores-per-utilitzar-lo_.png 452w, https:\/\/agora.xtec.cat\/ies-castelldelquer-prats\/wp-content\/uploads\/usu2163\/2024\/06\/Els-pares-els-posen-limit-dhores-per-utilitzar-lo_-300x135.png 300w\" sizes=\"auto, (max-width: 452px) 100vw, 452px\" \/><\/a><\/p>\n<p><span style=\"font-weight: 400\">Parlant de les aplicacions que m\u00e9s utilitzen els alumnes de l&#8217;Institut, podem veure, de forma destacada,\u00a0 que les m\u00e9s utilitzades s\u00f3n Instagram i Tiktok.\u00a0<\/span><\/p>\n<p><span style=\"font-weight: 400\">N\u2019hi ha d\u2019altres que prefereixen jugar a jocs com el Brawl Stars i mirar Netflix.<\/span><\/p>\n<p><span style=\"font-weight: 400\">Un nombre molt m\u00e9s redu\u00eft d\u2019alumnes prefereix utilizar el Whatsapp, l\u2019Snapchat i el Youtube.<\/span><\/p>\n<p><a href=\"https:\/\/agora.xtec.cat\/ies-castelldelquer-prats\/wp-content\/uploads\/usu2163\/2024\/06\/Quines-aplicacions-utilitzen-mes_.png\"><img loading=\"lazy\" decoding=\"async\" class=\"alignnone size-full wp-image-4722\" src=\"https:\/\/agora.xtec.cat\/ies-castelldelquer-prats\/wp-content\/uploads\/usu2163\/2024\/06\/Quines-aplicacions-utilitzen-mes_.png\" alt=\"\" width=\"425\" height=\"243\" srcset=\"https:\/\/agora.xtec.cat\/ies-castelldelquer-prats\/wp-content\/uploads\/usu2163\/2024\/06\/Quines-aplicacions-utilitzen-mes_.png 425w, https:\/\/agora.xtec.cat\/ies-castelldelquer-prats\/wp-content\/uploads\/usu2163\/2024\/06\/Quines-aplicacions-utilitzen-mes_-300x172.png 300w\" sizes=\"auto, (max-width: 425px) 100vw, 425px\" \/><\/a><\/p>\n<p>&nbsp;<\/p>\n<p><span style=\"font-weight: 400\">En conclusi\u00f3, la majoria d\u2019alumnes utilitza dues hores el m\u00f2bil i la tele una mitja hora. Molts no tenen <\/span><i><span style=\"font-weight: 400\">Family link<\/span><\/i><span style=\"font-weight: 400\"> ni l\u00edmit d\u2019hores per mirar-lo i podem veure que els alumnes de l\u2019Institut prefereixen utilitzar Instagram i Tiktok.<\/span><\/p>\n<p>&nbsp;<\/p>\n","protected":false},"excerpt":{"rendered":"<p>Investiguem-ho en aquest reportatge<br \/>\nJ\u00falia Florit, Martina Pla i Odette Rios<br \/>\nA les portes de l\u2019acabament del curs, vam passar unes enquestes a tots els alumnes de l\u2019Institut on els vam demanar quantes hores al dia estaven amb el m\u00f2bil i amb la televisi\u00f3, si tenien family&hellip;  <a href=\"https:\/\/agora.xtec.cat\/ies-castelldelquer-prats\/general\/els-alumnes-de-linstitut-son-adictes-a-les-pantalles\/\" title=\"Read ELS ALUMNES DE L\u2019INSTITUT S\u00d3N ADICTES A LES PANTALLES?\">Llegeix m\u00e9s\u00bb<\/a><\/p>\n","protected":false},"author":7,"featured_media":0,"comment_status":"open","ping_status":"closed","sticky":false,"template":"","format":"standard","meta":{"_bbp_topic_count":0,"_bbp_reply_count":0,"_bbp_total_topic_count":0,"_bbp_total_reply_count":0,"_bbp_voice_count":0,"_bbp_anonymous_reply_count":0,"_bbp_topic_count_hidden":0,"_bbp_reply_count_hidden":0,"_bbp_forum_subforum_count":0,"footnotes":""},"categories":[1,29],"tags":[],"class_list":["post-4721","post","type-post","status-publish","format-standard","hentry","category-general","category-portada"],"post_mailing_queue_ids":[],"_links":{"self":[{"href":"https:\/\/agora.xtec.cat\/ies-castelldelquer-prats\/wp-json\/wp\/v2\/posts\/4721","targetHints":{"allow":["GET"]}}],"collection":[{"href":"https:\/\/agora.xtec.cat\/ies-castelldelquer-prats\/wp-json\/wp\/v2\/posts"}],"about":[{"href":"https:\/\/agora.xtec.cat\/ies-castelldelquer-prats\/wp-json\/wp\/v2\/types\/post"}],"author":[{"embeddable":true,"href":"https:\/\/agora.xtec.cat\/ies-castelldelquer-prats\/wp-json\/wp\/v2\/users\/7"}],"replies":[{"embeddable":true,"href":"https:\/\/agora.xtec.cat\/ies-castelldelquer-prats\/wp-json\/wp\/v2\/comments?post=4721"}],"version-history":[{"count":1,"href":"https:\/\/agora.xtec.cat\/ies-castelldelquer-prats\/wp-json\/wp\/v2\/posts\/4721\/revisions"}],"predecessor-version":[{"id":4728,"href":"https:\/\/agora.xtec.cat\/ies-castelldelquer-prats\/wp-json\/wp\/v2\/posts\/4721\/revisions\/4728"}],"wp:attachment":[{"href":"https:\/\/agora.xtec.cat\/ies-castelldelquer-prats\/wp-json\/wp\/v2\/media?parent=4721"}],"wp:term":[{"taxonomy":"category","embeddable":true,"href":"https:\/\/agora.xtec.cat\/ies-castelldelquer-prats\/wp-json\/wp\/v2\/categories?post=4721"},{"taxonomy":"post_tag","embeddable":true,"href":"https:\/\/agora.xtec.cat\/ies-castelldelquer-prats\/wp-json\/wp\/v2\/tags?post=4721"}],"curies":[{"name":"wp","href":"https:\/\/api.w.org\/{rel}","templated":true}]}}