{"id":4711,"date":"2024-05-29T14:39:27","date_gmt":"2024-05-29T12:39:27","guid":{"rendered":"https:\/\/agora.xtec.cat\/ies-castelldelquer-prats\/?p=4711"},"modified":"2024-05-29T14:40:18","modified_gmt":"2024-05-29T12:40:18","slug":"oberta-la-convocatoria-per-a-fer-erasmus-a-1rbat-de-llarga-durada","status":"publish","type":"post","link":"https:\/\/agora.xtec.cat\/ies-castelldelquer-prats\/general\/oberta-la-convocatoria-per-a-fer-erasmus-a-1rbat-de-llarga-durada\/","title":{"rendered":"Oberta la convocat\u00f2ria per a fer ERASMUS a 1rBAT de llarga durada."},"content":{"rendered":"<p>CONCURS ESTADA DE LLARGA DURADA A IT\u00c0LIA PER PRIMER DE BATXILLERAT CIENT\u00cdFIC\/TECNOL\u00d2GIC<\/p>\n<p>L\u2019Institut Castell del Quer obre el per\u00edode de sol.licituds d\u2019estada de llarga durada pel 2n trimestre del<br \/>\ncurs 24-25.<\/p>\n<p><a href=\"https:\/\/drive.google.com\/file\/d\/1JQD6v2rlOgLEv3OSI8t0tcCiL6naAqvv\/view?usp=sharing\">BASES DE LA CONVOCATORIA.<\/a><\/p>\n","protected":false},"excerpt":{"rendered":"<p>CONCURS ESTADA DE LLARGA DURADA A IT\u00c0LIA PER PRIMER DE BATXILLERAT CIENT\u00cdFIC\/TECNOL\u00d2GIC<br \/>\nL\u2019Institut Castell del Quer obre el per\u00edode de sol.licituds d\u2019estada de llarga durada pel 2n trimestre del<br \/>\ncurs 24-25.<br \/>\n<a href=\"https:\/\/drive.google.com\/file\/d\/1JQD6v2rlOgLEv3OSI8t0tcCiL6naAqvv\/view?usp=sharing\">BASES DE LA CONVOCATORIA.<\/a><\/p>\n","protected":false},"author":1,"featured_media":0,"comment_status":"open","ping_status":"closed","sticky":false,"template":"","format":"standard","meta":{"_bbp_topic_count":0,"_bbp_reply_count":0,"_bbp_total_topic_count":0,"_bbp_total_reply_count":0,"_bbp_voice_count":0,"_bbp_anonymous_reply_count":0,"_bbp_topic_count_hidden":0,"_bbp_reply_count_hidden":0,"_bbp_forum_subforum_count":0,"footnotes":""},"categories":[1,29],"tags":[],"class_list":["post-4711","post","type-post","status-publish","format-standard","hentry","category-general","category-portada"],"post_mailing_queue_ids":[],"_links":{"self":[{"href":"https:\/\/agora.xtec.cat\/ies-castelldelquer-prats\/wp-json\/wp\/v2\/posts\/4711","targetHints":{"allow":["GET"]}}],"collection":[{"href":"https:\/\/agora.xtec.cat\/ies-castelldelquer-prats\/wp-json\/wp\/v2\/posts"}],"about":[{"href":"https:\/\/agora.xtec.cat\/ies-castelldelquer-prats\/wp-json\/wp\/v2\/types\/post"}],"author":[{"embeddable":true,"href":"https:\/\/agora.xtec.cat\/ies-castelldelquer-prats\/wp-json\/wp\/v2\/users\/1"}],"replies":[{"embeddable":true,"href":"https:\/\/agora.xtec.cat\/ies-castelldelquer-prats\/wp-json\/wp\/v2\/comments?post=4711"}],"version-history":[{"count":2,"href":"https:\/\/agora.xtec.cat\/ies-castelldelquer-prats\/wp-json\/wp\/v2\/posts\/4711\/revisions"}],"predecessor-version":[{"id":5545,"href":"https:\/\/agora.xtec.cat\/ies-castelldelquer-prats\/wp-json\/wp\/v2\/posts\/4711\/revisions\/5545"}],"wp:attachment":[{"href":"https:\/\/agora.xtec.cat\/ies-castelldelquer-prats\/wp-json\/wp\/v2\/media?parent=4711"}],"wp:term":[{"taxonomy":"category","embeddable":true,"href":"https:\/\/agora.xtec.cat\/ies-castelldelquer-prats\/wp-json\/wp\/v2\/categories?post=4711"},{"taxonomy":"post_tag","embeddable":true,"href":"https:\/\/agora.xtec.cat\/ies-castelldelquer-prats\/wp-json\/wp\/v2\/tags?post=4711"}],"curies":[{"name":"wp","href":"https:\/\/api.w.org\/{rel}","templated":true}]}}