{"id":4672,"date":"2024-05-27T11:18:05","date_gmt":"2024-05-27T09:18:05","guid":{"rendered":"https:\/\/agora.xtec.cat\/ies-castelldelquer-prats\/?p=4672"},"modified":"2024-05-28T09:10:55","modified_gmt":"2024-05-28T07:10:55","slug":"ets-nova-pero-nosaltres-volem-saber-com-ets-sents-a-linstitut","status":"publish","type":"post","link":"https:\/\/agora.xtec.cat\/ies-castelldelquer-prats\/general\/ets-nova-pero-nosaltres-volem-saber-com-ets-sents-a-linstitut\/","title":{"rendered":"ETS NOVA, I NOSALTRES VOLEM SABER COM ET SENTS A L\u2019INSTITUT"},"content":{"rendered":"<p><span style=\"font-weight: 400\">Odette R\u00edos<\/span><\/p>\n<p><span style=\"font-weight: 400\">Cada any, en els diferents nivells educatius, comencen nous alumnes que procedeixen d\u2019altres pa\u00efsos. Enguany hem parlat amb la Sara i la Sofia, de 1r d\u2019ESO, i amb la Nazareth i l\u2019Emily, de 4t d\u2019ESO, que ens expliquen la seva proced\u00e8ncia i la seva estada al Centre al llarg d\u2019aquest curs.<\/span><\/p>\n<p><b>Sara Valencia (1r d\u2019ESO)<\/b><\/p>\n<p><span style=\"font-weight: 400\">La Sara Valencia ens ha explicat que ve de Col\u00f2mbia i ara est\u00e0 vivint a Prats.Viu amb la seva mare i el seu germ\u00e0. La seva mare va ser la que va decidir de venir aqu\u00ed per una millor vida ja que ens ha dit que Col\u00f2mbia \u00e9s un pa\u00eds amb molt baix rendiment econ\u00f2mic. La seva mare ha pogut aconseguir una feina m\u00e9s bona: treballa de comptable. En arribar, va estar a l\u2019atur durant un mes.<\/span><\/p>\n<p><span style=\"font-weight: 400\">Sobre el centre on est\u00e0 estudiant, el Castell del Quer, ens ha explicat que no est\u00e0 molt c\u00f2moda, ja que se sent exclosa i tamb\u00e9 li costa molt relacionar-se amb l\u2019altra gent. Ella sol parlar espanyol tant aqu\u00ed a l\u2019institut com a casa, i a vegades parla el catal\u00e0 per\u00f2 li costa molt. L\u2019assignatura que m\u00e9s li agrada \u00e9s castell\u00e0; i de l\u2019institut, l\u2019ambient que hi ha.<\/span><\/p>\n<p><span style=\"font-weight: 400\">Esperem que la Sara acabi sent ben acollida pels seus companys i pugui dur una bona vida a Catalunya.<\/span><\/p>\n<p><a href=\"https:\/\/agora.xtec.cat\/ies-castelldelquer-prats\/wp-content\/uploads\/usu2163\/2024\/05\/IMG_7165-scaled.jpg\"><img loading=\"lazy\" decoding=\"async\" class=\"alignnone size-large wp-image-4673\" src=\"https:\/\/agora.xtec.cat\/ies-castelldelquer-prats\/wp-content\/uploads\/usu2163\/2024\/05\/IMG_7165-1024x1007.jpg\" alt=\"\" width=\"1024\" height=\"1007\" srcset=\"https:\/\/agora.xtec.cat\/ies-castelldelquer-prats\/wp-content\/uploads\/usu2163\/2024\/05\/IMG_7165-1024x1007.jpg 1024w, https:\/\/agora.xtec.cat\/ies-castelldelquer-prats\/wp-content\/uploads\/usu2163\/2024\/05\/IMG_7165-300x295.jpg 300w, https:\/\/agora.xtec.cat\/ies-castelldelquer-prats\/wp-content\/uploads\/usu2163\/2024\/05\/IMG_7165-768x755.jpg 768w, https:\/\/agora.xtec.cat\/ies-castelldelquer-prats\/wp-content\/uploads\/usu2163\/2024\/05\/IMG_7165-1536x1510.jpg 1536w, https:\/\/agora.xtec.cat\/ies-castelldelquer-prats\/wp-content\/uploads\/usu2163\/2024\/05\/IMG_7165-2048x2014.jpg 2048w\" sizes=\"auto, (max-width: 1024px) 100vw, 1024px\" \/><\/a><\/p>\n<p><b>Sof\u00eda Nieto (1r d\u2019ESO)<\/b><\/p>\n<p><span style=\"font-weight: 400\">La Sof\u00eda Nieto ens ha explicat que tamb\u00e9 ve de Col\u00f2mbia i ara est\u00e0 vivint a Olost.T\u00e9 dos germans, un de 7 anys i un altre de 5. Els seus pares estan separats, i la mare va ser la que va decidir de venir aqu\u00ed per una millor vida i un millor treball. La seva fam\u00edlia ha pogut aconseguir una feina m\u00e9s bona: la seva mare i el seu avi s\u00f3n vigilants, mentre que la seva \u00e0via treballa en un bar i a vegades neteja cases. En arribar aqu\u00ed van estar a l\u2019atur durant uns dos mesos.<\/span><\/p>\n<p><span style=\"font-weight: 400\">Sobre el centre on est\u00e0 estudiant, el Castell del Quer, ens ha explicat que no est\u00e0 molt c\u00f2moda, ja que no \u00e9s molt ben acollida pels seus companys i di\u00e0riament rep comentaris racistes i tamb\u00e9 li costa relacionar-se amb l\u2019altra gent. Ella sol parlar espanyol, tant a l\u2019institut com a casa, i a vegades parla el catal\u00e0 ja que no li costa tant per\u00f2 no li agrada parlar-lo.\u00a0<\/span><\/p>\n<p><span style=\"font-weight: 400\">L\u2019assignatura que m\u00e9s li agrada \u00e9s VIP i tamb\u00e9 li agrada molt aprendre m\u00e9s l\u2019idioma i diferents activitats que es realitzen\u00a0 al centre.<\/span><\/p>\n<p><span style=\"font-weight: 400\">Esperem que la Sof\u00eda acabi sent ben acollida pels seus companys i s\u2019acabi d\u2019acostumar a l\u2019estil de vida de Catalunya.<\/span><\/p>\n<p><a href=\"https:\/\/agora.xtec.cat\/ies-castelldelquer-prats\/wp-content\/uploads\/usu2163\/2024\/05\/IMG_7674-scaled.jpg\"><img loading=\"lazy\" decoding=\"async\" class=\"alignnone size-large wp-image-4674\" src=\"https:\/\/agora.xtec.cat\/ies-castelldelquer-prats\/wp-content\/uploads\/usu2163\/2024\/05\/IMG_7674-930x1024.jpg\" alt=\"\" width=\"930\" height=\"1024\" srcset=\"https:\/\/agora.xtec.cat\/ies-castelldelquer-prats\/wp-content\/uploads\/usu2163\/2024\/05\/IMG_7674-930x1024.jpg 930w, https:\/\/agora.xtec.cat\/ies-castelldelquer-prats\/wp-content\/uploads\/usu2163\/2024\/05\/IMG_7674-273x300.jpg 273w, https:\/\/agora.xtec.cat\/ies-castelldelquer-prats\/wp-content\/uploads\/usu2163\/2024\/05\/IMG_7674-768x845.jpg 768w, https:\/\/agora.xtec.cat\/ies-castelldelquer-prats\/wp-content\/uploads\/usu2163\/2024\/05\/IMG_7674-1396x1536.jpg 1396w, https:\/\/agora.xtec.cat\/ies-castelldelquer-prats\/wp-content\/uploads\/usu2163\/2024\/05\/IMG_7674-1861x2048.jpg 1861w\" sizes=\"auto, (max-width: 930px) 100vw, 930px\" \/><\/a><\/p>\n<p><b>Nazareth Mart\u00ednez (4rt ESO )<\/b><\/p>\n<p><span style=\"font-weight: 400\">La Nazareth Mart\u00ednez ens ha explicat que\u00a0 ve de Venezuela i ara est\u00e0 vivint a Prats de Llu\u00e7an\u00e8s. Va venir aqu\u00ed perqu\u00e8 segons ella, els estudis s\u00f3n millors que no all\u00e0. Viu amb la seva germana, que ja feia tres anys que hi vivia i i va estar un any parada fins trobar feina. Tamb\u00e9 ens ha explicat que t\u00e9 sis germans i sis germanes d\u2019uns 26-40 anys.\u00a0<\/span><\/p>\n<p><span style=\"font-weight: 400\">Sobre el centre on est\u00e0 estudiant, el Castell del Quer, ens ha explicat que est\u00e0 bastant c\u00f2moda, i est\u00e0 m\u00e9s o menys ben acollida pels seus companys. Sol costar-li bastant relacionar-se amb l\u2019altra gent. Ella sol parlar catal\u00e0 aqui a l\u2019institut i li agrada bastant parlar-lo.\u00a0<\/span><\/p>\n<p><span style=\"font-weight: 400\">L\u2019assignatura que m\u00e9s li agrada \u00e9s matem\u00e0tiques i el que m\u00e9s li agrada de l\u2019institut \u00e9s l\u2019ambient que hi ha.\u00a0<\/span><\/p>\n<p><span style=\"font-weight: 400\">Esperem que la Nazareth continu\u00ef aix\u00ed i que li vagi molt b\u00e9 aquest canvi de vida.<\/span><\/p>\n<p><a href=\"https:\/\/agora.xtec.cat\/ies-castelldelquer-prats\/wp-content\/uploads\/usu2163\/2024\/05\/IMG_7168-scaled.jpg\"><img loading=\"lazy\" decoding=\"async\" class=\"alignnone size-large wp-image-4675\" src=\"https:\/\/agora.xtec.cat\/ies-castelldelquer-prats\/wp-content\/uploads\/usu2163\/2024\/05\/IMG_7168-1024x1014.jpg\" alt=\"\" width=\"1024\" height=\"1014\" srcset=\"https:\/\/agora.xtec.cat\/ies-castelldelquer-prats\/wp-content\/uploads\/usu2163\/2024\/05\/IMG_7168-1024x1014.jpg 1024w, https:\/\/agora.xtec.cat\/ies-castelldelquer-prats\/wp-content\/uploads\/usu2163\/2024\/05\/IMG_7168-300x297.jpg 300w, https:\/\/agora.xtec.cat\/ies-castelldelquer-prats\/wp-content\/uploads\/usu2163\/2024\/05\/IMG_7168-150x150.jpg 150w, https:\/\/agora.xtec.cat\/ies-castelldelquer-prats\/wp-content\/uploads\/usu2163\/2024\/05\/IMG_7168-768x761.jpg 768w, https:\/\/agora.xtec.cat\/ies-castelldelquer-prats\/wp-content\/uploads\/usu2163\/2024\/05\/IMG_7168-1536x1522.jpg 1536w, https:\/\/agora.xtec.cat\/ies-castelldelquer-prats\/wp-content\/uploads\/usu2163\/2024\/05\/IMG_7168-2048x2029.jpg 2048w\" sizes=\"auto, (max-width: 1024px) 100vw, 1024px\" \/><\/a><\/p>\n<p><b>Emily Paz (4rt ESO)<\/b><\/p>\n<p><span style=\"font-weight: 400\">L\u2019Emily Paz ens ha explicat que ve d\u2019Hondures i ara est\u00e0 vivint a Sant Feliu Sasserra. Va venir aqu\u00ed pel mateix tema que la Nazareth \u201cels estudis s\u00f3n millors aqu\u00ed que no all\u00e0\u201d. Viu amb el seu pare que treballa en un f\u00e0brica, i la seva mare, que treballa en una resid\u00e8ncia; en arribar a Catalunya, van estar a l\u2019atur uns tres mesos m\u00e9s o menys fins trobar aquestes feines. Tamb\u00e9 ens ha explicat que t\u00e9 un germ\u00e0 m\u00e9s petit, de set anys, i un altre m\u00e9s gran, de vint-i-sis,\u00a0 que viu a Estats Units.\u00a0<\/span><\/p>\n<p><span style=\"font-weight: 400\">Sobre el centre on est\u00e0 estudiant, ens ha explicat que s\u2019hi sent a gust, i est\u00e0 m\u00e9s o menys ben acollida pels seus companys. Sol costar-li molt relacionar-se amb l\u2019altra gent i parlar el catal\u00e0 ja que tampoc li agrada molt, aix\u00ed que dins el centre, es guia m\u00e9s per parlar el castell\u00e0.\u00a0<\/span><\/p>\n<p><span style=\"font-weight: 400\">L\u2019assignatura que m\u00e9s li agrada \u00e9s visual i pl\u00e0stica, i de l\u2019institut s\u00f3n les excursions i on est\u00e0 situat, ja que \u00e9s un lloc bastant tranquil i acollidor.\u00a0<\/span><\/p>\n<p><span style=\"font-weight: 400\">Esperem que l\u2019Emily continu\u00ef aix\u00ed i que li vagi molt b\u00e9 aquest canvi de vida.<\/span><\/p>\n<p><a href=\"https:\/\/agora.xtec.cat\/ies-castelldelquer-prats\/wp-content\/uploads\/usu2163\/2024\/05\/IMG_7169-scaled.jpg\"><img loading=\"lazy\" decoding=\"async\" class=\"alignnone size-large wp-image-4676\" src=\"https:\/\/agora.xtec.cat\/ies-castelldelquer-prats\/wp-content\/uploads\/usu2163\/2024\/05\/IMG_7169-902x1024.jpg\" alt=\"\" width=\"902\" height=\"1024\" srcset=\"https:\/\/agora.xtec.cat\/ies-castelldelquer-prats\/wp-content\/uploads\/usu2163\/2024\/05\/IMG_7169-902x1024.jpg 902w, https:\/\/agora.xtec.cat\/ies-castelldelquer-prats\/wp-content\/uploads\/usu2163\/2024\/05\/IMG_7169-264x300.jpg 264w, https:\/\/agora.xtec.cat\/ies-castelldelquer-prats\/wp-content\/uploads\/usu2163\/2024\/05\/IMG_7169-768x872.jpg 768w, https:\/\/agora.xtec.cat\/ies-castelldelquer-prats\/wp-content\/uploads\/usu2163\/2024\/05\/IMG_7169-1353x1536.jpg 1353w, https:\/\/agora.xtec.cat\/ies-castelldelquer-prats\/wp-content\/uploads\/usu2163\/2024\/05\/IMG_7169-1804x2048.jpg 1804w\" sizes=\"auto, (max-width: 902px) 100vw, 902px\" \/><\/a><\/p>\n","protected":false},"excerpt":{"rendered":"<p>Odette R\u00edos<br \/>\nCada any, en els diferents nivells educatius, comencen nous alumnes que procedeixen d\u2019altres pa\u00efsos. Enguany hem parlat amb la Sara i la Sofia, de 1r d\u2019ESO, i amb la Nazareth i l\u2019Emily, de 4t d\u2019ESO, que ens expliquen la seva proced\u00e8ncia i la seva&hellip;  <a href=\"https:\/\/agora.xtec.cat\/ies-castelldelquer-prats\/general\/ets-nova-pero-nosaltres-volem-saber-com-ets-sents-a-linstitut\/\" title=\"Read ETS NOVA, I NOSALTRES VOLEM SABER COM ET SENTS A L\u2019INSTITUT\">Llegeix m\u00e9s\u00bb<\/a><\/p>\n","protected":false},"author":7,"featured_media":0,"comment_status":"open","ping_status":"closed","sticky":false,"template":"","format":"standard","meta":{"_bbp_topic_count":0,"_bbp_reply_count":0,"_bbp_total_topic_count":0,"_bbp_total_reply_count":0,"_bbp_voice_count":0,"_bbp_anonymous_reply_count":0,"_bbp_topic_count_hidden":0,"_bbp_reply_count_hidden":0,"_bbp_forum_subforum_count":0,"footnotes":""},"categories":[1,29],"tags":[],"class_list":["post-4672","post","type-post","status-publish","format-standard","hentry","category-general","category-portada"],"post_mailing_queue_ids":[],"_links":{"self":[{"href":"https:\/\/agora.xtec.cat\/ies-castelldelquer-prats\/wp-json\/wp\/v2\/posts\/4672","targetHints":{"allow":["GET"]}}],"collection":[{"href":"https:\/\/agora.xtec.cat\/ies-castelldelquer-prats\/wp-json\/wp\/v2\/posts"}],"about":[{"href":"https:\/\/agora.xtec.cat\/ies-castelldelquer-prats\/wp-json\/wp\/v2\/types\/post"}],"author":[{"embeddable":true,"href":"https:\/\/agora.xtec.cat\/ies-castelldelquer-prats\/wp-json\/wp\/v2\/users\/7"}],"replies":[{"embeddable":true,"href":"https:\/\/agora.xtec.cat\/ies-castelldelquer-prats\/wp-json\/wp\/v2\/comments?post=4672"}],"version-history":[{"count":4,"href":"https:\/\/agora.xtec.cat\/ies-castelldelquer-prats\/wp-json\/wp\/v2\/posts\/4672\/revisions"}],"predecessor-version":[{"id":4685,"href":"https:\/\/agora.xtec.cat\/ies-castelldelquer-prats\/wp-json\/wp\/v2\/posts\/4672\/revisions\/4685"}],"wp:attachment":[{"href":"https:\/\/agora.xtec.cat\/ies-castelldelquer-prats\/wp-json\/wp\/v2\/media?parent=4672"}],"wp:term":[{"taxonomy":"category","embeddable":true,"href":"https:\/\/agora.xtec.cat\/ies-castelldelquer-prats\/wp-json\/wp\/v2\/categories?post=4672"},{"taxonomy":"post_tag","embeddable":true,"href":"https:\/\/agora.xtec.cat\/ies-castelldelquer-prats\/wp-json\/wp\/v2\/tags?post=4672"}],"curies":[{"name":"wp","href":"https:\/\/api.w.org\/{rel}","templated":true}]}}