{"id":4599,"date":"2024-04-29T11:46:14","date_gmt":"2024-04-29T09:46:14","guid":{"rendered":"https:\/\/agora.xtec.cat\/ies-castelldelquer-prats\/?p=4599"},"modified":"2024-04-29T11:46:14","modified_gmt":"2024-04-29T09:46:14","slug":"aina-riera-ex-alumna-de-linstitut-ens-explica-els-estudis-dhostaleria","status":"publish","type":"post","link":"https:\/\/agora.xtec.cat\/ies-castelldelquer-prats\/general\/aina-riera-ex-alumna-de-linstitut-ens-explica-els-estudis-dhostaleria\/","title":{"rendered":"AINA RIERA, EX-ALUMNA DE L\u2019INSTITUT ENS EXPLICA ELS ESTUDIS D\u2019HOSTALERIA"},"content":{"rendered":"<p><span style=\"font-weight: 400\">Sarai Sanmart\u00ed<\/span><\/p>\n<p><span style=\"font-weight: 400\">Alguns dels alumnes de 4t del curs passat han fet batxillerat, mentre que d\u2019altres han anat a altres escoles com \u00e9s el cas de l\u2019ex-alumna Aina Riera que, despr\u00e9s dels quatre anys d\u2019ESO, va decidir anar a L\u2019Escola d&#8217;Hostaleria d\u2019Osona, situada a Tona, a 37\u20196 km de Prats de Llu\u00e7an\u00e8s.<\/span><\/p>\n<p><span style=\"font-weight: 400\">En aquesta escola hi han m\u00e9s o menys 150 alumnes, que es reparteixen en set classes de 22 alumnes. Aquestes classes fan les seg\u00fcents assignatures: Angl\u00e8s, Preelaboraci\u00f3, T\u00e8cniques culin\u00e0ries, Mat\u00e8ries primeres, Pastisseria, Forneria, F.O.L. (Formaci\u00f3 i Orientaci\u00f3 Laboral) i, per acabar, Ofertes Gastron\u00f2miques.\u00a0<\/span><\/p>\n<p><span style=\"font-weight: 400\">L\u2019organitzaci\u00f3 del curs \u00e9s la seg\u00fcent: les notes es donen en tres trams com els trimestres i algunes son orientatives. Si no s\u2019ha acabat un tema no es pot puntuar. Tamb\u00e9 n\u2019hi ha de definitives, com per exemple angl\u00e8s. Si se\u2019n susp\u00e8n una, s\u2019ha de repetir. Respecte a abs\u00e8ncies, es pot faltar el 20% de les classes en tot el curs; si es supera aquest percentatge, s\u2019ha de repetir curs.<\/span><\/p>\n<p><span style=\"font-weight: 400\">Actualment els i les alumnes de l&#8217;Hostaleria estan fent un concurs on les fases depenen del m\u00f2dul en qu\u00e8 es trobin. Els m\u00f2duls se separen en diferents temes si suspens un tema has de repetir-lo. El concurs consta de les seg\u00fcents categories on pots triar quina de les dos fer: 1r i 2n de truita cl\u00e0ssica, de 1r i 2n de composta, i \u00fanic d\u2019originalitat. De l\u2019eliminat\u00f2ria va sortir guanyadora l\u2019ex-alumna Aina Riera.<\/span><\/p>\n<p><span style=\"font-weight: 400\">Des d\u2019aqu\u00ed li desitgem molta sort!<\/span><\/p>\n<p>&nbsp;<\/p>\n","protected":false},"excerpt":{"rendered":"<p>Sarai Sanmart\u00ed<br \/>\nAlguns dels alumnes de 4t del curs passat han fet batxillerat, mentre que d\u2019altres han anat a altres escoles com \u00e9s el cas de l\u2019ex-alumna Aina Riera que, despr\u00e9s dels quatre anys d\u2019ESO, va decidir anar a L\u2019Escola d&#8217;Hostaleria d\u2019Osona, situada a Tona, a&hellip;  <a href=\"https:\/\/agora.xtec.cat\/ies-castelldelquer-prats\/general\/aina-riera-ex-alumna-de-linstitut-ens-explica-els-estudis-dhostaleria\/\" title=\"Read AINA RIERA, EX-ALUMNA DE L\u2019INSTITUT ENS EXPLICA ELS ESTUDIS D\u2019HOSTALERIA\">Llegeix m\u00e9s\u00bb<\/a><\/p>\n","protected":false},"author":7,"featured_media":0,"comment_status":"closed","ping_status":"closed","sticky":false,"template":"","format":"standard","meta":{"_bbp_topic_count":0,"_bbp_reply_count":0,"_bbp_total_topic_count":0,"_bbp_total_reply_count":0,"_bbp_voice_count":0,"_bbp_anonymous_reply_count":0,"_bbp_topic_count_hidden":0,"_bbp_reply_count_hidden":0,"_bbp_forum_subforum_count":0,"footnotes":""},"categories":[1,29],"tags":[],"class_list":["post-4599","post","type-post","status-publish","format-standard","hentry","category-general","category-portada"],"post_mailing_queue_ids":[],"_links":{"self":[{"href":"https:\/\/agora.xtec.cat\/ies-castelldelquer-prats\/wp-json\/wp\/v2\/posts\/4599","targetHints":{"allow":["GET"]}}],"collection":[{"href":"https:\/\/agora.xtec.cat\/ies-castelldelquer-prats\/wp-json\/wp\/v2\/posts"}],"about":[{"href":"https:\/\/agora.xtec.cat\/ies-castelldelquer-prats\/wp-json\/wp\/v2\/types\/post"}],"author":[{"embeddable":true,"href":"https:\/\/agora.xtec.cat\/ies-castelldelquer-prats\/wp-json\/wp\/v2\/users\/7"}],"replies":[{"embeddable":true,"href":"https:\/\/agora.xtec.cat\/ies-castelldelquer-prats\/wp-json\/wp\/v2\/comments?post=4599"}],"version-history":[{"count":1,"href":"https:\/\/agora.xtec.cat\/ies-castelldelquer-prats\/wp-json\/wp\/v2\/posts\/4599\/revisions"}],"predecessor-version":[{"id":4600,"href":"https:\/\/agora.xtec.cat\/ies-castelldelquer-prats\/wp-json\/wp\/v2\/posts\/4599\/revisions\/4600"}],"wp:attachment":[{"href":"https:\/\/agora.xtec.cat\/ies-castelldelquer-prats\/wp-json\/wp\/v2\/media?parent=4599"}],"wp:term":[{"taxonomy":"category","embeddable":true,"href":"https:\/\/agora.xtec.cat\/ies-castelldelquer-prats\/wp-json\/wp\/v2\/categories?post=4599"},{"taxonomy":"post_tag","embeddable":true,"href":"https:\/\/agora.xtec.cat\/ies-castelldelquer-prats\/wp-json\/wp\/v2\/tags?post=4599"}],"curies":[{"name":"wp","href":"https:\/\/api.w.org\/{rel}","templated":true}]}}