{"id":4533,"date":"2024-04-05T11:40:39","date_gmt":"2024-04-05T09:40:39","guid":{"rendered":"https:\/\/agora.xtec.cat\/ies-castelldelquer-prats\/?p=4533"},"modified":"2024-04-05T11:40:56","modified_gmt":"2024-04-05T09:40:56","slug":"uns-grans-admiradors-dels-cavalls","status":"publish","type":"post","link":"https:\/\/agora.xtec.cat\/ies-castelldelquer-prats\/portada\/uns-grans-admiradors-dels-cavalls\/","title":{"rendered":"Uns grans admiradors dels cavalls"},"content":{"rendered":"<p><span style=\"font-weight: 400\">\u00a0Gil Gorchs i Odette Rios<\/span><\/p>\n<p><b>ROBERT D\u00cdEZ &#8211; FERRADOR<\/b><\/p>\n<p><span style=\"font-weight: 400\">Robert D\u00edez, fill de Prats de Llu\u00e7an\u00e8s i resident a Perafita, \u00e9s un gran ferrador de cavalls. Es va iniciar en el m\u00f3n dels cavalls als 17 anys, quan estava fent batxillerat \u00e8poca en la qual va escollir com a treball de recerca\u00a0 el tema dels ferradors de cavalls, que cada vegada l\u2019entusiasmava m\u00e9s, fins al punt que va plantejar-se si estudiar veterin\u00e0ria o encaminar el seu futur cap al m\u00f3n dels ferradors de cavalls. Finalment va decidir-se per aquest \u00faltim en saber la nota del TR: un 9,5.<\/span><\/p>\n<p><span style=\"font-weight: 400\">Aix\u00ed doncs, va escollir l\u2019Escola de Ferradors de Barcelona com a centre de formaci\u00f3, una escola de gran renom a l\u2019\u00e8poca. Va rebre formaci\u00f3 de la m\u00e0 de Mart\u00ed Sala, que en aquell moment ferrava els cavalls d\u2019en Ramon Serrat a Olost, on ell de petit anava a muntar a cavall, i va ser ell que va ajudar-lo a apuntarse en aquesta escola, a ser un gran estudiant i un gran treballador. Tamb\u00e9 va aprendre molt de M\u00f2nica Soler, ferradora formada a Anglaterra.<\/span><\/p>\n<p><span style=\"font-weight: 400\">La feina de ferrador l\u2019ha portat a despla\u00e7ar-se molt: durant 14 anys va ser el ferrador de la Gu\u00e0rdia Urbana de Barcelona, i va estar ferrant molts cavalls de salt i de doma. Mica en mica va poder anar afegint clients que realment sempre li han estat molt bons. Tamb\u00e9 es despla\u00e7a sovint a Dubai, Fran\u00e7a i Qatar.<\/span><\/p>\n<p><span style=\"font-weight: 400\">A banda d\u2019aquestes importants tasques, tamb\u00e9 es dedica a formar joves ferradors, per tal que aprenguin la seva feina de manera impecable i esdevinguin molts bons professionals. D\u00edez afegeix que, en aquesta feina cal tenir un f\u00edsic bo, ja que cal controlar molt b\u00e9 la for\u00e7a dels cavalls, ja que sovint, en ferrar-los, es posen nerviosos i poden lesionar el ferrador; cal tenir present que tots els cavalls s\u00f3n dfierents i, per tant, la feina no \u00e9s f\u00e0cil.<\/span><\/p>\n<p><span style=\"font-weight: 400\">Actualment, D\u00edez est\u00e0 aconseguint un gran objectiu que \u00e9s convertir Vilaltella -casa seva- en un centre d\u2019alt rendiment de cavalls, on continua fent de ferrador i, a m\u00e9s,\u00a0 disposi de cavalls per entrenar.<\/span><\/p>\n<p><span style=\"font-weight: 400\">Per acabar, D\u00edez recorda encara avui la seva etapa formativa a Barcelona: \u201c<\/span><i><span style=\"font-weight: 400\">Vaig passar una inf\u00e0ncia molt maca a una escola de Barcelona, amb grans amistats.I moments molt macos tallant els cascos del burrus, ferrant cavalls perxerons i anant de festa, i, a sopar amb els companys. Va ser una molt bona etapa de la meva vida<\/span><\/i><span style=\"font-weight: 400\">.\u201d<\/span><\/p>\n<p><b>J\u00daLIA MONTAGN\u00c9 &#8211; CORREDORA DE CAVALLS<\/b><\/p>\n<p><span style=\"font-weight: 400\">J\u00falia Montagn\u00e9 una gran corredora de cavalls, que va comen\u00e7ar en tot aquest m\u00f3n als 12 anys, amb ponis. El que m\u00e9s li agrada de la seva professi\u00f3 \u00e9s entrenar, cuidar, trobar el millor de cada cavall\u00a0 i competir-hi. Ella entrena set hores al dia, menys el diumenge, que n\u2019entrena dues, i el que m\u00e9s li motiva \u00e9s llevar-se cada dia al mat\u00ed, i veure tots els cavalls esperant-la perqu\u00e8 els posi menjar, amb les vistes de la muntanya. Per poder-se dedicar a aix\u00f2, va haver d\u2019estudiar el Baccalaur\u00e9at franc\u00e8s i cient\u00edfic, i despr\u00e9s va fer un BTS ACSE,\u00a0 a Fran\u00e7a, que \u00e9s una llic\u00e8ncia d&#8217;agricultura per aprendre a gestionar empreses agr\u00edcoles.\u00a0<\/span><\/p>\n<p><span style=\"font-weight: 400\">Sobre els entrenaments dels cavalls, ens ha explicat que els entrena en diferents pistes de muntanya o sorra, per galopar, i cada cavall necessita un entrenament personal, depenent de la seva edat i el seu nivell. Tamb\u00e9 ens ha explicat que els cavalls que li agraden m\u00e9s muntar s\u00f3n el <\/span><span style=\"font-weight: 400\">Batanga de Beders, perqu\u00e8 \u00e9s el primer que la va fer somiar i guanyar carreres i Ranjy Vilaltella, perqu\u00e8 el va criar a casa, i es seu.<\/span><\/p>\n<p><span style=\"font-weight: 400\">Sobre els pa\u00efsos on ha competit, ens ha explicat que els llunyans on ha anat han estat <\/span><span style=\"font-weight: 400\">Xile (Santiago de Xile), Ar\u00e0bia saudita (Al Ula) i els Emirats \u00c0rabs (Dubai).<\/span><\/p>\n<p><span style=\"font-weight: 400\">Sobre els premis que ha guanyat, ha estat campiona de Fran\u00e7a amb l\u2019AMIN B, i tres anys seguits primera del r\u00e0nquing mundial.\u00a0<\/span><\/p>\n<p><span style=\"font-weight: 400\">Finalment, ens va explicar una an\u00e8cdota que diu \u201c<\/span><i><span style=\"font-weight: 400\">Aquest any he corregut a Al ula, amb un cavall nostre, l\u2019Elmer de Bozouls. Va ser una experi\u00e8ncia incre\u00efble, perqu\u00e8 vaig estar corrent enmig d&#8217;un desert magn\u00edfic, al mig de la naturalesa i ple camells, i a m\u00e9s a m\u00e9s el cavall va acabar primer europeu (15\/200)<\/span><\/i><span style=\"font-weight: 400\">\u201d<\/span><\/p>\n<p><a href=\"https:\/\/agora.xtec.cat\/ies-castelldelquer-prats\/wp-content\/uploads\/usu2163\/2024\/04\/PHOTO-2024-03-22-14-32-13-1-1.jpg\"><img loading=\"lazy\" decoding=\"async\" class=\"alignnone wp-image-4537\" src=\"https:\/\/agora.xtec.cat\/ies-castelldelquer-prats\/wp-content\/uploads\/usu2163\/2024\/04\/PHOTO-2024-03-22-14-32-13-1-1-768x1024.jpg\" alt=\"\" width=\"310\" height=\"413\" srcset=\"https:\/\/agora.xtec.cat\/ies-castelldelquer-prats\/wp-content\/uploads\/usu2163\/2024\/04\/PHOTO-2024-03-22-14-32-13-1-1-768x1024.jpg 768w, https:\/\/agora.xtec.cat\/ies-castelldelquer-prats\/wp-content\/uploads\/usu2163\/2024\/04\/PHOTO-2024-03-22-14-32-13-1-1-225x300.jpg 225w, https:\/\/agora.xtec.cat\/ies-castelldelquer-prats\/wp-content\/uploads\/usu2163\/2024\/04\/PHOTO-2024-03-22-14-32-13-1-1-1152x1536.jpg 1152w, https:\/\/agora.xtec.cat\/ies-castelldelquer-prats\/wp-content\/uploads\/usu2163\/2024\/04\/PHOTO-2024-03-22-14-32-13-1-1.jpg 1200w\" sizes=\"auto, (max-width: 310px) 100vw, 310px\" \/><\/a><a href=\"https:\/\/agora.xtec.cat\/ies-castelldelquer-prats\/wp-content\/uploads\/usu2163\/2024\/04\/PHOTO-2024-03-22-14-32-13.jpg\"><img loading=\"lazy\" decoding=\"async\" class=\"alignnone wp-image-4535\" src=\"https:\/\/agora.xtec.cat\/ies-castelldelquer-prats\/wp-content\/uploads\/usu2163\/2024\/04\/PHOTO-2024-03-22-14-32-13-768x1024.jpg\" alt=\"\" width=\"310\" height=\"414\" srcset=\"https:\/\/agora.xtec.cat\/ies-castelldelquer-prats\/wp-content\/uploads\/usu2163\/2024\/04\/PHOTO-2024-03-22-14-32-13-768x1024.jpg 768w, https:\/\/agora.xtec.cat\/ies-castelldelquer-prats\/wp-content\/uploads\/usu2163\/2024\/04\/PHOTO-2024-03-22-14-32-13-225x300.jpg 225w, https:\/\/agora.xtec.cat\/ies-castelldelquer-prats\/wp-content\/uploads\/usu2163\/2024\/04\/PHOTO-2024-03-22-14-32-13-1152x1536.jpg 1152w, https:\/\/agora.xtec.cat\/ies-castelldelquer-prats\/wp-content\/uploads\/usu2163\/2024\/04\/PHOTO-2024-03-22-14-32-13.jpg 1200w\" sizes=\"auto, (max-width: 310px) 100vw, 310px\" \/><\/a><\/p>\n<p>&nbsp;<\/p>\n","protected":false},"excerpt":{"rendered":"<p>\u00a0Gil Gorchs i Odette Rios<br \/>\nROBERT D\u00cdEZ &#8211; FERRADOR<br \/>\nRobert D\u00edez, fill de Prats de Llu\u00e7an\u00e8s i resident a Perafita, \u00e9s un gran ferrador de cavalls. Es va iniciar en el m\u00f3n dels cavalls als 17 anys, quan estava fent batxillerat \u00e8poca en la qual va escollir&hellip;  <a href=\"https:\/\/agora.xtec.cat\/ies-castelldelquer-prats\/portada\/uns-grans-admiradors-dels-cavalls\/\" title=\"Read Uns grans admiradors dels cavalls\">Llegeix m\u00e9s\u00bb<\/a><\/p>\n","protected":false},"author":7,"featured_media":4536,"comment_status":"closed","ping_status":"closed","sticky":false,"template":"","format":"standard","meta":{"_bbp_topic_count":0,"_bbp_reply_count":0,"_bbp_total_topic_count":0,"_bbp_total_reply_count":0,"_bbp_voice_count":0,"_bbp_anonymous_reply_count":0,"_bbp_topic_count_hidden":0,"_bbp_reply_count_hidden":0,"_bbp_forum_subforum_count":0,"footnotes":""},"categories":[201,29],"tags":[],"class_list":["post-4533","post","type-post","status-publish","format-standard","has-post-thumbnail","hentry","category-joves-reporters","category-portada"],"post_mailing_queue_ids":[],"_links":{"self":[{"href":"https:\/\/agora.xtec.cat\/ies-castelldelquer-prats\/wp-json\/wp\/v2\/posts\/4533","targetHints":{"allow":["GET"]}}],"collection":[{"href":"https:\/\/agora.xtec.cat\/ies-castelldelquer-prats\/wp-json\/wp\/v2\/posts"}],"about":[{"href":"https:\/\/agora.xtec.cat\/ies-castelldelquer-prats\/wp-json\/wp\/v2\/types\/post"}],"author":[{"embeddable":true,"href":"https:\/\/agora.xtec.cat\/ies-castelldelquer-prats\/wp-json\/wp\/v2\/users\/7"}],"replies":[{"embeddable":true,"href":"https:\/\/agora.xtec.cat\/ies-castelldelquer-prats\/wp-json\/wp\/v2\/comments?post=4533"}],"version-history":[{"count":1,"href":"https:\/\/agora.xtec.cat\/ies-castelldelquer-prats\/wp-json\/wp\/v2\/posts\/4533\/revisions"}],"predecessor-version":[{"id":4538,"href":"https:\/\/agora.xtec.cat\/ies-castelldelquer-prats\/wp-json\/wp\/v2\/posts\/4533\/revisions\/4538"}],"wp:featuredmedia":[{"embeddable":true,"href":"https:\/\/agora.xtec.cat\/ies-castelldelquer-prats\/wp-json\/wp\/v2\/media\/4536"}],"wp:attachment":[{"href":"https:\/\/agora.xtec.cat\/ies-castelldelquer-prats\/wp-json\/wp\/v2\/media?parent=4533"}],"wp:term":[{"taxonomy":"category","embeddable":true,"href":"https:\/\/agora.xtec.cat\/ies-castelldelquer-prats\/wp-json\/wp\/v2\/categories?post=4533"},{"taxonomy":"post_tag","embeddable":true,"href":"https:\/\/agora.xtec.cat\/ies-castelldelquer-prats\/wp-json\/wp\/v2\/tags?post=4533"}],"curies":[{"name":"wp","href":"https:\/\/api.w.org\/{rel}","templated":true}]}}